{"id":6231,"date":"2022-05-02T05:46:10","date_gmt":"2022-05-02T03:46:10","guid":{"rendered":"https:\/\/msphotographics.de\/?p=6231"},"modified":"2024-04-28T02:59:33","modified_gmt":"2024-04-28T00:59:33","slug":"ein-wochenende-am-bodensee","status":"publish","type":"post","link":"https:\/\/msphotographics.de\/de\/ein-wochenende-am-bodensee\/","title":{"rendered":"Ein Wochenende am Bodensee"},"content":{"rendered":"<p>[et_pb_section fb_built=&#8220;1&#8243; _builder_version=&#8220;4.16&#8243; _module_preset=&#8220;default&#8220; global_colors_info=&#8220;{}&#8220; theme_builder_area=&#8220;post_content&#8220;][et_pb_row _builder_version=&#8220;4.16&#8243; _module_preset=&#8220;default&#8220; global_colors_info=&#8220;{}&#8220; theme_builder_area=&#8220;post_content&#8220;][et_pb_column type=&#8220;4_4&#8243; _builder_version=&#8220;4.16&#8243; _module_preset=&#8220;default&#8220; global_colors_info=&#8220;{}&#8220; theme_builder_area=&#8220;post_content&#8220;][et_pb_text _builder_version=&#8220;4.17.1&#8243; _module_preset=&#8220;default&#8220; header_font=&#8220;Roboto|700|||||||&#8220; header_2_font=&#8220;Roboto|700|||||||&#8220; header_3_font=&#8220;Roboto|700|||||||&#8220; global_colors_info=&#8220;{}&#8220; theme_builder_area=&#8220;post_content&#8220;]<\/p>\n<h3>Wochenendausflug an den Bodensee &#8211; Reiseplanung:<\/h3>\n<p>[\/et_pb_text][et_pb_text _builder_version=&#8220;4.17.4&#8243; _module_preset=&#8220;default&#8220; text_font=&#8220;Roboto|500|||||||&#8220; text_font_size=&#8220;16px&#8220; custom_padding=&#8220;0px|||||&#8220; global_colors_info=&#8220;{}&#8220; theme_builder_area=&#8220;post_content&#8220;]<\/p>\n<p>Der <a href=\"https:\/\/www.bodensee.de\/\">Bodensee<\/a> ist das drittgr\u00f6\u00dfte Binnengew\u00e4sser in Mitteleuropa und verbindet drei L\u00e4nder, <a href=\"https:\/\/msphotographics.de\/de\/category\/reisen\/europa\/deutschland\/\">Deutschland<\/a>, \u00d6sterreich und die Schweiz. Die Bodenseeregion ist ganzj\u00e4hrig ein beliebtes Ausflugs- und Reiseziel.<\/p>\n<p>Der Bodensee hat eine ganze Menge zu bieten. Wir haben uns f\u00fcr das Wochenende vorgenommen, die Stadt Meersburg, die Insel Mainau und die Pfahlbauten in Unteruhldingen zu besuchen.<\/p>\n<p>[\/et_pb_text][\/et_pb_column][\/et_pb_row][et_pb_row _builder_version=&#8220;4.16&#8243; _module_preset=&#8220;default&#8220; global_colors_info=&#8220;{}&#8220; theme_builder_area=&#8220;post_content&#8220;][et_pb_column type=&#8220;4_4&#8243; _builder_version=&#8220;4.16&#8243; _module_preset=&#8220;default&#8220; global_colors_info=&#8220;{}&#8220; theme_builder_area=&#8220;post_content&#8220;][et_pb_text _builder_version=&#8220;4.17.1&#8243; _module_preset=&#8220;default&#8220; header_font=&#8220;Roboto|700|||||||&#8220; header_2_font=&#8220;Roboto|700|||||||&#8220; header_3_font=&#8220;Roboto|700|||||||&#8220; global_colors_info=&#8220;{}&#8220; theme_builder_area=&#8220;post_content&#8220;]<\/p>\n<h3>Ankunft in Meersburg:<\/h3>\n<p>[\/et_pb_text][dsm_embed_google_map address=&#8220;Meersburg Bodensee&#8220; zoom=&#8220;9&#8243; _builder_version=&#8220;4.17.1&#8243; _module_preset=&#8220;default&#8220; width=&#8220;%22600%22&#8243; border_radii=&#8220;on|8px|8px|8px|8px&#8220; box_shadow_style=&#8220;preset3&#8243; box_shadow_vertical=&#8220;16px&#8220; box_shadow_blur=&#8220;96px&#8220; box_shadow_spread=&#8220;-24px&#8220; global_colors_info=&#8220;{}&#8220; theme_builder_area=&#8220;post_content&#8220;][\/dsm_embed_google_map][et_pb_text _builder_version=&#8220;4.17.3&#8243; _module_preset=&#8220;default&#8220; text_font=&#8220;Roboto|500|||||||&#8220; text_font_size=&#8220;16px&#8220; custom_padding=&#8220;0px|||||&#8220; global_colors_info=&#8220;{}&#8220; theme_builder_area=&#8220;post_content&#8220;]Ausgangspunkt unseres Ausflugs ist die Kleinstadt <a href=\"https:\/\/www.bodensee.de\/region\/obersee-friedrichshafen-lindau\/meersburg\">Meersburg<\/a>, welche mittig am n\u00f6rdlichen Ufer des Bodensees liegt. Meersburg kann sowohl mit dem eigenen Auto, als auch mit \u00f6ffentlichen Verkehrsmitteln erreicht werden.<\/p>\n<p>Meersburg bietet zahlreiche Hotels und Ferienwohnungen. F\u00fcr die Dauer unseres Aufenthalts haben wir das <a href=\"https:\/\/www.booking.com\/hotel\/de\/jufa-meersburg.de.html?aid=304142&amp;label=gen173nr-1FCAEoggI46AdIM1gEaFCIAQGYAQe4ARfIAQ_YAQHoAQH4AQuIAgGoAgO4ArmMiJMGwAIB0gIkOTA4Y2JlZTktZDJiZC00OTA5LTk1YjgtNjU3NWMwM2I3MGUz2AIG4AIB&amp;sid=4530d28debe332d090acab21fef81478&amp;dest_id=328310;dest_type=hotel;dist=0;group_adults=2;group_children=0;hapos=1;hpos=1;no_rooms=1;req_adults=2;req_children=0;room1=A%2CA;sb_price_type=total;sr_order=popularity;srepoch=1650591584;srpvid=581e0baff071020d;type=total;ucfs=1&amp;#hotelTmpl\">JUFA Hotel Meersburg am Bodensee<\/a> gebucht. Die Sehensw\u00fcrdigkeiten, sowie der Hafen sind zu Fu\u00df in wenigen Minuten erreichbar.[\/et_pb_text][\/et_pb_column][\/et_pb_row][et_pb_row _builder_version=&#8220;4.16&#8243; _module_preset=&#8220;default&#8220; global_colors_info=&#8220;{}&#8220; theme_builder_area=&#8220;post_content&#8220;][et_pb_column type=&#8220;4_4&#8243; _builder_version=&#8220;4.16&#8243; _module_preset=&#8220;default&#8220; global_colors_info=&#8220;{}&#8220; theme_builder_area=&#8220;post_content&#8220;][et_pb_image src=&#8220;https:\/\/msphotographics.de\/wp-content\/uploads\/2022\/04\/IMG_7103.jpg&#8220; title_text=&#8220;IMG_7103&#8243; show_in_lightbox=&#8220;on&#8220; use_overlay=&#8220;on&#8220; overlay_icon_color=&#8220;#000000&#8243; hover_overlay_color=&#8220;rgba(0,0,0,0.2)&#8220; _builder_version=&#8220;4.17.1&#8243; border_radii=&#8220;on|8px|8px|8px|8px&#8220; box_shadow_style=&#8220;preset3&#8243; box_shadow_vertical=&#8220;16px&#8220; box_shadow_blur=&#8220;96px&#8220; box_shadow_spread=&#8220;-24px&#8220; global_colors_info=&#8220;{}&#8220; theme_builder_area=&#8220;post_content&#8220;][\/et_pb_image][\/et_pb_column][\/et_pb_row][et_pb_row _builder_version=&#8220;4.16&#8243; _module_preset=&#8220;default&#8220; global_colors_info=&#8220;{}&#8220; theme_builder_area=&#8220;post_content&#8220;][et_pb_column type=&#8220;4_4&#8243; _builder_version=&#8220;4.16&#8243; _module_preset=&#8220;default&#8220; global_colors_info=&#8220;{}&#8220; theme_builder_area=&#8220;post_content&#8220;][et_pb_text _builder_version=&#8220;4.17.1&#8243; _module_preset=&#8220;default&#8220; header_font=&#8220;Roboto|700|||||||&#8220; header_2_font=&#8220;Roboto|700|||||||&#8220; header_3_font=&#8220;Roboto|700|||||||&#8220; global_colors_info=&#8220;{}&#8220; theme_builder_area=&#8220;post_content&#8220;]<\/p>\n<h3>Die Blumeninsel Mainau:<\/h3>\n<p>[\/et_pb_text][dsm_embed_google_map address=&#8220;Insel Mainau Bodensee&#8220; zoom=&#8220;12&#8243; _builder_version=&#8220;4.17.1&#8243; _module_preset=&#8220;default&#8220; width=&#8220;%22600%22&#8243; border_radii=&#8220;on|8px|8px|8px|8px&#8220; box_shadow_style=&#8220;preset3&#8243; box_shadow_vertical=&#8220;16px&#8220; box_shadow_blur=&#8220;96px&#8220; box_shadow_spread=&#8220;-24px&#8220; global_colors_info=&#8220;{}&#8220; theme_builder_area=&#8220;post_content&#8220;][\/dsm_embed_google_map][et_pb_text _builder_version=&#8220;4.17.3&#8243; _module_preset=&#8220;default&#8220; text_font=&#8220;Roboto|500|||||||&#8220; text_font_size=&#8220;16px&#8220; custom_padding=&#8220;0px|||||&#8220; global_colors_info=&#8220;{}&#8220; theme_builder_area=&#8220;post_content&#8220;]<\/p>\n<p>Von Meersburg aus erreicht man die wegen ihrer Bepflanzung auch Blumeninsel genannte <a href=\"https:\/\/www.bodensee.de\/ausflugsziele\/insel-mainau\">Insel Mainau<\/a> bequem mit der F\u00e4hre oder einem Ausflugsschiff.<\/p>\n<p>Alternativ ist die Insel Mainau \u00fcber den Landweg, von Konstanz oder Singen aus, erreichbar. Weil auf der Insel Fahrzeuge nicht erlaubt sind, stehen meist geb\u00fchrenpflichtige Parkm\u00f6glichkeiten zur Verf\u00fcgung.<\/p>\n<p>F\u00fcr einen Besuch der Insel ist ein Tag ausreichend.<\/p>\n<p>[\/et_pb_text][\/et_pb_column][\/et_pb_row][et_pb_row column_structure=&#8220;1_2,1_2&#8243; _builder_version=&#8220;4.16&#8243; _module_preset=&#8220;default&#8220; global_colors_info=&#8220;{}&#8220; theme_builder_area=&#8220;post_content&#8220;][et_pb_column type=&#8220;1_2&#8243; _builder_version=&#8220;4.16&#8243; _module_preset=&#8220;default&#8220; global_colors_info=&#8220;{}&#8220; theme_builder_area=&#8220;post_content&#8220;][et_pb_image src=&#8220;https:\/\/msphotographics.de\/wp-content\/uploads\/2022\/04\/IMG_7142.jpg&#8220; title_text=&#8220;IMG_7142&#8243; show_in_lightbox=&#8220;on&#8220; use_overlay=&#8220;on&#8220; overlay_icon_color=&#8220;#000000&#8243; hover_overlay_color=&#8220;rgba(0,0,0,0.2)&#8220; _builder_version=&#8220;4.17.1&#8243; border_radii=&#8220;on|8px|8px|8px|8px&#8220; box_shadow_style=&#8220;preset3&#8243; box_shadow_vertical=&#8220;16px&#8220; box_shadow_blur=&#8220;96px&#8220; box_shadow_spread=&#8220;-24px&#8220; global_colors_info=&#8220;{}&#8220; theme_builder_area=&#8220;post_content&#8220;][\/et_pb_image][\/et_pb_column][et_pb_column type=&#8220;1_2&#8243; _builder_version=&#8220;4.16&#8243; _module_preset=&#8220;default&#8220; global_colors_info=&#8220;{}&#8220; theme_builder_area=&#8220;post_content&#8220;][et_pb_image src=&#8220;https:\/\/msphotographics.de\/wp-content\/uploads\/2022\/04\/IMG_7205.jpg&#8220; title_text=&#8220;IMG_7205&#8243; show_in_lightbox=&#8220;on&#8220; use_overlay=&#8220;on&#8220; overlay_icon_color=&#8220;#000000&#8243; hover_overlay_color=&#8220;rgba(0,0,0,0.2)&#8220; _builder_version=&#8220;4.17.1&#8243; border_radii=&#8220;on|8px|8px|8px|8px&#8220; box_shadow_style=&#8220;preset3&#8243; box_shadow_vertical=&#8220;16px&#8220; box_shadow_blur=&#8220;96px&#8220; box_shadow_spread=&#8220;-24px&#8220; global_colors_info=&#8220;{}&#8220; theme_builder_area=&#8220;post_content&#8220;][\/et_pb_image][et_pb_image src=&#8220;https:\/\/msphotographics.de\/wp-content\/uploads\/2022\/04\/IMG_7365.jpg&#8220; title_text=&#8220;IMG_7365&#8243; show_in_lightbox=&#8220;on&#8220; use_overlay=&#8220;on&#8220; overlay_icon_color=&#8220;#000000&#8243; hover_overlay_color=&#8220;rgba(0,0,0,0.2)&#8220; _builder_version=&#8220;4.17.1&#8243; custom_margin=&#8220;76px||||false|false&#8220; border_radii=&#8220;on|8px|8px|8px|8px&#8220; box_shadow_style=&#8220;preset3&#8243; box_shadow_vertical=&#8220;16px&#8220; box_shadow_blur=&#8220;96px&#8220; box_shadow_spread=&#8220;-24px&#8220; global_colors_info=&#8220;{}&#8220; theme_builder_area=&#8220;post_content&#8220;][\/et_pb_image][\/et_pb_column][\/et_pb_row][et_pb_row _builder_version=&#8220;4.16&#8243; _module_preset=&#8220;default&#8220; global_colors_info=&#8220;{}&#8220; theme_builder_area=&#8220;post_content&#8220;][et_pb_column type=&#8220;4_4&#8243; _builder_version=&#8220;4.16&#8243; _module_preset=&#8220;default&#8220; global_colors_info=&#8220;{}&#8220; theme_builder_area=&#8220;post_content&#8220;][et_pb_text _builder_version=&#8220;4.17.3&#8243; _module_preset=&#8220;default&#8220; text_font=&#8220;Roboto||||||||&#8220; text_font_size=&#8220;16px&#8220; global_colors_info=&#8220;{}&#8220; theme_builder_area=&#8220;post_content&#8220;]Auf der Insel wird man von verschiedenen, teils dreidimensionalen Blumenarrangements empfangen. Saisonal werden die Anpflanzungen immer wieder ver\u00e4ndert.<\/p>\n<p>Eine Landkarte aus Bl\u00fcten zeigt den Bodensee und die anliegenden St\u00e4dte und Ortschaften.[\/et_pb_text][\/et_pb_column][\/et_pb_row][et_pb_row column_structure=&#8220;1_2,1_2&#8243; _builder_version=&#8220;4.16&#8243; _module_preset=&#8220;default&#8220; global_colors_info=&#8220;{}&#8220; theme_builder_area=&#8220;post_content&#8220;][et_pb_column type=&#8220;1_2&#8243; _builder_version=&#8220;4.16&#8243; _module_preset=&#8220;default&#8220; global_colors_info=&#8220;{}&#8220; theme_builder_area=&#8220;post_content&#8220;][et_pb_image src=&#8220;https:\/\/msphotographics.de\/wp-content\/uploads\/2022\/04\/IMG_7240.jpg&#8220; title_text=&#8220;IMG_7240&#8243; show_in_lightbox=&#8220;on&#8220; use_overlay=&#8220;on&#8220; overlay_icon_color=&#8220;#000000&#8243; hover_overlay_color=&#8220;rgba(0,0,0,0.2)&#8220; _builder_version=&#8220;4.17.1&#8243; border_radii=&#8220;on|8px|8px|8px|8px&#8220; box_shadow_style=&#8220;preset3&#8243; box_shadow_vertical=&#8220;16px&#8220; box_shadow_blur=&#8220;96px&#8220; box_shadow_spread=&#8220;-24px&#8220; global_colors_info=&#8220;{}&#8220; theme_builder_area=&#8220;post_content&#8220;][\/et_pb_image][\/et_pb_column][et_pb_column type=&#8220;1_2&#8243; _builder_version=&#8220;4.16&#8243; _module_preset=&#8220;default&#8220; global_colors_info=&#8220;{}&#8220; theme_builder_area=&#8220;post_content&#8220;][et_pb_image src=&#8220;https:\/\/msphotographics.de\/wp-content\/uploads\/2022\/04\/IMG_7212.jpg&#8220; title_text=&#8220;IMG_7212&#8243; show_in_lightbox=&#8220;on&#8220; use_overlay=&#8220;on&#8220; overlay_icon_color=&#8220;#000000&#8243; hover_overlay_color=&#8220;rgba(0,0,0,0.2)&#8220; _builder_version=&#8220;4.17.1&#8243; border_radii=&#8220;on|8px|8px|8px|8px&#8220; box_shadow_style=&#8220;preset3&#8243; box_shadow_vertical=&#8220;16px&#8220; box_shadow_blur=&#8220;96px&#8220; box_shadow_spread=&#8220;-24px&#8220; global_colors_info=&#8220;{}&#8220; theme_builder_area=&#8220;post_content&#8220;][\/et_pb_image][\/et_pb_column][\/et_pb_row][et_pb_row _builder_version=&#8220;4.16&#8243; _module_preset=&#8220;default&#8220; global_colors_info=&#8220;{}&#8220; theme_builder_area=&#8220;post_content&#8220;][et_pb_column type=&#8220;4_4&#8243; _builder_version=&#8220;4.16&#8243; _module_preset=&#8220;default&#8220; global_colors_info=&#8220;{}&#8220; theme_builder_area=&#8220;post_content&#8220;][et_pb_text _builder_version=&#8220;4.17.3&#8243; _module_preset=&#8220;default&#8220; text_font=&#8220;Roboto||||||||&#8220; text_font_size=&#8220;16px&#8220; global_colors_info=&#8220;{}&#8220; theme_builder_area=&#8220;post_content&#8220;]Die abwechslungsreich gestaltete Bepflanzung, sowie verschiedene Attraktionen f\u00fcr kleine und gro\u00dfe Besucher, sorgen f\u00fcr einen kurzweiligen Besuch.[\/et_pb_text][\/et_pb_column][\/et_pb_row][et_pb_row column_structure=&#8220;1_2,1_2&#8243; _builder_version=&#8220;4.17.1&#8243; _module_preset=&#8220;default&#8220; global_colors_info=&#8220;{}&#8220; theme_builder_area=&#8220;post_content&#8220;][et_pb_column type=&#8220;1_2&#8243; _builder_version=&#8220;4.16&#8243; _module_preset=&#8220;default&#8220; global_colors_info=&#8220;{}&#8220; theme_builder_area=&#8220;post_content&#8220;][et_pb_image src=&#8220;https:\/\/msphotographics.de\/wp-content\/uploads\/2022\/04\/IMG_7294.jpg&#8220; title_text=&#8220;IMG_7294&#8243; show_in_lightbox=&#8220;on&#8220; use_overlay=&#8220;on&#8220; overlay_icon_color=&#8220;#000000&#8243; hover_overlay_color=&#8220;rgba(0,0,0,0.2)&#8220; _builder_version=&#8220;4.17.1&#8243; border_radii=&#8220;on|8px|8px|8px|8px&#8220; box_shadow_style=&#8220;preset3&#8243; box_shadow_vertical=&#8220;16px&#8220; box_shadow_blur=&#8220;96px&#8220; box_shadow_spread=&#8220;-24px&#8220; global_colors_info=&#8220;{}&#8220; theme_builder_area=&#8220;post_content&#8220;][\/et_pb_image][\/et_pb_column][et_pb_column type=&#8220;1_2&#8243; _builder_version=&#8220;4.16&#8243; _module_preset=&#8220;default&#8220; global_colors_info=&#8220;{}&#8220; theme_builder_area=&#8220;post_content&#8220;][et_pb_image src=&#8220;https:\/\/msphotographics.de\/wp-content\/uploads\/2022\/04\/IMG_7454.jpg&#8220; title_text=&#8220;IMG_7454&#8243; show_in_lightbox=&#8220;on&#8220; use_overlay=&#8220;on&#8220; overlay_icon_color=&#8220;#000000&#8243; hover_overlay_color=&#8220;rgba(0,0,0,0.2)&#8220; _builder_version=&#8220;4.17.1&#8243; border_radii=&#8220;on|8px|8px|8px|8px&#8220; box_shadow_style=&#8220;preset3&#8243; box_shadow_vertical=&#8220;16px&#8220; box_shadow_blur=&#8220;96px&#8220; box_shadow_spread=&#8220;-24px&#8220; global_colors_info=&#8220;{}&#8220; theme_builder_area=&#8220;post_content&#8220;][\/et_pb_image][\/et_pb_column][\/et_pb_row][et_pb_row _builder_version=&#8220;4.17.3&#8243; _module_preset=&#8220;default&#8220; global_colors_info=&#8220;{}&#8220; theme_builder_area=&#8220;post_content&#8220;][et_pb_column type=&#8220;4_4&#8243; _builder_version=&#8220;4.17.3&#8243; _module_preset=&#8220;default&#8220; global_colors_info=&#8220;{}&#8220; theme_builder_area=&#8220;post_content&#8220;][et_pb_text _builder_version=&#8220;4.17.3&#8243; _module_preset=&#8220;default&#8220; text_font=&#8220;Roboto||||||||&#8220; text_font_size=&#8220;16px&#8220; global_colors_info=&#8220;{}&#8220; theme_builder_area=&#8220;post_content&#8220;]Besonders der Fr\u00fchling, von M\u00e4rz bis Mai, ist f\u00fcr einen Besuch der Mainau bestens geeignet. W\u00e4hrend der Tulpenbl\u00fcte sind die Anpflanzungen auf der Insel besonders farbenpr\u00e4chtig.[\/et_pb_text][\/et_pb_column][\/et_pb_row][et_pb_row _builder_version=&#8220;4.17.1&#8243; _module_preset=&#8220;default&#8220; global_colors_info=&#8220;{}&#8220; theme_builder_area=&#8220;post_content&#8220;][et_pb_column type=&#8220;4_4&#8243; _builder_version=&#8220;4.16&#8243; _module_preset=&#8220;default&#8220; global_colors_info=&#8220;{}&#8220; theme_builder_area=&#8220;post_content&#8220;][et_pb_image src=&#8220;https:\/\/msphotographics.de\/wp-content\/uploads\/2022\/04\/IMG_7333.jpg&#8220; title_text=&#8220;IMG_7333&#8243; show_in_lightbox=&#8220;on&#8220; use_overlay=&#8220;on&#8220; overlay_icon_color=&#8220;#000000&#8243; hover_overlay_color=&#8220;rgba(0,0,0,0.2)&#8220; _builder_version=&#8220;4.17.1&#8243; border_radii=&#8220;on|8px|8px|8px|8px&#8220; box_shadow_style=&#8220;preset3&#8243; box_shadow_vertical=&#8220;16px&#8220; box_shadow_blur=&#8220;96px&#8220; box_shadow_spread=&#8220;-24px&#8220; global_colors_info=&#8220;{}&#8220; theme_builder_area=&#8220;post_content&#8220;][\/et_pb_image][\/et_pb_column][\/et_pb_row][et_pb_row _builder_version=&#8220;4.16&#8243; _module_preset=&#8220;default&#8220; global_colors_info=&#8220;{}&#8220; theme_builder_area=&#8220;post_content&#8220;][et_pb_column type=&#8220;4_4&#8243; _builder_version=&#8220;4.16&#8243; _module_preset=&#8220;default&#8220; global_colors_info=&#8220;{}&#8220; theme_builder_area=&#8220;post_content&#8220;][et_pb_text _builder_version=&#8220;4.17.3&#8243; _module_preset=&#8220;default&#8220; text_font=&#8220;Roboto||||||||&#8220; text_font_size=&#8220;16px&#8220; global_colors_info=&#8220;{}&#8220; theme_builder_area=&#8220;post_content&#8220;]Farbenfroh und beeindruckend pr\u00e4sentiert sich die <a href=\"https:\/\/www.mainau.de\/de\/attraktionen-detail\/attraktion\/italienische-blumen-wassertreppe.html?location=italienische-blumen-wassertreppe\">Italienische Blumen-Wassertreppe<\/a> w\u00e4hrend der Tulpenbl\u00fcte.[\/et_pb_text][\/et_pb_column][\/et_pb_row][et_pb_row column_structure=&#8220;1_2,1_2&#8243; _builder_version=&#8220;4.17.1&#8243; _module_preset=&#8220;default&#8220; global_colors_info=&#8220;{}&#8220; theme_builder_area=&#8220;post_content&#8220;][et_pb_column type=&#8220;1_2&#8243; _builder_version=&#8220;4.16&#8243; _module_preset=&#8220;default&#8220; global_colors_info=&#8220;{}&#8220; theme_builder_area=&#8220;post_content&#8220;][et_pb_image src=&#8220;https:\/\/msphotographics.de\/wp-content\/uploads\/2022\/04\/IMG_7462.jpg&#8220; title_text=&#8220;IMG_7462&#8243; show_in_lightbox=&#8220;on&#8220; use_overlay=&#8220;on&#8220; overlay_icon_color=&#8220;#000000&#8243; hover_overlay_color=&#8220;rgba(0,0,0,0.2)&#8220; _builder_version=&#8220;4.17.1&#8243; border_radii=&#8220;on|8px|8px|8px|8px&#8220; box_shadow_style=&#8220;preset3&#8243; box_shadow_vertical=&#8220;16px&#8220; box_shadow_blur=&#8220;96px&#8220; box_shadow_spread=&#8220;-24px&#8220; global_colors_info=&#8220;{}&#8220; theme_builder_area=&#8220;post_content&#8220;][\/et_pb_image][\/et_pb_column][et_pb_column type=&#8220;1_2&#8243; _builder_version=&#8220;4.16&#8243; _module_preset=&#8220;default&#8220; global_colors_info=&#8220;{}&#8220; theme_builder_area=&#8220;post_content&#8220;][et_pb_image src=&#8220;https:\/\/msphotographics.de\/wp-content\/uploads\/2022\/04\/IMG_7459.jpg&#8220; title_text=&#8220;IMG_7459&#8243; show_in_lightbox=&#8220;on&#8220; use_overlay=&#8220;on&#8220; overlay_icon_color=&#8220;#000000&#8243; hover_overlay_color=&#8220;rgba(0,0,0,0.2)&#8220; _builder_version=&#8220;4.17.1&#8243; border_radii=&#8220;on|8px|8px|8px|8px&#8220; box_shadow_style=&#8220;preset3&#8243; box_shadow_vertical=&#8220;16px&#8220; box_shadow_blur=&#8220;96px&#8220; box_shadow_spread=&#8220;-24px&#8220; global_colors_info=&#8220;{}&#8220; theme_builder_area=&#8220;post_content&#8220;][\/et_pb_image][et_pb_text _builder_version=&#8220;4.17.3&#8243; _module_preset=&#8220;default&#8220; text_font=&#8220;Roboto||||||||&#8220; text_font_size=&#8220;16px&#8220; custom_margin=&#8220;100px||||false|false&#8220; global_colors_info=&#8220;{}&#8220; theme_builder_area=&#8220;post_content&#8220;]Neben unterschiedlichsten Blumen finden sich auch teils spektakul\u00e4re B\u00e4ume auf der Mainau.<\/p>\n<p>Ein gigantischer, beinahe 150 Jahre alter Bergmammutbaum, gew\u00f6hnlich in Kalifornien beheimatet, ist nur ein Beispiel.[\/et_pb_text][\/et_pb_column][\/et_pb_row][et_pb_row column_structure=&#8220;1_2,1_2&#8243; _builder_version=&#8220;4.16&#8243; _module_preset=&#8220;default&#8220; global_colors_info=&#8220;{}&#8220; theme_builder_area=&#8220;post_content&#8220;][et_pb_column type=&#8220;1_2&#8243; _builder_version=&#8220;4.16&#8243; _module_preset=&#8220;default&#8220; global_colors_info=&#8220;{}&#8220; theme_builder_area=&#8220;post_content&#8220;][et_pb_image src=&#8220;https:\/\/msphotographics.de\/wp-content\/uploads\/2022\/04\/IMG_7418.jpg&#8220; title_text=&#8220;IMG_7418&#8243; show_in_lightbox=&#8220;on&#8220; use_overlay=&#8220;on&#8220; overlay_icon_color=&#8220;#000000&#8243; hover_overlay_color=&#8220;rgba(0,0,0,0.2)&#8220; _builder_version=&#8220;4.17.1&#8243; border_radii=&#8220;on|8px|8px|8px|8px&#8220; box_shadow_style=&#8220;preset3&#8243; box_shadow_vertical=&#8220;16px&#8220; box_shadow_blur=&#8220;96px&#8220; box_shadow_spread=&#8220;-24px&#8220; global_colors_info=&#8220;{}&#8220; theme_builder_area=&#8220;post_content&#8220;][\/et_pb_image][\/et_pb_column][et_pb_column type=&#8220;1_2&#8243; _builder_version=&#8220;4.16&#8243; _module_preset=&#8220;default&#8220; global_colors_info=&#8220;{}&#8220; theme_builder_area=&#8220;post_content&#8220;][et_pb_image src=&#8220;https:\/\/msphotographics.de\/wp-content\/uploads\/2022\/04\/IMG_7441.jpg&#8220; title_text=&#8220;IMG_7441&#8243; show_in_lightbox=&#8220;on&#8220; use_overlay=&#8220;on&#8220; overlay_icon_color=&#8220;#000000&#8243; hover_overlay_color=&#8220;rgba(0,0,0,0.2)&#8220; _builder_version=&#8220;4.17.1&#8243; custom_margin=&#8220;||14px|||&#8220; border_radii=&#8220;on|8px|8px|8px|8px&#8220; box_shadow_style=&#8220;preset3&#8243; box_shadow_vertical=&#8220;16px&#8220; box_shadow_blur=&#8220;96px&#8220; box_shadow_spread=&#8220;-24px&#8220; global_colors_info=&#8220;{}&#8220; theme_builder_area=&#8220;post_content&#8220;][\/et_pb_image][\/et_pb_column][\/et_pb_row][et_pb_row _builder_version=&#8220;4.16&#8243; _module_preset=&#8220;default&#8220; global_colors_info=&#8220;{}&#8220; theme_builder_area=&#8220;post_content&#8220;][et_pb_column type=&#8220;4_4&#8243; _builder_version=&#8220;4.16&#8243; _module_preset=&#8220;default&#8220; global_colors_info=&#8220;{}&#8220; theme_builder_area=&#8220;post_content&#8220;][et_pb_text _builder_version=&#8220;4.17.3&#8243; _module_preset=&#8220;default&#8220; text_font=&#8220;Roboto||||||||&#8220; text_font_size=&#8220;16px&#8220; global_colors_info=&#8220;{}&#8220; theme_builder_area=&#8220;post_content&#8220;]Die gr\u00f6\u00dften Besuchermagneten sind der G\u00e4rtnerturm und das <a href=\"https:\/\/www.mainau.de\/de\/attraktionen-detail\/attraktion\/barockschloss.html?location=barockschloss\">Barockschloss<\/a> mit seinem Schlossgarten.<\/p>\n<p>Wer m\u00f6chte kann im Schlosscaf\u00e9 eine Tasse Kaffee und ein St\u00fcck Kuchen genie\u00dfen.[\/et_pb_text][\/et_pb_column][\/et_pb_row][et_pb_row column_structure=&#8220;1_2,1_2&#8243; _builder_version=&#8220;4.16&#8243; _module_preset=&#8220;default&#8220; global_colors_info=&#8220;{}&#8220; theme_builder_area=&#8220;post_content&#8220;][et_pb_column type=&#8220;1_2&#8243; _builder_version=&#8220;4.16&#8243; _module_preset=&#8220;default&#8220; global_colors_info=&#8220;{}&#8220; theme_builder_area=&#8220;post_content&#8220;][et_pb_image src=&#8220;https:\/\/msphotographics.de\/wp-content\/uploads\/2022\/04\/IMG_7446.jpg&#8220; title_text=&#8220;IMG_7446&#8243; show_in_lightbox=&#8220;on&#8220; use_overlay=&#8220;on&#8220; overlay_icon_color=&#8220;#000000&#8243; hover_overlay_color=&#8220;rgba(0,0,0,0.2)&#8220; _builder_version=&#8220;4.17.1&#8243; border_radii=&#8220;on|8px|8px|8px|8px&#8220; box_shadow_style=&#8220;preset3&#8243; box_shadow_vertical=&#8220;16px&#8220; box_shadow_blur=&#8220;96px&#8220; box_shadow_spread=&#8220;-24px&#8220; global_colors_info=&#8220;{}&#8220; theme_builder_area=&#8220;post_content&#8220;][\/et_pb_image][\/et_pb_column][et_pb_column type=&#8220;1_2&#8243; _builder_version=&#8220;4.16&#8243; _module_preset=&#8220;default&#8220; global_colors_info=&#8220;{}&#8220; theme_builder_area=&#8220;post_content&#8220;][et_pb_image src=&#8220;https:\/\/msphotographics.de\/wp-content\/uploads\/2022\/04\/IMG_7412.jpg&#8220; title_text=&#8220;IMG_7412&#8243; show_in_lightbox=&#8220;on&#8220; use_overlay=&#8220;on&#8220; overlay_icon_color=&#8220;#000000&#8243; hover_overlay_color=&#8220;rgba(0,0,0,0.2)&#8220; _builder_version=&#8220;4.17.1&#8243; border_radii=&#8220;on|8px|8px|8px|8px&#8220; box_shadow_style=&#8220;preset3&#8243; box_shadow_vertical=&#8220;16px&#8220; box_shadow_blur=&#8220;96px&#8220; box_shadow_spread=&#8220;-24px&#8220; global_colors_info=&#8220;{}&#8220; theme_builder_area=&#8220;post_content&#8220;][\/et_pb_image][\/et_pb_column][\/et_pb_row][et_pb_row _builder_version=&#8220;4.16&#8243; _module_preset=&#8220;default&#8220; global_colors_info=&#8220;{}&#8220; theme_builder_area=&#8220;post_content&#8220;][et_pb_column type=&#8220;4_4&#8243; _builder_version=&#8220;4.16&#8243; _module_preset=&#8220;default&#8220; global_colors_info=&#8220;{}&#8220; theme_builder_area=&#8220;post_content&#8220;][et_pb_text _builder_version=&#8220;4.17.3&#8243; _module_preset=&#8220;default&#8220; text_font=&#8220;Roboto||||||||&#8220; text_font_size=&#8220;16px&#8220; custom_padding=&#8220;||0px|||&#8220; global_colors_info=&#8220;{}&#8220; theme_builder_area=&#8220;post_content&#8220;]Am Wegesrand finden sich immer wieder h\u00fcbsch bepflanzte Beete, die den Weg \u00fcber die Insel abwechslungsreich gestalten. <a href=\"https:\/\/www.mainau.de\/de\/was-blueht-gerade.html\">Hier<\/a> kann man sich informieren, was aktuell auf der Insel bl\u00fcht.&nbsp;[\/et_pb_text][\/et_pb_column][\/et_pb_row][et_pb_row _builder_version=&#8220;4.16&#8243; _module_preset=&#8220;default&#8220; global_colors_info=&#8220;{}&#8220; theme_builder_area=&#8220;post_content&#8220;][et_pb_column type=&#8220;4_4&#8243; _builder_version=&#8220;4.16&#8243; _module_preset=&#8220;default&#8220; global_colors_info=&#8220;{}&#8220; theme_builder_area=&#8220;post_content&#8220;][et_pb_image src=&#8220;https:\/\/msphotographics.de\/wp-content\/uploads\/2022\/04\/IMG_7476.jpg&#8220; title_text=&#8220;IMG_7476&#8243; show_in_lightbox=&#8220;on&#8220; use_overlay=&#8220;on&#8220; overlay_icon_color=&#8220;#000000&#8243; hover_overlay_color=&#8220;rgba(0,0,0,0.2)&#8220; _builder_version=&#8220;4.17.1&#8243; border_radii=&#8220;on|8px|8px|8px|8px&#8220; box_shadow_style=&#8220;preset3&#8243; box_shadow_vertical=&#8220;16px&#8220; box_shadow_blur=&#8220;96px&#8220; box_shadow_spread=&#8220;-24px&#8220; global_colors_info=&#8220;{}&#8220; theme_builder_area=&#8220;post_content&#8220;][\/et_pb_image][\/et_pb_column][\/et_pb_row][et_pb_row _builder_version=&#8220;4.16&#8243; _module_preset=&#8220;default&#8220; global_colors_info=&#8220;{}&#8220; theme_builder_area=&#8220;post_content&#8220;][et_pb_column type=&#8220;4_4&#8243; _builder_version=&#8220;4.16&#8243; _module_preset=&#8220;default&#8220; global_colors_info=&#8220;{}&#8220; theme_builder_area=&#8220;post_content&#8220;][et_pb_text _builder_version=&#8220;4.17.3&#8243; _module_preset=&#8220;default&#8220; text_font=&#8220;Roboto||||||||&#8220; text_font_size=&#8220;16px&#8220; custom_padding=&#8220;||0px|||&#8220; global_colors_info=&#8220;{}&#8220; theme_builder_area=&#8220;post_content&#8220;]Um die Tulpenbl\u00fcte zum perfekten Zeitpunkt erleben zu k\u00f6nnen, sollte man seinen Besuch nach dem <a href=\"https:\/\/www.mainau.de\/de\/bluetenbarometer.html\">Bl\u00fctenbarometer<\/a> planen.&nbsp;[\/et_pb_text][\/et_pb_column][\/et_pb_row][et_pb_row column_structure=&#8220;1_3,1_3,1_3&#8243; _builder_version=&#8220;4.17.1&#8243; _module_preset=&#8220;default&#8220; global_colors_info=&#8220;{}&#8220; theme_builder_area=&#8220;post_content&#8220;][et_pb_column type=&#8220;1_3&#8243; _builder_version=&#8220;4.16&#8243; _module_preset=&#8220;default&#8220; global_colors_info=&#8220;{}&#8220; theme_builder_area=&#8220;post_content&#8220;][et_pb_image src=&#8220;https:\/\/msphotographics.de\/wp-content\/uploads\/2022\/04\/IMG_7503.jpg&#8220; title_text=&#8220;IMG_7503&#8243; show_in_lightbox=&#8220;on&#8220; use_overlay=&#8220;on&#8220; overlay_icon_color=&#8220;#000000&#8243; hover_overlay_color=&#8220;rgba(0,0,0,0.2)&#8220; _builder_version=&#8220;4.17.1&#8243; border_radii=&#8220;on|8px|8px|8px|8px&#8220; box_shadow_style=&#8220;preset3&#8243; box_shadow_vertical=&#8220;16px&#8220; box_shadow_blur=&#8220;96px&#8220; box_shadow_spread=&#8220;-24px&#8220; global_colors_info=&#8220;{}&#8220; theme_builder_area=&#8220;post_content&#8220;][\/et_pb_image][\/et_pb_column][et_pb_column type=&#8220;1_3&#8243; _builder_version=&#8220;4.16&#8243; _module_preset=&#8220;default&#8220; global_colors_info=&#8220;{}&#8220; theme_builder_area=&#8220;post_content&#8220;][et_pb_image src=&#8220;https:\/\/msphotographics.de\/wp-content\/uploads\/2022\/04\/IMG_7495.jpg&#8220; title_text=&#8220;IMG_7495&#8243; show_in_lightbox=&#8220;on&#8220; use_overlay=&#8220;on&#8220; overlay_icon_color=&#8220;#000000&#8243; hover_overlay_color=&#8220;rgba(0,0,0,0.2)&#8220; _builder_version=&#8220;4.17.1&#8243; border_radii=&#8220;on|8px|8px|8px|8px&#8220; box_shadow_style=&#8220;preset3&#8243; box_shadow_vertical=&#8220;16px&#8220; box_shadow_blur=&#8220;96px&#8220; box_shadow_spread=&#8220;-24px&#8220; global_colors_info=&#8220;{}&#8220; theme_builder_area=&#8220;post_content&#8220;][\/et_pb_image][\/et_pb_column][et_pb_column type=&#8220;1_3&#8243; _builder_version=&#8220;4.16&#8243; _module_preset=&#8220;default&#8220; global_colors_info=&#8220;{}&#8220; theme_builder_area=&#8220;post_content&#8220;][et_pb_image src=&#8220;https:\/\/msphotographics.de\/wp-content\/uploads\/2022\/04\/IMG_7510.jpg&#8220; title_text=&#8220;IMG_7510&#8243; show_in_lightbox=&#8220;on&#8220; use_overlay=&#8220;on&#8220; overlay_icon_color=&#8220;#000000&#8243; hover_overlay_color=&#8220;rgba(0,0,0,0.2)&#8220; _builder_version=&#8220;4.17.1&#8243; border_radii=&#8220;on|8px|8px|8px|8px&#8220; box_shadow_style=&#8220;preset3&#8243; box_shadow_vertical=&#8220;16px&#8220; box_shadow_blur=&#8220;96px&#8220; box_shadow_spread=&#8220;-24px&#8220; global_colors_info=&#8220;{}&#8220; theme_builder_area=&#8220;post_content&#8220;][\/et_pb_image][\/et_pb_column][\/et_pb_row][et_pb_row _builder_version=&#8220;4.16&#8243; _module_preset=&#8220;default&#8220; global_colors_info=&#8220;{}&#8220; theme_builder_area=&#8220;post_content&#8220;][et_pb_column type=&#8220;4_4&#8243; _builder_version=&#8220;4.16&#8243; _module_preset=&#8220;default&#8220; global_colors_info=&#8220;{}&#8220; theme_builder_area=&#8220;post_content&#8220;][et_pb_text _builder_version=&#8220;4.17.3&#8243; _module_preset=&#8220;default&#8220; text_font=&#8220;Roboto||||||||&#8220; text_font_size=&#8220;16px&#8220; custom_padding=&#8220;||0px|||&#8220; global_colors_info=&#8220;{}&#8220; theme_builder_area=&#8220;post_content&#8220;]Eine weitere Attraktion auf der Insel ist das <a href=\"https:\/\/www.mainau.de\/de\/attraktionen-detail\/attraktion\/schmetterlingshaus.html?location=schmetterlingshaus\">Schmetterlingshaus<\/a>. Hier kann man etwa 120 verschiedene Arten von tropischen Schmetterlingen beobachten.[\/et_pb_text][\/et_pb_column][\/et_pb_row][et_pb_row _builder_version=&#8220;4.16&#8243; _module_preset=&#8220;default&#8220; global_colors_info=&#8220;{}&#8220; theme_builder_area=&#8220;post_content&#8220;][et_pb_column type=&#8220;4_4&#8243; _builder_version=&#8220;4.16&#8243; _module_preset=&#8220;default&#8220; global_colors_info=&#8220;{}&#8220; theme_builder_area=&#8220;post_content&#8220;][et_pb_text _builder_version=&#8220;4.17.1&#8243; _module_preset=&#8220;default&#8220; header_font=&#8220;Roboto|700|||||||&#8220; header_2_font=&#8220;Roboto|700|||||||&#8220; header_3_font=&#8220;Roboto|700|||||||&#8220; global_colors_info=&#8220;{}&#8220; theme_builder_area=&#8220;post_content&#8220;]<\/p>\n<h3>Der Ort Meersburg:<\/h3>\n<p>[\/et_pb_text][dsm_embed_google_map address=&#8220;Meersburg Bodensee&#8220; _builder_version=&#8220;4.17.3&#8243; _module_preset=&#8220;default&#8220; border_radii=&#8220;on|8px|8px|8px|8px&#8220; box_shadow_style=&#8220;preset3&#8243; box_shadow_vertical=&#8220;16px&#8220; box_shadow_blur=&#8220;96px&#8220; box_shadow_spread=&#8220;-24px&#8220; global_colors_info=&#8220;{}&#8220; theme_builder_area=&#8220;post_content&#8220;][\/dsm_embed_google_map][\/et_pb_column][\/et_pb_row][et_pb_row _builder_version=&#8220;4.17.1&#8243; _module_preset=&#8220;default&#8220; global_colors_info=&#8220;{}&#8220; theme_builder_area=&#8220;post_content&#8220;][et_pb_column type=&#8220;4_4&#8243; _builder_version=&#8220;4.16&#8243; _module_preset=&#8220;default&#8220; global_colors_info=&#8220;{}&#8220; theme_builder_area=&#8220;post_content&#8220;][et_pb_image src=&#8220;https:\/\/msphotographics.de\/wp-content\/uploads\/2022\/04\/IMG_7569.jpg&#8220; title_text=&#8220;IMG_7569&#8243; show_in_lightbox=&#8220;on&#8220; use_overlay=&#8220;on&#8220; overlay_icon_color=&#8220;#000000&#8243; hover_overlay_color=&#8220;rgba(0,0,0,0.2)&#8220; _builder_version=&#8220;4.17.1&#8243; border_radii=&#8220;on|8px|8px|8px|8px&#8220; box_shadow_style=&#8220;preset3&#8243; box_shadow_vertical=&#8220;16px&#8220; box_shadow_blur=&#8220;96px&#8220; box_shadow_spread=&#8220;-24px&#8220; global_colors_info=&#8220;{}&#8220; theme_builder_area=&#8220;post_content&#8220;][\/et_pb_image][\/et_pb_column][\/et_pb_row][et_pb_row _builder_version=&#8220;4.16&#8243; _module_preset=&#8220;default&#8220; global_colors_info=&#8220;{}&#8220; theme_builder_area=&#8220;post_content&#8220;][et_pb_column type=&#8220;4_4&#8243; _builder_version=&#8220;4.16&#8243; _module_preset=&#8220;default&#8220; global_colors_info=&#8220;{}&#8220; theme_builder_area=&#8220;post_content&#8220;][et_pb_text _builder_version=&#8220;4.17.3&#8243; _module_preset=&#8220;default&#8220; text_font=&#8220;Roboto||||||||&#8220; text_font_size=&#8220;16px&#8220; custom_margin=&#8220;15px||||false|false&#8220; custom_padding=&#8220;||0px|||&#8220; global_colors_info=&#8220;{}&#8220; theme_builder_area=&#8220;post_content&#8220;]Die Kleinstadt Meersburg hat auch einiges zu bieten. Einen halben Tag sollte man einplanen, um die Altstadt und deren Sehensw\u00fcrdigkeiten zu besichtigen.<\/p>\n<p>Wahrzeichen der Stadt ist die Meersburg, Deutschlands \u00e4lteste noch bewohnte Burg.[\/et_pb_text][\/et_pb_column][\/et_pb_row][et_pb_row column_structure=&#8220;1_2,1_2&#8243; _builder_version=&#8220;4.17.1&#8243; _module_preset=&#8220;default&#8220; global_colors_info=&#8220;{}&#8220; theme_builder_area=&#8220;post_content&#8220;][et_pb_column type=&#8220;1_2&#8243; _builder_version=&#8220;4.16&#8243; _module_preset=&#8220;default&#8220; global_colors_info=&#8220;{}&#8220; theme_builder_area=&#8220;post_content&#8220;][et_pb_image src=&#8220;https:\/\/msphotographics.de\/wp-content\/uploads\/2022\/04\/IMG_7574.jpg&#8220; title_text=&#8220;IMG_7574&#8243; show_in_lightbox=&#8220;on&#8220; use_overlay=&#8220;on&#8220; overlay_icon_color=&#8220;#000000&#8243; hover_overlay_color=&#8220;rgba(0,0,0,0.2)&#8220; _builder_version=&#8220;4.17.1&#8243; border_radii=&#8220;on|8px|8px|8px|8px&#8220; box_shadow_style=&#8220;preset3&#8243; box_shadow_vertical=&#8220;16px&#8220; box_shadow_blur=&#8220;96px&#8220; box_shadow_spread=&#8220;-24px&#8220; global_colors_info=&#8220;{}&#8220; theme_builder_area=&#8220;post_content&#8220;][\/et_pb_image][\/et_pb_column][et_pb_column type=&#8220;1_2&#8243; _builder_version=&#8220;4.16&#8243; _module_preset=&#8220;default&#8220; global_colors_info=&#8220;{}&#8220; theme_builder_area=&#8220;post_content&#8220;][et_pb_image src=&#8220;https:\/\/msphotographics.de\/wp-content\/uploads\/2022\/04\/IMG_7533.jpg&#8220; title_text=&#8220;IMG_7533&#8243; show_in_lightbox=&#8220;on&#8220; use_overlay=&#8220;on&#8220; overlay_icon_color=&#8220;#000000&#8243; hover_overlay_color=&#8220;rgba(0,0,0,0.2)&#8220; _builder_version=&#8220;4.17.1&#8243; border_radii=&#8220;on|8px|8px|8px|8px&#8220; box_shadow_style=&#8220;preset3&#8243; box_shadow_vertical=&#8220;16px&#8220; box_shadow_blur=&#8220;96px&#8220; box_shadow_spread=&#8220;-24px&#8220; global_colors_info=&#8220;{}&#8220; theme_builder_area=&#8220;post_content&#8220;][\/et_pb_image][\/et_pb_column][\/et_pb_row][et_pb_row _builder_version=&#8220;4.16&#8243; _module_preset=&#8220;default&#8220; global_colors_info=&#8220;{}&#8220; theme_builder_area=&#8220;post_content&#8220;][et_pb_column type=&#8220;4_4&#8243; _builder_version=&#8220;4.16&#8243; _module_preset=&#8220;default&#8220; global_colors_info=&#8220;{}&#8220; theme_builder_area=&#8220;post_content&#8220;][et_pb_text _builder_version=&#8220;4.17.3&#8243; _module_preset=&#8220;default&#8220; text_font=&#8220;Roboto||||||||&#8220; text_font_size=&#8220;16px&#8220; custom_padding=&#8220;||0px|||&#8220; global_colors_info=&#8220;{}&#8220; theme_builder_area=&#8220;post_content&#8220;]Neben der Meersburg selbst, ist auch das Stadtzentrum mit den Fachwerkh\u00e4usern sehenswert. M\u00f6glichkeiten zum Einkehren finden sich in fu\u00dfl\u00e4ufiger Entfernung.[\/et_pb_text][\/et_pb_column][\/et_pb_row][et_pb_row _builder_version=&#8220;4.17.1&#8243; _module_preset=&#8220;default&#8220; global_colors_info=&#8220;{}&#8220; theme_builder_area=&#8220;post_content&#8220;][et_pb_column type=&#8220;4_4&#8243; _builder_version=&#8220;4.16&#8243; _module_preset=&#8220;default&#8220; global_colors_info=&#8220;{}&#8220; theme_builder_area=&#8220;post_content&#8220;][et_pb_image src=&#8220;https:\/\/msphotographics.de\/wp-content\/uploads\/2022\/04\/IMG_7603.jpg&#8220; title_text=&#8220;IMG_7603&#8243; show_in_lightbox=&#8220;on&#8220; use_overlay=&#8220;on&#8220; overlay_icon_color=&#8220;#000000&#8243; hover_overlay_color=&#8220;rgba(0,0,0,0.2)&#8220; _builder_version=&#8220;4.17.1&#8243; border_radii=&#8220;on|8px|8px|8px|8px&#8220; box_shadow_style=&#8220;preset3&#8243; box_shadow_vertical=&#8220;16px&#8220; box_shadow_blur=&#8220;96px&#8220; box_shadow_spread=&#8220;-24px&#8220; global_colors_info=&#8220;{}&#8220; theme_builder_area=&#8220;post_content&#8220;][\/et_pb_image][\/et_pb_column][\/et_pb_row][et_pb_row _builder_version=&#8220;4.16&#8243; _module_preset=&#8220;default&#8220; global_colors_info=&#8220;{}&#8220; theme_builder_area=&#8220;post_content&#8220;][et_pb_column type=&#8220;4_4&#8243; _builder_version=&#8220;4.16&#8243; _module_preset=&#8220;default&#8220; global_colors_info=&#8220;{}&#8220; theme_builder_area=&#8220;post_content&#8220;][et_pb_text _builder_version=&#8220;4.17.3&#8243; _module_preset=&#8220;default&#8220; text_font=&#8220;Roboto|500|||||||&#8220; text_font_size=&#8220;16px&#8220; global_colors_info=&#8220;{}&#8220; theme_builder_area=&#8220;post_content&#8220;]Einen Spaziergang zum See sollte man sich ebenfalls nicht entgehen lassen. Bei sch\u00f6nem Wetter laden zahlreiche Caf\u00e9s entlang der Promenade zu einem Besuch ein. Leider hat an diesem Tag das Wetter nicht mitgespielt, so dass eine Pause am Seeufer ausgeschlossen war.&nbsp;[\/et_pb_text][\/et_pb_column][\/et_pb_row][et_pb_row _builder_version=&#8220;4.16&#8243; _module_preset=&#8220;default&#8220; global_colors_info=&#8220;{}&#8220; theme_builder_area=&#8220;post_content&#8220;][et_pb_column type=&#8220;4_4&#8243; _builder_version=&#8220;4.16&#8243; _module_preset=&#8220;default&#8220; global_colors_info=&#8220;{}&#8220; theme_builder_area=&#8220;post_content&#8220;][et_pb_text _builder_version=&#8220;4.17.3&#8243; _module_preset=&#8220;default&#8220; header_font=&#8220;Roboto|700|||||||&#8220; header_2_font=&#8220;Roboto|700|||||||&#8220; header_3_font=&#8220;Roboto|700|||||||&#8220; global_colors_info=&#8220;{}&#8220; theme_builder_area=&#8220;post_content&#8220;]<\/p>\n<h3>Die Pfahlbauten von Unteruhldingen:<\/h3>\n<p>[\/et_pb_text][dsm_embed_google_map address=&#8220;Pfahlbauten Uhldingen Bodensee&#8220; _builder_version=&#8220;4.17.1&#8243; _module_preset=&#8220;default&#8220; border_radii=&#8220;on|8px|8px|8px|8px&#8220; box_shadow_style=&#8220;preset3&#8243; box_shadow_vertical=&#8220;16px&#8220; box_shadow_blur=&#8220;96px&#8220; box_shadow_spread=&#8220;-24px&#8220; global_colors_info=&#8220;{}&#8220; theme_builder_area=&#8220;post_content&#8220;][\/dsm_embed_google_map][\/et_pb_column][\/et_pb_row][et_pb_row _builder_version=&#8220;4.16&#8243; _module_preset=&#8220;default&#8220; global_colors_info=&#8220;{}&#8220; theme_builder_area=&#8220;post_content&#8220;][et_pb_column type=&#8220;4_4&#8243; _builder_version=&#8220;4.16&#8243; _module_preset=&#8220;default&#8220; global_colors_info=&#8220;{}&#8220; theme_builder_area=&#8220;post_content&#8220;][et_pb_text _builder_version=&#8220;4.17.3&#8243; _module_preset=&#8220;default&#8220; text_font=&#8220;Roboto|500|||||||&#8220; text_font_size=&#8220;16px&#8220; global_colors_info=&#8220;{}&#8220; theme_builder_area=&#8220;post_content&#8220;]Die <a href=\"https:\/\/www.pfahlbauten.de\/\">Pfahlbauten von Unteruhldingen<\/a> geh\u00f6ren seit 2011 zum UNESCO-Weltkulturerbe. Sie sind \u00dcberreste einer Siedlung aus der Stein- beziehungsweise Bronzezeit von 5000 bis 1000 vor Christus.<\/p>\n<p>Im Museum kann man sich in die Zeit zur\u00fcckversetzen und das Wissen rund um die arch\u00e4ologische Bedeutung der Pfahlbauten vermittelt bekommen.&nbsp;[\/et_pb_text][\/et_pb_column][\/et_pb_row][et_pb_row _builder_version=&#8220;4.17.1&#8243; _module_preset=&#8220;default&#8220; global_colors_info=&#8220;{}&#8220; theme_builder_area=&#8220;post_content&#8220;][et_pb_column type=&#8220;4_4&#8243; _builder_version=&#8220;4.16&#8243; _module_preset=&#8220;default&#8220; global_colors_info=&#8220;{}&#8220; theme_builder_area=&#8220;post_content&#8220;][et_pb_image src=&#8220;https:\/\/msphotographics.de\/wp-content\/uploads\/2022\/04\/IMG_7628.jpg&#8220; title_text=&#8220;IMG_7628&#8243; show_in_lightbox=&#8220;on&#8220; use_overlay=&#8220;on&#8220; overlay_icon_color=&#8220;#000000&#8243; hover_overlay_color=&#8220;rgba(0,0,0,0.2)&#8220; _builder_version=&#8220;4.17.1&#8243; border_radii=&#8220;on|8px|8px|8px|8px&#8220; box_shadow_style=&#8220;preset3&#8243; box_shadow_vertical=&#8220;16px&#8220; box_shadow_blur=&#8220;96px&#8220; box_shadow_spread=&#8220;-24px&#8220; global_colors_info=&#8220;{}&#8220; theme_builder_area=&#8220;post_content&#8220;][\/et_pb_image][\/et_pb_column][\/et_pb_row][et_pb_row _builder_version=&#8220;4.16&#8243; _module_preset=&#8220;default&#8220; global_colors_info=&#8220;{}&#8220; theme_builder_area=&#8220;post_content&#8220;][et_pb_column type=&#8220;4_4&#8243; _builder_version=&#8220;4.16&#8243; _module_preset=&#8220;default&#8220; global_colors_info=&#8220;{}&#8220; theme_builder_area=&#8220;post_content&#8220;][et_pb_text _builder_version=&#8220;4.17.3&#8243; _module_preset=&#8220;default&#8220; text_font=&#8220;Roboto|500|||||||&#8220; text_font_size=&#8220;16px&#8220; global_colors_info=&#8220;{}&#8220; theme_builder_area=&#8220;post_content&#8220;]Aus insgesamt 23 restaurierten H\u00e4usern besteht die Siedlung in Unteruhldingen am Bodensee.[\/et_pb_text][\/et_pb_column][\/et_pb_row][et_pb_row column_structure=&#8220;1_2,1_2&#8243; _builder_version=&#8220;4.16&#8243; _module_preset=&#8220;default&#8220; global_colors_info=&#8220;{}&#8220; theme_builder_area=&#8220;post_content&#8220;][et_pb_column type=&#8220;1_2&#8243; _builder_version=&#8220;4.16&#8243; _module_preset=&#8220;default&#8220; global_colors_info=&#8220;{}&#8220; theme_builder_area=&#8220;post_content&#8220;][et_pb_image src=&#8220;https:\/\/msphotographics.de\/wp-content\/uploads\/2022\/04\/IMG_7657.jpg&#8220; title_text=&#8220;IMG_7657&#8243; show_in_lightbox=&#8220;on&#8220; use_overlay=&#8220;on&#8220; overlay_icon_color=&#8220;#000000&#8243; hover_overlay_color=&#8220;rgba(0,0,0,0.2)&#8220; _builder_version=&#8220;4.17.1&#8243; border_radii=&#8220;on|8px|8px|8px|8px&#8220; box_shadow_style=&#8220;preset3&#8243; box_shadow_vertical=&#8220;16px&#8220; box_shadow_blur=&#8220;96px&#8220; box_shadow_spread=&#8220;-24px&#8220; global_colors_info=&#8220;{}&#8220; theme_builder_area=&#8220;post_content&#8220;][\/et_pb_image][\/et_pb_column][et_pb_column type=&#8220;1_2&#8243; _builder_version=&#8220;4.16&#8243; _module_preset=&#8220;default&#8220; global_colors_info=&#8220;{}&#8220; theme_builder_area=&#8220;post_content&#8220;][et_pb_image src=&#8220;https:\/\/msphotographics.de\/wp-content\/uploads\/2022\/04\/IMG_7655.jpg&#8220; title_text=&#8220;IMG_7655&#8243; show_in_lightbox=&#8220;on&#8220; use_overlay=&#8220;on&#8220; overlay_icon_color=&#8220;#000000&#8243; hover_overlay_color=&#8220;rgba(0,0,0,0.2)&#8220; _builder_version=&#8220;4.17.1&#8243; border_radii=&#8220;on|8px|8px|8px|8px&#8220; box_shadow_style=&#8220;preset3&#8243; box_shadow_vertical=&#8220;16px&#8220; box_shadow_blur=&#8220;96px&#8220; box_shadow_spread=&#8220;-24px&#8220; global_colors_info=&#8220;{}&#8220; theme_builder_area=&#8220;post_content&#8220;][\/et_pb_image][\/et_pb_column][\/et_pb_row][et_pb_row _builder_version=&#8220;4.16&#8243; _module_preset=&#8220;default&#8220; global_colors_info=&#8220;{}&#8220; theme_builder_area=&#8220;post_content&#8220;][et_pb_column type=&#8220;4_4&#8243; _builder_version=&#8220;4.16&#8243; _module_preset=&#8220;default&#8220; global_colors_info=&#8220;{}&#8220; theme_builder_area=&#8220;post_content&#8220;][et_pb_text _builder_version=&#8220;4.17.3&#8243; _module_preset=&#8220;default&#8220; text_font=&#8220;Roboto|500|||||||&#8220; text_font_size=&#8220;16px&#8220; global_colors_info=&#8220;{}&#8220; theme_builder_area=&#8220;post_content&#8220;]<\/p>\n<p>Teilweise sind die H\u00e4user den Originalen entsprechend eingerichtet oder sie dienen als Ausstellungsr\u00e4ume des Museums.<\/p>\n<p>Die Erforschung der Pfahlbauten ist noch l\u00e4ngst nicht abgeschlossen. Deshalb wird die Ausstellung kontinuierlich erweitert und erg\u00e4nzt.<\/p>\n<p>[\/et_pb_text][\/et_pb_column][\/et_pb_row][et_pb_row _builder_version=&#8220;4.16&#8243; _module_preset=&#8220;default&#8220; global_colors_info=&#8220;{}&#8220; theme_builder_area=&#8220;post_content&#8220;][et_pb_column type=&#8220;4_4&#8243; _builder_version=&#8220;4.16&#8243; _module_preset=&#8220;default&#8220; global_colors_info=&#8220;{}&#8220; theme_builder_area=&#8220;post_content&#8220;][et_pb_text _builder_version=&#8220;4.16&#8243; _module_preset=&#8220;default&#8220; header_font=&#8220;Roboto|700|||||||&#8220; header_2_font=&#8220;Roboto|700|||||||&#8220; header_3_font=&#8220;Roboto|700|||||||&#8220; global_colors_info=&#8220;{}&#8220; theme_builder_area=&#8220;post_content&#8220;]<\/p>\n<h3>Fazit:<\/h3>\n<p>[\/et_pb_text][et_pb_text _builder_version=&#8220;4.17.3&#8243; _module_preset=&#8220;default&#8220; text_font=&#8220;Roboto|500|||||||&#8220; text_font_size=&#8220;16px&#8220; global_colors_info=&#8220;{}&#8220; theme_builder_area=&#8220;post_content&#8220;]Ein Wochenende am Bodensee, mit Besichtigung der Insel Mainau, der Stadt Meersburg und der Pfahlbauten in Unteruhldingen ist ein mehr als abwechslungsreicher Ausflug.<\/p>\n<p>Speziell w\u00e4hrend der Bl\u00fctezeit im Fr\u00fchling und Fr\u00fchsommer, aber auch im Herbst ist der Bodensee ein hervorragendes Reiseziel.[\/et_pb_text][\/et_pb_column][\/et_pb_row][\/et_pb_section]<\/p>\n<!-- AddThis Advanced Settings generic via filter on the_content --><!-- AddThis Share Buttons generic via filter on the_content -->","protected":false},"excerpt":{"rendered":"<p>Wochenendausflug an den Bodensee &#8211; Reiseplanung:Der Bodensee ist das drittgr\u00f6\u00dfte Binnengew\u00e4sser in Mitteleuropa und verbindet drei L\u00e4nder, Deutschland, \u00d6sterreich und die Schweiz. Die Bodenseeregion ist ganzj\u00e4hrig ein beliebtes Ausflugs- und Reiseziel. Der Bodensee hat eine ganze Menge zu bieten. Wir haben uns f\u00fcr das Wochenende vorgenommen, die Stadt Meersburg, die Insel Mainau und die Pfahlbauten [&hellip;]<\/p>\n<p><!-- AddThis Advanced Settings generic via filter on get_the_excerpt --><!-- AddThis Share Buttons generic via filter on get_the_excerpt --><\/p>\n","protected":false},"author":1,"featured_media":6131,"comment_status":"open","ping_status":"open","sticky":false,"template":"","format":"standard","meta":{"_et_pb_use_builder":"on","_et_pb_old_content":"","_et_gb_content_width":"","footnotes":""},"categories":[1,21],"tags":[193,194,196,198,199,200,202,204,205],"class_list":["post-6231","post","type-post","status-publish","format-standard","has-post-thumbnail","hentry","category-blog","category-deutschland","tag-lake-constanz","tag-deutschland","tag-mainau","tag-blumeninsel","tag-meersburg","tag-pfahlbauten","tag-unteruhldingen","tag-welterbe","tag-weltkulturerbe"],"yoast_head":"<!-- This site is optimized with the Yoast SEO Premium plugin v27.3 (Yoast SEO v27.5) - https:\/\/yoast.com\/product\/yoast-seo-premium-wordpress\/ -->\n<title>Fotografie, Reisen &amp; mehr &#8902; Ein Wochenende am Bodensee<\/title>\n<meta name=\"description\" content=\"Ein Wochenende am Bodensee mit besichtigung der Blumeninsel Mainau, der Stadt Meersburg und den Pfahlbauten in Unteruhldingen.\" \/>\n<meta name=\"robots\" content=\"index, follow, max-snippet:-1, max-image-preview:large, max-video-preview:-1\" \/>\n<link rel=\"canonical\" href=\"https:\/\/msphotographics.de\/de\/ein-wochenende-am-bodensee\/\" \/>\n<meta property=\"og:locale\" content=\"de_DE\" \/>\n<meta property=\"og:type\" content=\"article\" \/>\n<meta property=\"og:title\" content=\"Ein Wochenende am Bodensee\" \/>\n<meta property=\"og:url\" content=\"https:\/\/msphotographics.de\/de\/ein-wochenende-am-bodensee\/\" \/>\n<meta property=\"og:site_name\" content=\"Fotografie, Reisen &amp; mehr\" \/>\n<meta property=\"article:published_time\" content=\"2022-05-02T03:46:10+00:00\" \/>\n<meta property=\"article:modified_time\" content=\"2024-04-28T00:59:33+00:00\" \/>\n<meta property=\"og:image\" content=\"https:\/\/msphotographics.de\/wp-content\/uploads\/2022\/04\/IMG_7333.jpg\" \/>\n\t<meta property=\"og:image:width\" content=\"1920\" \/>\n\t<meta property=\"og:image:height\" content=\"1280\" \/>\n\t<meta property=\"og:image:type\" content=\"image\/jpeg\" \/>\n<meta name=\"author\" content=\"M.S.Photographics\" \/>\n<meta name=\"twitter:card\" content=\"summary_large_image\" \/>\n<meta name=\"twitter:label1\" content=\"Verfasst von\" \/>\n\t<meta name=\"twitter:data1\" content=\"M.S.Photographics\" \/>\n\t<meta name=\"twitter:label2\" content=\"Gesch\u00e4tzte Lesezeit\" \/>\n\t<meta name=\"twitter:data2\" content=\"9\u00a0Minuten\" \/>\n<script type=\"application\/ld+json\" class=\"yoast-schema-graph\">{\"@context\":\"https:\\\/\\\/schema.org\",\"@graph\":[{\"@type\":\"Article\",\"@id\":\"https:\\\/\\\/msphotographics.de\\\/ein-wochenende-am-bodensee\\\/#article\",\"isPartOf\":{\"@id\":\"https:\\\/\\\/msphotographics.de\\\/ein-wochenende-am-bodensee\\\/\"},\"author\":{\"name\":\"M.S.Photographics\",\"@id\":\"https:\\\/\\\/msphotographics.de\\\/de\\\/#\\\/schema\\\/person\\\/995947ba8b7b2717c6f11f1b14b45e78\"},\"headline\":\"Ein Wochenende am Bodensee\",\"datePublished\":\"2022-05-02T03:46:10+00:00\",\"dateModified\":\"2024-04-28T00:59:33+00:00\",\"mainEntityOfPage\":{\"@id\":\"https:\\\/\\\/msphotographics.de\\\/ein-wochenende-am-bodensee\\\/\"},\"wordCount\":4878,\"commentCount\":0,\"publisher\":{\"@id\":\"https:\\\/\\\/msphotographics.de\\\/de\\\/#\\\/schema\\\/person\\\/995947ba8b7b2717c6f11f1b14b45e78\"},\"image\":{\"@id\":\"https:\\\/\\\/msphotographics.de\\\/ein-wochenende-am-bodensee\\\/#primaryimage\"},\"thumbnailUrl\":\"https:\\\/\\\/msphotographics.de\\\/wp-content\\\/uploads\\\/2022\\\/04\\\/IMG_7333.jpg\",\"keywords\":[\"Lake Constanz\",\"Deutschland\",\"Mainau\",\"Blumeninsel\",\"Meersburg\",\"Pfahlbauten\",\"Unteruhldingen\",\"Welterbe\",\"Weltkulturerbe\"],\"articleSection\":[\"Blog\",\"Deutschland\"],\"inLanguage\":\"de\",\"potentialAction\":[{\"@type\":\"CommentAction\",\"name\":\"Comment\",\"target\":[\"https:\\\/\\\/msphotographics.de\\\/ein-wochenende-am-bodensee\\\/#respond\"]}]},{\"@type\":\"WebPage\",\"@id\":\"https:\\\/\\\/msphotographics.de\\\/ein-wochenende-am-bodensee\\\/\",\"url\":\"https:\\\/\\\/msphotographics.de\\\/ein-wochenende-am-bodensee\\\/\",\"name\":\"Fotografie, Reisen &amp; mehr &#8902; Ein Wochenende am Bodensee\",\"isPartOf\":{\"@id\":\"https:\\\/\\\/msphotographics.de\\\/de\\\/#website\"},\"primaryImageOfPage\":{\"@id\":\"https:\\\/\\\/msphotographics.de\\\/ein-wochenende-am-bodensee\\\/#primaryimage\"},\"image\":{\"@id\":\"https:\\\/\\\/msphotographics.de\\\/ein-wochenende-am-bodensee\\\/#primaryimage\"},\"thumbnailUrl\":\"https:\\\/\\\/msphotographics.de\\\/wp-content\\\/uploads\\\/2022\\\/04\\\/IMG_7333.jpg\",\"datePublished\":\"2022-05-02T03:46:10+00:00\",\"dateModified\":\"2024-04-28T00:59:33+00:00\",\"description\":\"Ein Wochenende am Bodensee mit besichtigung der Blumeninsel Mainau, der Stadt Meersburg und den Pfahlbauten in Unteruhldingen.\",\"breadcrumb\":{\"@id\":\"https:\\\/\\\/msphotographics.de\\\/ein-wochenende-am-bodensee\\\/#breadcrumb\"},\"inLanguage\":\"de\",\"potentialAction\":[{\"@type\":\"ReadAction\",\"target\":[\"https:\\\/\\\/msphotographics.de\\\/ein-wochenende-am-bodensee\\\/\"]}]},{\"@type\":\"ImageObject\",\"inLanguage\":\"de\",\"@id\":\"https:\\\/\\\/msphotographics.de\\\/ein-wochenende-am-bodensee\\\/#primaryimage\",\"url\":\"https:\\\/\\\/msphotographics.de\\\/wp-content\\\/uploads\\\/2022\\\/04\\\/IMG_7333.jpg\",\"contentUrl\":\"https:\\\/\\\/msphotographics.de\\\/wp-content\\\/uploads\\\/2022\\\/04\\\/IMG_7333.jpg\",\"width\":1920,\"height\":1280},{\"@type\":\"BreadcrumbList\",\"@id\":\"https:\\\/\\\/msphotographics.de\\\/ein-wochenende-am-bodensee\\\/#breadcrumb\",\"itemListElement\":[{\"@type\":\"ListItem\",\"position\":1,\"name\":\"Startseite\",\"item\":\"https:\\\/\\\/msphotographics.de\\\/de\\\/\"},{\"@type\":\"ListItem\",\"position\":2,\"name\":\"Ein Wochenende am Bodensee\"}]},{\"@type\":\"WebSite\",\"@id\":\"https:\\\/\\\/msphotographics.de\\\/de\\\/#website\",\"url\":\"https:\\\/\\\/msphotographics.de\\\/de\\\/\",\"name\":\"Fotografie, Reisen &amp; mehr\",\"description\":\"msphotographics.de \u2013 Fotografie, Reisen &amp; mehr\",\"publisher\":{\"@id\":\"https:\\\/\\\/msphotographics.de\\\/de\\\/#\\\/schema\\\/person\\\/995947ba8b7b2717c6f11f1b14b45e78\"},\"potentialAction\":[{\"@type\":\"SearchAction\",\"target\":{\"@type\":\"EntryPoint\",\"urlTemplate\":\"https:\\\/\\\/msphotographics.de\\\/de\\\/?s={search_term_string}\"},\"query-input\":{\"@type\":\"PropertyValueSpecification\",\"valueRequired\":true,\"valueName\":\"search_term_string\"}}],\"inLanguage\":\"de\"},{\"@type\":[\"Person\",\"Organization\"],\"@id\":\"https:\\\/\\\/msphotographics.de\\\/de\\\/#\\\/schema\\\/person\\\/995947ba8b7b2717c6f11f1b14b45e78\",\"name\":\"M.S.Photographics\",\"image\":{\"@type\":\"ImageObject\",\"inLanguage\":\"de\",\"@id\":\"https:\\\/\\\/secure.gravatar.com\\\/avatar\\\/3058451759438ba90a082fe154ccc9e73b6793f476dacac396b9545b99eff8a3?s=96&d=mm&r=g\",\"url\":\"https:\\\/\\\/secure.gravatar.com\\\/avatar\\\/3058451759438ba90a082fe154ccc9e73b6793f476dacac396b9545b99eff8a3?s=96&d=mm&r=g\",\"contentUrl\":\"https:\\\/\\\/secure.gravatar.com\\\/avatar\\\/3058451759438ba90a082fe154ccc9e73b6793f476dacac396b9545b99eff8a3?s=96&d=mm&r=g\",\"caption\":\"M.S.Photographics\"},\"logo\":{\"@id\":\"https:\\\/\\\/secure.gravatar.com\\\/avatar\\\/3058451759438ba90a082fe154ccc9e73b6793f476dacac396b9545b99eff8a3?s=96&d=mm&r=g\"},\"sameAs\":[\"https:\\\/\\\/msphotographics.de\",\"https:\\\/\\\/www.instagram.com\\\/m.s.photographics\\\/\",\"https:\\\/\\\/www.youtube.com\\\/channel\\\/UC3KuRDk11lqPgeInWMM1daQ\"]}]}<\/script>\n<!-- \/ Yoast SEO Premium plugin. -->","yoast_head_json":{"title":"Fotografie, Reisen &amp; mehr &#8902; Ein Wochenende am Bodensee","description":"Ein Wochenende am Bodensee mit besichtigung der Blumeninsel Mainau, der Stadt Meersburg und den Pfahlbauten in Unteruhldingen.","robots":{"index":"index","follow":"follow","max-snippet":"max-snippet:-1","max-image-preview":"max-image-preview:large","max-video-preview":"max-video-preview:-1"},"canonical":"https:\/\/msphotographics.de\/de\/ein-wochenende-am-bodensee\/","og_locale":"de_DE","og_type":"article","og_title":"Ein Wochenende am Bodensee","og_url":"https:\/\/msphotographics.de\/de\/ein-wochenende-am-bodensee\/","og_site_name":"Fotografie, Reisen &amp; mehr","article_published_time":"2022-05-02T03:46:10+00:00","article_modified_time":"2024-04-28T00:59:33+00:00","og_image":[{"width":1920,"height":1280,"url":"https:\/\/msphotographics.de\/wp-content\/uploads\/2022\/04\/IMG_7333.jpg","type":"image\/jpeg"}],"author":"M.S.Photographics","twitter_card":"summary_large_image","twitter_misc":{"Verfasst von":"M.S.Photographics","Gesch\u00e4tzte Lesezeit":"9\u00a0Minuten"},"schema":{"@context":"https:\/\/schema.org","@graph":[{"@type":"Article","@id":"https:\/\/msphotographics.de\/ein-wochenende-am-bodensee\/#article","isPartOf":{"@id":"https:\/\/msphotographics.de\/ein-wochenende-am-bodensee\/"},"author":{"name":"M.S.Photographics","@id":"https:\/\/msphotographics.de\/de\/#\/schema\/person\/995947ba8b7b2717c6f11f1b14b45e78"},"headline":"Ein Wochenende am Bodensee","datePublished":"2022-05-02T03:46:10+00:00","dateModified":"2024-04-28T00:59:33+00:00","mainEntityOfPage":{"@id":"https:\/\/msphotographics.de\/ein-wochenende-am-bodensee\/"},"wordCount":4878,"commentCount":0,"publisher":{"@id":"https:\/\/msphotographics.de\/de\/#\/schema\/person\/995947ba8b7b2717c6f11f1b14b45e78"},"image":{"@id":"https:\/\/msphotographics.de\/ein-wochenende-am-bodensee\/#primaryimage"},"thumbnailUrl":"https:\/\/msphotographics.de\/wp-content\/uploads\/2022\/04\/IMG_7333.jpg","keywords":["Lake Constanz","Deutschland","Mainau","Blumeninsel","Meersburg","Pfahlbauten","Unteruhldingen","Welterbe","Weltkulturerbe"],"articleSection":["Blog","Deutschland"],"inLanguage":"de","potentialAction":[{"@type":"CommentAction","name":"Comment","target":["https:\/\/msphotographics.de\/ein-wochenende-am-bodensee\/#respond"]}]},{"@type":"WebPage","@id":"https:\/\/msphotographics.de\/ein-wochenende-am-bodensee\/","url":"https:\/\/msphotographics.de\/ein-wochenende-am-bodensee\/","name":"Fotografie, Reisen &amp; mehr &#8902; Ein Wochenende am Bodensee","isPartOf":{"@id":"https:\/\/msphotographics.de\/de\/#website"},"primaryImageOfPage":{"@id":"https:\/\/msphotographics.de\/ein-wochenende-am-bodensee\/#primaryimage"},"image":{"@id":"https:\/\/msphotographics.de\/ein-wochenende-am-bodensee\/#primaryimage"},"thumbnailUrl":"https:\/\/msphotographics.de\/wp-content\/uploads\/2022\/04\/IMG_7333.jpg","datePublished":"2022-05-02T03:46:10+00:00","dateModified":"2024-04-28T00:59:33+00:00","description":"Ein Wochenende am Bodensee mit besichtigung der Blumeninsel Mainau, der Stadt Meersburg und den Pfahlbauten in Unteruhldingen.","breadcrumb":{"@id":"https:\/\/msphotographics.de\/ein-wochenende-am-bodensee\/#breadcrumb"},"inLanguage":"de","potentialAction":[{"@type":"ReadAction","target":["https:\/\/msphotographics.de\/ein-wochenende-am-bodensee\/"]}]},{"@type":"ImageObject","inLanguage":"de","@id":"https:\/\/msphotographics.de\/ein-wochenende-am-bodensee\/#primaryimage","url":"https:\/\/msphotographics.de\/wp-content\/uploads\/2022\/04\/IMG_7333.jpg","contentUrl":"https:\/\/msphotographics.de\/wp-content\/uploads\/2022\/04\/IMG_7333.jpg","width":1920,"height":1280},{"@type":"BreadcrumbList","@id":"https:\/\/msphotographics.de\/ein-wochenende-am-bodensee\/#breadcrumb","itemListElement":[{"@type":"ListItem","position":1,"name":"Startseite","item":"https:\/\/msphotographics.de\/de\/"},{"@type":"ListItem","position":2,"name":"Ein Wochenende am Bodensee"}]},{"@type":"WebSite","@id":"https:\/\/msphotographics.de\/de\/#website","url":"https:\/\/msphotographics.de\/de\/","name":"Fotografie, Reisen &amp; mehr","description":"msphotographics.de \u2013 Fotografie, Reisen &amp; mehr","publisher":{"@id":"https:\/\/msphotographics.de\/de\/#\/schema\/person\/995947ba8b7b2717c6f11f1b14b45e78"},"potentialAction":[{"@type":"SearchAction","target":{"@type":"EntryPoint","urlTemplate":"https:\/\/msphotographics.de\/de\/?s={search_term_string}"},"query-input":{"@type":"PropertyValueSpecification","valueRequired":true,"valueName":"search_term_string"}}],"inLanguage":"de"},{"@type":["Person","Organization"],"@id":"https:\/\/msphotographics.de\/de\/#\/schema\/person\/995947ba8b7b2717c6f11f1b14b45e78","name":"M.S.Photographics","image":{"@type":"ImageObject","inLanguage":"de","@id":"https:\/\/secure.gravatar.com\/avatar\/3058451759438ba90a082fe154ccc9e73b6793f476dacac396b9545b99eff8a3?s=96&d=mm&r=g","url":"https:\/\/secure.gravatar.com\/avatar\/3058451759438ba90a082fe154ccc9e73b6793f476dacac396b9545b99eff8a3?s=96&d=mm&r=g","contentUrl":"https:\/\/secure.gravatar.com\/avatar\/3058451759438ba90a082fe154ccc9e73b6793f476dacac396b9545b99eff8a3?s=96&d=mm&r=g","caption":"M.S.Photographics"},"logo":{"@id":"https:\/\/secure.gravatar.com\/avatar\/3058451759438ba90a082fe154ccc9e73b6793f476dacac396b9545b99eff8a3?s=96&d=mm&r=g"},"sameAs":["https:\/\/msphotographics.de","https:\/\/www.instagram.com\/m.s.photographics\/","https:\/\/www.youtube.com\/channel\/UC3KuRDk11lqPgeInWMM1daQ"]}]}},"_links":{"self":[{"href":"https:\/\/msphotographics.de\/de\/wp-json\/wp\/v2\/posts\/6231","targetHints":{"allow":["GET"]}}],"collection":[{"href":"https:\/\/msphotographics.de\/de\/wp-json\/wp\/v2\/posts"}],"about":[{"href":"https:\/\/msphotographics.de\/de\/wp-json\/wp\/v2\/types\/post"}],"author":[{"embeddable":true,"href":"https:\/\/msphotographics.de\/de\/wp-json\/wp\/v2\/users\/1"}],"replies":[{"embeddable":true,"href":"https:\/\/msphotographics.de\/de\/wp-json\/wp\/v2\/comments?post=6231"}],"version-history":[{"count":0,"href":"https:\/\/msphotographics.de\/de\/wp-json\/wp\/v2\/posts\/6231\/revisions"}],"wp:featuredmedia":[{"embeddable":true,"href":"https:\/\/msphotographics.de\/de\/wp-json\/wp\/v2\/media\/6131"}],"wp:attachment":[{"href":"https:\/\/msphotographics.de\/de\/wp-json\/wp\/v2\/media?parent=6231"}],"wp:term":[{"taxonomy":"category","embeddable":true,"href":"https:\/\/msphotographics.de\/de\/wp-json\/wp\/v2\/categories?post=6231"},{"taxonomy":"post_tag","embeddable":true,"href":"https:\/\/msphotographics.de\/de\/wp-json\/wp\/v2\/tags?post=6231"}],"curies":[{"name":"wp","href":"https:\/\/api.w.org\/{rel}","templated":true}]}}