{"id":9675,"date":"2025-07-01T12:03:15","date_gmt":"2025-07-01T10:03:15","guid":{"rendered":"https:\/\/msphotographics.de\/?p=9675"},"modified":"2026-05-03T05:29:53","modified_gmt":"2026-05-03T03:29:53","slug":"kyoto-nara-und-osaka","status":"publish","type":"post","link":"https:\/\/msphotographics.de\/de\/kyoto-nara-und-osaka\/","title":{"rendered":"Kyoto, Nara und Osaka"},"content":{"rendered":"\n<div class=\"et_pb_section_0 et_pb_section et_section_regular et_block_section\"><div class=\"et_pb_row_0 et_pb_row et_block_row\"><div class=\"et_pb_column_0 et_pb_column et_pb_column_4_4 et-last-child et_block_column et_pb_css_mix_blend_mode_passthrough\"><div class=\"et_pb_text_0 et_pb_text et_pb_bg_layout_light et_pb_module et_block_module\"><div class=\"et_pb_text_inner\"><h3>Kyoto, Nara und Osaka:<\/h3>\n<\/div><\/div><div class=\"et_pb_text_1 et_pb_text et_pb_bg_layout_light et_pb_module et_block_module\"><div class=\"et_pb_text_inner\"><p>F\u00fcr die Besichtigung von Kyoto mit Fahrt nach Nara und Osaka haben wir f\u00fcnf Tage geplant, bevor wir dann Japan wieder verlassen und zur\u00fcck nach Peking fliegen.<\/p>\n<p>Von Tokio aus ist Kyoto mit dem Shinkansen, Japans Hochgeschwindigkeitszug, in gut zwei Stunden zu erreichen.<\/p>\n<\/div><\/div><div class=\"et_pb_module et_d4_element dsm_embed_google_map dsm_embed_google_map_0\">\n\t\t\t\t\n\t\t\t\t\n\t\t\t\t\n\t\t\t\t\n\t\t\t\t\n\t\t\t\t\n\t\t\t\t<div class=\"et_pb_module_inner\">\n\t\t\t\t\t<iframe loading=\"lazy\" frameborder=\"0\" scrolling=\"no\" marginheight=\"0\" marginwidth=\"0\" referrerPolicy=\"no-referrer-when-downgrade\" src=\"https:\/\/www.google.com\/maps\/embed\/v1\/place?key=AIzaSyCNXajxYAwmv-y_uwv0H__5xW8I-WTN2iA&amp;q=Kyoto%2C%20Japan&amp;zoom=9&amp;language=de_DE\" aria-label=\"Kyoto, Japan\"><\/iframe>\n\t\t\t\t<\/div>\n\t\t\t<\/div><div class=\"et_pb_text_2 et_pb_text et_pb_bg_layout_light et_pb_module et_block_module\"><div class=\"et_pb_text_inner\"><p>Kyoto, einst die kaiserliche Hauptstadt Japans (794\u20131868), gilt als kulturelles Herz des Landes. Die Stadt vereint \u00fcber 1.000 Jahre Geschichte mit eindrucksvoller Tradition, buddhistischen Tempeln, Shinto-Schreinen, Zen-G\u00e4rten, Kaiserpal\u00e4sten und alten Teeh\u00e4usern.<\/p>\n<p>Im Gegensatz zum modernen Tokio zeigt sich Kyoto betont ruhig, elegant und traditionsbewusst.<\/p>\n<\/div><\/div><\/div><\/div><div class=\"et_pb_row_1 et_pb_row et_block_row\"><div class=\"et_pb_column_1 et_pb_column et_pb_column_4_4 et-last-child et_block_column et_pb_css_mix_blend_mode_passthrough\"><div class=\"et_pb_text_3 et_pb_text et_pb_bg_layout_light et_pb_module et_block_module\"><div class=\"et_pb_text_inner\"><h3>Ankunft in Kyoto:<\/h3>\n<\/div><\/div><\/div><\/div><div class=\"et_pb_row_2 et_pb_row et_block_row\"><div class=\"et_pb_column_2 et_pb_column et_pb_column_4_4 et-last-child et_block_column et_pb_css_mix_blend_mode_passthrough\"><div class=\"et_pb_text_4 et_pb_text et_pb_bg_layout_light et_pb_module et_block_module\"><div class=\"et_pb_text_inner\"><p>In Kyoto haben wir f\u00fcr drei N\u00e4chte in einem Hotel in fu\u00dfl\u00e4ufiger Umgebung zum Bahnhof gewohnt. Da wir sowohl mit dem Zug in Kyoto angekommen sind, als auch von dort weiter nach Nara und Osaka fahren werden ist die Lage in Bahnhofsn\u00e4he optimal.<\/p>\n<p>Wie in Tokio, kommt man auch in Kyoto bestens mit den \u00f6ffentlichen Verkehrsmitteln zu den bekanntesten Sehensw\u00fcrdigkeiten der Stadt.<\/p>\n<\/div><\/div><\/div><\/div><div class=\"et_pb_row_3 et_pb_row et_block_row\"><div class=\"et_pb_column_3 et_pb_column et_pb_column_4_4 et-last-child et_block_column et_pb_css_mix_blend_mode_passthrough\"><div class=\"et_pb_text_5 et_pb_text et_pb_bg_layout_light et_pb_module et_block_module\"><div class=\"et_pb_text_inner\"><h3>Der Fushimi Inari-Taisha - der ber\u00fchmteste Schrein Kyotos:<\/h3>\n<\/div><\/div><\/div><\/div><div class=\"et_pb_row_4 et_pb_row et_block_row\"><div class=\"et_pb_column_4 et_pb_column et_pb_column_4_4 et-last-child et_block_column et_pb_css_mix_blend_mode_passthrough\"><div class=\"et_pb_text_6 et_pb_text et_pb_bg_layout_light et_pb_module et_block_module\"><div class=\"et_pb_text_inner\"><p>Der Fushimi Inari-Taisha ist einer der bekanntesten und meistbesuchten Schreine Japans \u2013 ein spirituelles und visuelles Wahrzeichen der Stadt Kyoto.<\/p>\n<\/div><\/div><\/div><\/div><div class=\"et_pb_row_5 et_pb_row et_block_row\"><div class=\"et_pb_column_5 et_pb_column et_pb_column_4_4 et-last-child et_block_column et_pb_css_mix_blend_mode_passthrough\"><div class=\"et_pb_image_0 et_pb_image et_pb_has_overlay et_pb_module et_block_module\"><a href=\"https:\/\/msphotographics.de\/wp-content\/uploads\/2025\/06\/A4A4797.jpg\" class=\"et_pb_lightbox_image\"><span class=\"et_pb_image_wrap\"><img decoding=\"async\" src=\"https:\/\/msphotographics.de\/wp-content\/uploads\/2025\/06\/A4A4797.jpg\" width=\"1920\" height=\"1280\" srcset=\"https:\/\/msphotographics.de\/wp-content\/uploads\/2025\/06\/A4A4797.jpg 1920w, https:\/\/msphotographics.de\/wp-content\/uploads\/2025\/06\/A4A4797-1280x853.jpg 1280w, https:\/\/msphotographics.de\/wp-content\/uploads\/2025\/06\/A4A4797-980x653.jpg 980w, https:\/\/msphotographics.de\/wp-content\/uploads\/2025\/06\/A4A4797-480x320.jpg 480w\" sizes=\"(min-width: 0px) and (max-width: 480px) 480px, (min-width: 481px) and (max-width: 980px) 980px, (min-width: 981px) and (max-width: 1280px) 1280px, (min-width: 1281px) 1920px, 100vw\" class=\"wp-image-9610\" title=\"_A4A4797\" \/><span class=\"et_overlay\"><\/span><\/span><\/a><\/div><\/div><\/div><div class=\"et_pb_row_6 et_pb_row et_block_row\"><div class=\"et_pb_column_6 et_pb_column et_pb_column_4_4 et-last-child et_block_column et_pb_css_mix_blend_mode_passthrough\"><div class=\"et_pb_text_7 et_pb_text et_pb_bg_layout_light et_pb_module et_block_module\"><div class=\"et_pb_text_inner\"><p>Gegr\u00fcndet im Jahr 711, ist er dem Shinto-Gott Inari gewidmet, dem Schutzpatron f\u00fcr Reis, Wohlstand und Handel. Der Schrein liegt am Fu\u00dfe des Inari-Berges im S\u00fcden Kyotos und geh\u00f6rt zu den wichtigsten Inari-Schreinen des Landes.<\/p>\n<\/div><\/div><\/div><\/div><div class=\"et_pb_row_7 et_pb_row et_block_row\"><div class=\"et_pb_column_7 et_pb_column et_pb_column_1_2 et_block_column et_pb_css_mix_blend_mode_passthrough\"><div class=\"et_pb_image_1 et_pb_image et_pb_has_overlay et_pb_module et_block_module\"><a href=\"https:\/\/msphotographics.de\/wp-content\/uploads\/2025\/06\/A4A4800.jpg\" class=\"et_pb_lightbox_image\"><span class=\"et_pb_image_wrap\"><img decoding=\"async\" src=\"https:\/\/msphotographics.de\/wp-content\/uploads\/2025\/06\/A4A4800.jpg\" width=\"1920\" height=\"1280\" srcset=\"https:\/\/msphotographics.de\/wp-content\/uploads\/2025\/06\/A4A4800.jpg 1920w, https:\/\/msphotographics.de\/wp-content\/uploads\/2025\/06\/A4A4800-1280x853.jpg 1280w, https:\/\/msphotographics.de\/wp-content\/uploads\/2025\/06\/A4A4800-980x653.jpg 980w, https:\/\/msphotographics.de\/wp-content\/uploads\/2025\/06\/A4A4800-480x320.jpg 480w\" sizes=\"(min-width: 0px) and (max-width: 480px) 480px, (min-width: 481px) and (max-width: 980px) 980px, (min-width: 981px) and (max-width: 1280px) 1280px, (min-width: 1281px) 1920px, 100vw\" class=\"wp-image-9611\" title=\"_A4A4800\" \/><span class=\"et_overlay\"><\/span><\/span><\/a><\/div><\/div><div class=\"et_pb_column_8 et_pb_column et_pb_column_1_2 et-last-child et_block_column et_pb_css_mix_blend_mode_passthrough\"><div class=\"et_pb_image_2 et_pb_image et_pb_has_overlay et_pb_module et_block_module\"><a href=\"https:\/\/msphotographics.de\/wp-content\/uploads\/2025\/06\/A4A4803.jpg\" class=\"et_pb_lightbox_image\"><span class=\"et_pb_image_wrap\"><img decoding=\"async\" src=\"https:\/\/msphotographics.de\/wp-content\/uploads\/2025\/06\/A4A4803.jpg\" title=\"_A4A4803\" width=\"1920\" height=\"1280\" srcset=\"https:\/\/msphotographics.de\/wp-content\/uploads\/2025\/06\/A4A4803.jpg 1920w, https:\/\/msphotographics.de\/wp-content\/uploads\/2025\/06\/A4A4803-1280x853.jpg 1280w, https:\/\/msphotographics.de\/wp-content\/uploads\/2025\/06\/A4A4803-980x653.jpg 980w, https:\/\/msphotographics.de\/wp-content\/uploads\/2025\/06\/A4A4803-480x320.jpg 480w\" sizes=\"(min-width: 0px) and (max-width: 480px) 480px, (min-width: 481px) and (max-width: 980px) 980px, (min-width: 981px) and (max-width: 1280px) 1280px, (min-width: 1281px) 1920px, 100vw\" class=\"wp-image-9613\" \/><span class=\"et_overlay\"><\/span><\/span><\/a><\/div><\/div><\/div><div class=\"et_pb_row_8 et_pb_row et_block_row\"><div class=\"et_pb_column_9 et_pb_column et_pb_column_4_4 et-last-child et_block_column et_pb_css_mix_blend_mode_passthrough\"><div class=\"et_pb_text_8 et_pb_text et_pb_bg_layout_light et_pb_module et_block_module\"><div class=\"et_pb_text_inner\"><p>Was Fushimi Inari-Taisha weltber\u00fchmt macht, ist der kilometerlange Weg durch rund 10.000 leuchtend rote Torii-Tore, die sich serpentinenartig den Berg hinaufziehen.<\/p>\n<\/div><\/div><\/div><\/div><div class=\"et_pb_row_9 et_pb_row et_block_row\"><div class=\"et_pb_column_10 et_pb_column et_pb_column_1_3 et_block_column et_pb_css_mix_blend_mode_passthrough\"><div class=\"et_pb_image_3 et_pb_image et_pb_has_overlay et_pb_module et_block_module\"><a href=\"https:\/\/msphotographics.de\/wp-content\/uploads\/2025\/06\/A4A4823.jpg\" class=\"et_pb_lightbox_image\"><span class=\"et_pb_image_wrap\"><img decoding=\"async\" src=\"https:\/\/msphotographics.de\/wp-content\/uploads\/2025\/06\/A4A4823.jpg\" width=\"1280\" height=\"1920\" srcset=\"https:\/\/msphotographics.de\/wp-content\/uploads\/2025\/06\/A4A4823.jpg 1280w, https:\/\/msphotographics.de\/wp-content\/uploads\/2025\/06\/A4A4823-980x1470.jpg 980w, https:\/\/msphotographics.de\/wp-content\/uploads\/2025\/06\/A4A4823-480x720.jpg 480w\" sizes=\"(min-width: 0px) and (max-width: 480px) 480px, (min-width: 481px) and (max-width: 980px) 980px, (min-width: 981px) 1280px, 100vw\" class=\"wp-image-9614\" title=\"_A4A4823\" \/><span class=\"et_overlay\"><\/span><\/span><\/a><\/div><\/div><div class=\"et_pb_column_11 et_pb_column et_pb_column_1_3 et_block_column et_pb_css_mix_blend_mode_passthrough\"><div class=\"et_pb_image_4 et_pb_image et_pb_has_overlay et_pb_module et_block_module\"><a href=\"https:\/\/msphotographics.de\/wp-content\/uploads\/2025\/06\/IMG_9939.jpg\" class=\"et_pb_lightbox_image\"><span class=\"et_pb_image_wrap\"><img decoding=\"async\" src=\"https:\/\/msphotographics.de\/wp-content\/uploads\/2025\/06\/IMG_9939.jpg\" width=\"1440\" height=\"1920\" srcset=\"https:\/\/msphotographics.de\/wp-content\/uploads\/2025\/06\/IMG_9939.jpg 1440w, https:\/\/msphotographics.de\/wp-content\/uploads\/2025\/06\/IMG_9939-1280x1707.jpg 1280w, https:\/\/msphotographics.de\/wp-content\/uploads\/2025\/06\/IMG_9939-980x1307.jpg 980w, https:\/\/msphotographics.de\/wp-content\/uploads\/2025\/06\/IMG_9939-480x640.jpg 480w\" sizes=\"(min-width: 0px) and (max-width: 480px) 480px, (min-width: 481px) and (max-width: 980px) 980px, (min-width: 981px) and (max-width: 1280px) 1280px, (min-width: 1281px) 1440px, 100vw\" class=\"wp-image-9684\" title=\"IMG_9939\" \/><span class=\"et_overlay\"><\/span><\/span><\/a><\/div><\/div><div class=\"et_pb_column_12 et_pb_column et_pb_column_1_3 et-last-child et_block_column et_pb_css_mix_blend_mode_passthrough\"><div class=\"et_pb_image_5 et_pb_image et_pb_has_overlay et_pb_module et_block_module\"><a href=\"https:\/\/msphotographics.de\/wp-content\/uploads\/2025\/06\/A4A4840.jpg\" class=\"et_pb_lightbox_image\"><span class=\"et_pb_image_wrap\"><img decoding=\"async\" src=\"https:\/\/msphotographics.de\/wp-content\/uploads\/2025\/06\/A4A4840.jpg\" width=\"1280\" height=\"1920\" srcset=\"https:\/\/msphotographics.de\/wp-content\/uploads\/2025\/06\/A4A4840.jpg 1280w, https:\/\/msphotographics.de\/wp-content\/uploads\/2025\/06\/A4A4840-980x1470.jpg 980w, https:\/\/msphotographics.de\/wp-content\/uploads\/2025\/06\/A4A4840-480x720.jpg 480w\" sizes=\"(min-width: 0px) and (max-width: 480px) 480px, (min-width: 481px) and (max-width: 980px) 980px, (min-width: 981px) 1280px, 100vw\" class=\"wp-image-9616\" title=\"_A4A4840\" \/><span class=\"et_overlay\"><\/span><\/span><\/a><\/div><\/div><\/div><div class=\"et_pb_row_10 et_pb_row et_block_row\"><div class=\"et_pb_column_13 et_pb_column et_pb_column_4_4 et-last-child et_block_column et_pb_css_mix_blend_mode_passthrough\"><div class=\"et_pb_text_9 et_pb_text et_pb_bg_layout_light et_pb_module et_block_module\"><div class=\"et_pb_text_inner\"><p> Jedes Tor wurde von einem Spender \u2013 meist ein Unternehmen \u2013 gestiftet, in der Hoffnung auf gesch\u00e4ftlichen Erfolg. Die Atmosph\u00e4re ist magisch \u2013 besonders in den fr\u00fchen Morgenstunden oder bei Sonnenuntergang.<\/p>\n<\/div><\/div><\/div><\/div><div class=\"et_pb_row_11 et_pb_row et_block_row\"><div class=\"et_pb_column_14 et_pb_column et_pb_column_4_4 et-last-child et_block_column et_pb_css_mix_blend_mode_passthrough\"><div class=\"et_pb_image_6 et_pb_image et_pb_has_overlay et_pb_module et_block_module\"><a href=\"https:\/\/msphotographics.de\/wp-content\/uploads\/2025\/06\/A4A4839.jpg\" class=\"et_pb_lightbox_image\"><span class=\"et_pb_image_wrap\"><img decoding=\"async\" src=\"https:\/\/msphotographics.de\/wp-content\/uploads\/2025\/06\/A4A4839.jpg\" width=\"1920\" height=\"1280\" srcset=\"https:\/\/msphotographics.de\/wp-content\/uploads\/2025\/06\/A4A4839.jpg 1920w, https:\/\/msphotographics.de\/wp-content\/uploads\/2025\/06\/A4A4839-1280x853.jpg 1280w, https:\/\/msphotographics.de\/wp-content\/uploads\/2025\/06\/A4A4839-980x653.jpg 980w, https:\/\/msphotographics.de\/wp-content\/uploads\/2025\/06\/A4A4839-480x320.jpg 480w\" sizes=\"(min-width: 0px) and (max-width: 480px) 480px, (min-width: 481px) and (max-width: 980px) 980px, (min-width: 981px) and (max-width: 1280px) 1280px, (min-width: 1281px) 1920px, 100vw\" class=\"wp-image-9615\" title=\"_A4A4839\" \/><span class=\"et_overlay\"><\/span><\/span><\/a><\/div><\/div><\/div><div class=\"et_pb_row_12 et_pb_row et_block_row\"><div class=\"et_pb_column_15 et_pb_column et_pb_column_4_4 et-last-child et_block_column et_pb_css_mix_blend_mode_passthrough\"><div class=\"et_pb_text_10 et_pb_text et_pb_bg_layout_light et_pb_module et_block_module\"><div class=\"et_pb_text_inner\"><p>Die Wanderung bis zur Spitze des Inari-Berges dauert rund 2 Stunden. Von oben hat man einen wunderbaren Blick \u00fcber die Stadt. Der Gipfel des Berges eignet sich ebenfalls hervorragend, um den Sonnenuntergang zu beobachten.<\/p>\n<\/div><\/div><\/div><\/div><div class=\"et_pb_row_13 et_pb_row et_block_row\"><div class=\"et_pb_column_16 et_pb_column et_pb_column_1_2 et_block_column et_pb_css_mix_blend_mode_passthrough\"><div class=\"et_pb_image_7 et_pb_image et_pb_has_overlay et_pb_module et_block_module\"><a href=\"https:\/\/msphotographics.de\/wp-content\/uploads\/2025\/06\/A4A4846.jpg\" class=\"et_pb_lightbox_image\"><span class=\"et_pb_image_wrap\"><img decoding=\"async\" src=\"https:\/\/msphotographics.de\/wp-content\/uploads\/2025\/06\/A4A4846.jpg\" width=\"1920\" height=\"1280\" srcset=\"https:\/\/msphotographics.de\/wp-content\/uploads\/2025\/06\/A4A4846.jpg 1920w, https:\/\/msphotographics.de\/wp-content\/uploads\/2025\/06\/A4A4846-1280x853.jpg 1280w, https:\/\/msphotographics.de\/wp-content\/uploads\/2025\/06\/A4A4846-980x653.jpg 980w, https:\/\/msphotographics.de\/wp-content\/uploads\/2025\/06\/A4A4846-480x320.jpg 480w\" sizes=\"(min-width: 0px) and (max-width: 480px) 480px, (min-width: 481px) and (max-width: 980px) 980px, (min-width: 981px) and (max-width: 1280px) 1280px, (min-width: 1281px) 1920px, 100vw\" class=\"wp-image-9617\" title=\"_A4A4846\" \/><span class=\"et_overlay\"><\/span><\/span><\/a><\/div><\/div><div class=\"et_pb_column_17 et_pb_column et_pb_column_1_2 et-last-child et_block_column et_pb_css_mix_blend_mode_passthrough\"><div class=\"et_pb_image_8 et_pb_image et_pb_has_overlay et_pb_module et_block_module\"><a href=\"https:\/\/msphotographics.de\/wp-content\/uploads\/2025\/06\/A4A4849.jpg\" class=\"et_pb_lightbox_image\"><span class=\"et_pb_image_wrap\"><img decoding=\"async\" src=\"https:\/\/msphotographics.de\/wp-content\/uploads\/2025\/06\/A4A4849.jpg\" width=\"1920\" height=\"1280\" srcset=\"https:\/\/msphotographics.de\/wp-content\/uploads\/2025\/06\/A4A4849.jpg 1920w, https:\/\/msphotographics.de\/wp-content\/uploads\/2025\/06\/A4A4849-1280x853.jpg 1280w, https:\/\/msphotographics.de\/wp-content\/uploads\/2025\/06\/A4A4849-980x653.jpg 980w, https:\/\/msphotographics.de\/wp-content\/uploads\/2025\/06\/A4A4849-480x320.jpg 480w\" sizes=\"(min-width: 0px) and (max-width: 480px) 480px, (min-width: 481px) and (max-width: 980px) 980px, (min-width: 981px) and (max-width: 1280px) 1280px, (min-width: 1281px) 1920px, 100vw\" class=\"wp-image-9618\" title=\"_A4A4849\" \/><span class=\"et_overlay\"><\/span><\/span><\/a><\/div><\/div><\/div><div class=\"et_pb_row_14 et_pb_row et_block_row\"><div class=\"et_pb_column_18 et_pb_column et_pb_column_4_4 et-last-child et_block_column et_pb_css_mix_blend_mode_passthrough\"><div class=\"et_pb_text_11 et_pb_text et_pb_bg_layout_light et_pb_module et_block_module\"><div class=\"et_pb_text_inner\"><p>Entlang des Weges finden sich kleinere Schreine, Steintafeln und Aussichtsplattformen mit Blick auf Kyoto. Der Ort l\u00e4dt ein zur stillen Einkehr \u2013 viele Einheimische nutzen ihn f\u00fcr pers\u00f6nliche Gebete oder Dankopfer.<\/p>\n<\/div><\/div><\/div><\/div><div class=\"et_pb_row_15 et_pb_row et_block_row\"><div class=\"et_pb_column_19 et_pb_column et_pb_column_1_2 et_block_column et_pb_css_mix_blend_mode_passthrough\"><div class=\"et_pb_image_9 et_pb_image et_pb_has_overlay et_pb_module et_block_module\"><a href=\"https:\/\/msphotographics.de\/wp-content\/uploads\/2025\/06\/A4A4850.jpg\" class=\"et_pb_lightbox_image\"><span class=\"et_pb_image_wrap\"><img decoding=\"async\" src=\"https:\/\/msphotographics.de\/wp-content\/uploads\/2025\/06\/A4A4850.jpg\" width=\"1920\" height=\"1280\" srcset=\"https:\/\/msphotographics.de\/wp-content\/uploads\/2025\/06\/A4A4850.jpg 1920w, https:\/\/msphotographics.de\/wp-content\/uploads\/2025\/06\/A4A4850-1280x853.jpg 1280w, https:\/\/msphotographics.de\/wp-content\/uploads\/2025\/06\/A4A4850-980x653.jpg 980w, https:\/\/msphotographics.de\/wp-content\/uploads\/2025\/06\/A4A4850-480x320.jpg 480w\" sizes=\"(min-width: 0px) and (max-width: 480px) 480px, (min-width: 481px) and (max-width: 980px) 980px, (min-width: 981px) and (max-width: 1280px) 1280px, (min-width: 1281px) 1920px, 100vw\" class=\"wp-image-9689\" title=\"_A4A4850\" \/><span class=\"et_overlay\"><\/span><\/span><\/a><\/div><\/div><div class=\"et_pb_column_20 et_pb_column et_pb_column_1_2 et-last-child et_block_column et_pb_css_mix_blend_mode_passthrough\"><div class=\"et_pb_image_10 et_pb_image et_pb_has_overlay et_pb_module et_block_module\"><a href=\"https:\/\/msphotographics.de\/wp-content\/uploads\/2025\/06\/A4A4854.jpg\" class=\"et_pb_lightbox_image\"><span class=\"et_pb_image_wrap\"><img decoding=\"async\" src=\"https:\/\/msphotographics.de\/wp-content\/uploads\/2025\/06\/A4A4854.jpg\" width=\"1920\" height=\"1280\" srcset=\"https:\/\/msphotographics.de\/wp-content\/uploads\/2025\/06\/A4A4854.jpg 1920w, https:\/\/msphotographics.de\/wp-content\/uploads\/2025\/06\/A4A4854-1280x853.jpg 1280w, https:\/\/msphotographics.de\/wp-content\/uploads\/2025\/06\/A4A4854-980x653.jpg 980w, https:\/\/msphotographics.de\/wp-content\/uploads\/2025\/06\/A4A4854-480x320.jpg 480w\" sizes=\"(min-width: 0px) and (max-width: 480px) 480px, (min-width: 481px) and (max-width: 980px) 980px, (min-width: 981px) and (max-width: 1280px) 1280px, (min-width: 1281px) 1920px, 100vw\" class=\"wp-image-9619\" title=\"_A4A4854\" \/><span class=\"et_overlay\"><\/span><\/span><\/a><\/div><\/div><\/div><div class=\"et_pb_row_16 et_pb_row et_block_row\"><div class=\"et_pb_column_21 et_pb_column et_pb_column_4_4 et-last-child et_block_column et_pb_css_mix_blend_mode_passthrough\"><div class=\"et_pb_text_12 et_pb_text et_pb_bg_layout_light et_pb_module et_block_module\"><div class=\"et_pb_text_inner\"><p>Fushimi Inari-Taisha ist mehr als ein Fotomotiv \u2013 er ist ein lebendiges Zentrum des Glaubens und eine Br\u00fccke zwischen Natur, Tradition und Spiritualit\u00e4t. Ein Besuch geh\u00f6rt zu den unvergesslichen Erlebnissen jeder Kyoto-Reise.<\/p>\n<\/div><\/div><\/div><\/div><div class=\"et_pb_row_17 et_pb_row et_block_row\"><div class=\"et_pb_column_22 et_pb_column et_pb_column_1_2 et_block_column et_pb_css_mix_blend_mode_passthrough\"><div class=\"et_pb_image_11 et_pb_image et_pb_has_overlay et_pb_module et_block_module\"><a href=\"https:\/\/msphotographics.de\/wp-content\/uploads\/2025\/06\/IMG_0044.jpg\" class=\"et_pb_lightbox_image\"><span class=\"et_pb_image_wrap\"><img decoding=\"async\" src=\"https:\/\/msphotographics.de\/wp-content\/uploads\/2025\/06\/IMG_0044.jpg\" width=\"1920\" height=\"1440\" srcset=\"https:\/\/msphotographics.de\/wp-content\/uploads\/2025\/06\/IMG_0044.jpg 1920w, https:\/\/msphotographics.de\/wp-content\/uploads\/2025\/06\/IMG_0044-1280x960.jpg 1280w, https:\/\/msphotographics.de\/wp-content\/uploads\/2025\/06\/IMG_0044-980x735.jpg 980w, https:\/\/msphotographics.de\/wp-content\/uploads\/2025\/06\/IMG_0044-480x360.jpg 480w\" sizes=\"(min-width: 0px) and (max-width: 480px) 480px, (min-width: 481px) and (max-width: 980px) 980px, (min-width: 981px) and (max-width: 1280px) 1280px, (min-width: 1281px) 1920px, 100vw\" class=\"wp-image-9683\" title=\"IMG_0044\" \/><span class=\"et_overlay\"><\/span><\/span><\/a><\/div><\/div><div class=\"et_pb_column_23 et_pb_column et_pb_column_1_2 et-last-child et_block_column et_pb_css_mix_blend_mode_passthrough\"><div class=\"et_pb_image_12 et_pb_image et_pb_has_overlay et_pb_module et_block_module\"><a href=\"https:\/\/msphotographics.de\/wp-content\/uploads\/2025\/06\/IMG_0014.jpg\" class=\"et_pb_lightbox_image\"><span class=\"et_pb_image_wrap\"><img decoding=\"async\" src=\"https:\/\/msphotographics.de\/wp-content\/uploads\/2025\/06\/IMG_0014.jpg\" width=\"1920\" height=\"1440\" srcset=\"https:\/\/msphotographics.de\/wp-content\/uploads\/2025\/06\/IMG_0014.jpg 1920w, https:\/\/msphotographics.de\/wp-content\/uploads\/2025\/06\/IMG_0014-1280x960.jpg 1280w, https:\/\/msphotographics.de\/wp-content\/uploads\/2025\/06\/IMG_0014-980x735.jpg 980w, https:\/\/msphotographics.de\/wp-content\/uploads\/2025\/06\/IMG_0014-480x360.jpg 480w\" sizes=\"(min-width: 0px) and (max-width: 480px) 480px, (min-width: 481px) and (max-width: 980px) 980px, (min-width: 981px) and (max-width: 1280px) 1280px, (min-width: 1281px) 1920px, 100vw\" class=\"wp-image-9681\" title=\"IMG_0014\" \/><span class=\"et_overlay\"><\/span><\/span><\/a><\/div><\/div><\/div><div class=\"et_pb_row_18 et_pb_row et_block_row\"><div class=\"et_pb_column_24 et_pb_column et_pb_column_4_4 et-last-child et_block_column et_pb_css_mix_blend_mode_passthrough\"><div class=\"et_pb_text_13 et_pb_text et_pb_bg_layout_light et_pb_module et_block_module\"><div class=\"et_pb_text_inner\"><p>Besonders am Sp\u00e4tnachmittag ist der Fushimi Inari-Taisha ein idealer Ort um die letzten Sonnenstrahlen und den anschlie\u00dfenden Sonnenuntergang zu genie\u00dfen.<\/p>\n<\/div><\/div><\/div><\/div><div class=\"et_pb_row_19 et_pb_row et_block_row\"><div class=\"et_pb_column_25 et_pb_column et_pb_column_4_4 et-last-child et_block_column et_pb_css_mix_blend_mode_passthrough\"><div class=\"et_pb_text_14 et_pb_text et_pb_bg_layout_light et_pb_module et_block_module\"><div class=\"et_pb_text_inner\"><h3>Die historischen Stra\u00dfen um die Yasaka-Pagode:<\/h3>\n<\/div><\/div><\/div><\/div><div class=\"et_pb_row_20 et_pb_row et_block_row\"><div class=\"et_pb_column_26 et_pb_column et_pb_column_4_4 et-last-child et_block_column et_pb_css_mix_blend_mode_passthrough\"><div class=\"et_pb_image_13 et_pb_image et_pb_has_overlay et_pb_module et_block_module\"><a href=\"https:\/\/msphotographics.de\/wp-content\/uploads\/2025\/06\/A4A4908.jpg\" class=\"et_pb_lightbox_image\"><span class=\"et_pb_image_wrap\"><img decoding=\"async\" src=\"https:\/\/msphotographics.de\/wp-content\/uploads\/2025\/06\/A4A4908.jpg\" width=\"1920\" height=\"1280\" srcset=\"https:\/\/msphotographics.de\/wp-content\/uploads\/2025\/06\/A4A4908.jpg 1920w, https:\/\/msphotographics.de\/wp-content\/uploads\/2025\/06\/A4A4908-1280x853.jpg 1280w, https:\/\/msphotographics.de\/wp-content\/uploads\/2025\/06\/A4A4908-980x653.jpg 980w, https:\/\/msphotographics.de\/wp-content\/uploads\/2025\/06\/A4A4908-480x320.jpg 480w\" sizes=\"(min-width: 0px) and (max-width: 480px) 480px, (min-width: 481px) and (max-width: 980px) 980px, (min-width: 981px) and (max-width: 1280px) 1280px, (min-width: 1281px) 1920px, 100vw\" class=\"wp-image-9623\" title=\"_A4A4908\" \/><span class=\"et_overlay\"><\/span><\/span><\/a><\/div><\/div><\/div><div class=\"et_pb_row_21 et_pb_row et_block_row\"><div class=\"et_pb_column_27 et_pb_column et_pb_column_4_4 et-last-child et_block_column et_pb_css_mix_blend_mode_passthrough\"><div class=\"et_pb_text_15 et_pb_text et_pb_bg_layout_light et_pb_module et_block_module\"><div class=\"et_pb_text_inner\"><p>Die Gegend rund um die Yasaka-Pagode \u2013 auch bekannt als Hokan-ji \u2013 z\u00e4hlt zu den sch\u00f6nsten und authentischsten historischen Vierteln Kyotos. Nur wenige Schritte von Gion entfernt beginnt hier eine Zeitreise in das Japan vergangener Jahrhunderte. Enge Gassen, traditionelle Holzh\u00e4user (Machiya), kunstvoll gepflasterte Wege und kunstvolle Laternen pr\u00e4gen das Bild.<\/p>\n<p>Die f\u00fcnfst\u00f6ckige Pagode der Hokan-ji ist nicht nur ein beliebtes Fotomotiv, sondern ein echter Orientierungspunkt. Sie steht majest\u00e4tisch inmitten der alten Gassen und ist von vielen Stra\u00dfen aus sichtbar \u2013 besonders eindrucksvoll bei Sonnenauf- oder -untergang. Die Pagode stammt urspr\u00fcnglich aus dem 6. Jahrhundert und wurde mehrfach restauriert. Sie ist eine der wenigen Pagoden in Japan, die auch innen besichtigt werden kann.<\/p>\n<\/div><\/div><\/div><\/div><div class=\"et_pb_row_22 et_pb_row et_block_row\"><div class=\"et_pb_column_28 et_pb_column et_pb_column_1_2 et_block_column et_pb_css_mix_blend_mode_passthrough\"><div class=\"et_pb_image_14 et_pb_image et_pb_has_overlay et_pb_module et_block_module\"><a href=\"https:\/\/msphotographics.de\/wp-content\/uploads\/2025\/06\/A4A4925.jpg\" class=\"et_pb_lightbox_image\"><span class=\"et_pb_image_wrap\"><img decoding=\"async\" src=\"https:\/\/msphotographics.de\/wp-content\/uploads\/2025\/06\/A4A4925.jpg\" width=\"1920\" height=\"1280\" srcset=\"https:\/\/msphotographics.de\/wp-content\/uploads\/2025\/06\/A4A4925.jpg 1920w, https:\/\/msphotographics.de\/wp-content\/uploads\/2025\/06\/A4A4925-1280x853.jpg 1280w, https:\/\/msphotographics.de\/wp-content\/uploads\/2025\/06\/A4A4925-980x653.jpg 980w, https:\/\/msphotographics.de\/wp-content\/uploads\/2025\/06\/A4A4925-480x320.jpg 480w\" sizes=\"(min-width: 0px) and (max-width: 480px) 480px, (min-width: 481px) and (max-width: 980px) 980px, (min-width: 981px) and (max-width: 1280px) 1280px, (min-width: 1281px) 1920px, 100vw\" class=\"wp-image-9626\" title=\"_A4A4925\" \/><span class=\"et_overlay\"><\/span><\/span><\/a><\/div><div class=\"et_pb_image_15 et_pb_image et_pb_has_overlay et_pb_module et_block_module\"><a href=\"https:\/\/msphotographics.de\/wp-content\/uploads\/2025\/06\/A4A4920.jpg\" class=\"et_pb_lightbox_image\"><span class=\"et_pb_image_wrap\"><img decoding=\"async\" src=\"https:\/\/msphotographics.de\/wp-content\/uploads\/2025\/06\/A4A4920.jpg\" width=\"1920\" height=\"1280\" srcset=\"https:\/\/msphotographics.de\/wp-content\/uploads\/2025\/06\/A4A4920.jpg 1920w, https:\/\/msphotographics.de\/wp-content\/uploads\/2025\/06\/A4A4920-1280x853.jpg 1280w, https:\/\/msphotographics.de\/wp-content\/uploads\/2025\/06\/A4A4920-980x653.jpg 980w, https:\/\/msphotographics.de\/wp-content\/uploads\/2025\/06\/A4A4920-480x320.jpg 480w\" sizes=\"(min-width: 0px) and (max-width: 480px) 480px, (min-width: 481px) and (max-width: 980px) 980px, (min-width: 981px) and (max-width: 1280px) 1280px, (min-width: 1281px) 1920px, 100vw\" class=\"wp-image-9624\" title=\"_A4A4920\" \/><span class=\"et_overlay\"><\/span><\/span><\/a><\/div><\/div><div class=\"et_pb_column_29 et_pb_column et_pb_column_1_2 et-last-child et_block_column et_pb_css_mix_blend_mode_passthrough\"><div class=\"et_pb_image_16 et_pb_image et_pb_has_overlay et_pb_module et_block_module\"><a href=\"https:\/\/msphotographics.de\/wp-content\/uploads\/2025\/06\/A4A4921.jpg\" class=\"et_pb_lightbox_image\"><span class=\"et_pb_image_wrap\"><img decoding=\"async\" src=\"https:\/\/msphotographics.de\/wp-content\/uploads\/2025\/06\/A4A4921.jpg\" width=\"1280\" height=\"1920\" srcset=\"https:\/\/msphotographics.de\/wp-content\/uploads\/2025\/06\/A4A4921.jpg 1280w, https:\/\/msphotographics.de\/wp-content\/uploads\/2025\/06\/A4A4921-980x1470.jpg 980w, https:\/\/msphotographics.de\/wp-content\/uploads\/2025\/06\/A4A4921-480x720.jpg 480w\" sizes=\"(min-width: 0px) and (max-width: 480px) 480px, (min-width: 481px) and (max-width: 980px) 980px, (min-width: 981px) 1280px, 100vw\" class=\"wp-image-9625\" title=\"_A4A4921\" \/><span class=\"et_overlay\"><\/span><\/span><\/a><\/div><\/div><\/div><div class=\"et_pb_row_23 et_pb_row et_block_row\"><div class=\"et_pb_column_30 et_pb_column et_pb_column_4_4 et-last-child et_block_column et_pb_css_mix_blend_mode_passthrough\"><div class=\"et_pb_text_16 et_pb_text et_pb_bg_layout_light et_pb_module et_block_module\"><div class=\"et_pb_text_inner\"><p>Obwohl Gion als bekanntestes Geisha-Viertel Kyotos gilt, sind auch im Bereich um die Yasaka-Pagode gelegentlich Maiko (Geisha-Lehrlinge) und Geiko (Geishas) unterwegs \u2013 meist am Abend, wenn sie auf dem Weg zu Teeh\u00e4usern oder privaten Veranstaltungen sind. Die Geisha Kultur ist hier lebendig, aber zur\u00fcckhaltend \u2013 keine Touristenattraktion, sondern Teil einer \u00fcber Generationen gepflegten Kunstform.<\/p>\n<p>Maiko tragen aufwendig verzierte Kimonos mit langen \u00c4rmeln, auff\u00e4lligem Haarschmuck und roten Kragen.<\/p>\n<p>Geiko erscheinen dezenter \u2013 mit k\u00fcrzeren \u00c4rmeln, schlichteren Farben und wei\u00dfem Kragen.<\/p>\n<\/div><\/div><\/div><\/div><div class=\"et_pb_row_24 et_pb_row et_block_row\"><div class=\"et_pb_column_31 et_pb_column et_pb_column_1_2 et_block_column et_pb_css_mix_blend_mode_passthrough\"><div class=\"et_pb_image_17 et_pb_image et_pb_has_overlay et_pb_module et_block_module\"><a href=\"https:\/\/msphotographics.de\/wp-content\/uploads\/2025\/06\/A4A4931.jpg\" class=\"et_pb_lightbox_image\"><span class=\"et_pb_image_wrap\"><img decoding=\"async\" src=\"https:\/\/msphotographics.de\/wp-content\/uploads\/2025\/06\/A4A4931.jpg\" width=\"1920\" height=\"1280\" srcset=\"https:\/\/msphotographics.de\/wp-content\/uploads\/2025\/06\/A4A4931.jpg 1920w, https:\/\/msphotographics.de\/wp-content\/uploads\/2025\/06\/A4A4931-1280x853.jpg 1280w, https:\/\/msphotographics.de\/wp-content\/uploads\/2025\/06\/A4A4931-980x653.jpg 980w, https:\/\/msphotographics.de\/wp-content\/uploads\/2025\/06\/A4A4931-480x320.jpg 480w\" sizes=\"(min-width: 0px) and (max-width: 480px) 480px, (min-width: 481px) and (max-width: 980px) 980px, (min-width: 981px) and (max-width: 1280px) 1280px, (min-width: 1281px) 1920px, 100vw\" class=\"wp-image-9628\" title=\"_A4A4931\" \/><span class=\"et_overlay\"><\/span><\/span><\/a><\/div><\/div><div class=\"et_pb_column_32 et_pb_column et_pb_column_1_2 et-last-child et_block_column et_pb_css_mix_blend_mode_passthrough\"><div class=\"et_pb_image_18 et_pb_image et_pb_has_overlay et_pb_module et_block_module\"><a href=\"https:\/\/msphotographics.de\/wp-content\/uploads\/2025\/06\/A4A4937.jpg\" class=\"et_pb_lightbox_image\"><span class=\"et_pb_image_wrap\"><img decoding=\"async\" src=\"https:\/\/msphotographics.de\/wp-content\/uploads\/2025\/06\/A4A4937.jpg\" width=\"1920\" height=\"1280\" srcset=\"https:\/\/msphotographics.de\/wp-content\/uploads\/2025\/06\/A4A4937.jpg 1920w, https:\/\/msphotographics.de\/wp-content\/uploads\/2025\/06\/A4A4937-1280x853.jpg 1280w, https:\/\/msphotographics.de\/wp-content\/uploads\/2025\/06\/A4A4937-980x653.jpg 980w, https:\/\/msphotographics.de\/wp-content\/uploads\/2025\/06\/A4A4937-480x320.jpg 480w\" sizes=\"(min-width: 0px) and (max-width: 480px) 480px, (min-width: 481px) and (max-width: 980px) 980px, (min-width: 981px) and (max-width: 1280px) 1280px, (min-width: 1281px) 1920px, 100vw\" class=\"wp-image-9630\" title=\"_A4A4937\" \/><span class=\"et_overlay\"><\/span><\/span><\/a><\/div><\/div><\/div><div class=\"et_pb_row_25 et_pb_row et_block_row\"><div class=\"et_pb_column_33 et_pb_column et_pb_column_4_4 et-last-child et_block_column et_pb_css_mix_blend_mode_passthrough\"><div class=\"et_pb_text_17 et_pb_text et_pb_bg_layout_light et_pb_module et_block_module\"><div class=\"et_pb_text_inner\"><p>Die Stra\u00dfen um die Yasaka-Pagode laden ein zum Schlendern, Entdecken und Innehalten. Ob bei einer Tasse Matcha in einem Jahrhunderte alten Teehaus, beim Kauf handgemachter S\u00fc\u00dfwaren oder beim stillen Blick auf die Pagode in der D\u00e4mmerung \u2013 dieser Teil Kyotos bietet einen Hauch Ewigkeit.<\/p>\n<\/div><\/div><\/div><\/div><div class=\"et_pb_row_26 et_pb_row et_block_row\"><div class=\"et_pb_column_34 et_pb_column et_pb_column_1_2 et_block_column et_pb_css_mix_blend_mode_passthrough\"><div class=\"et_pb_image_19 et_pb_image et_pb_has_overlay et_pb_module et_block_module\"><a href=\"https:\/\/msphotographics.de\/wp-content\/uploads\/2025\/06\/A4A4971.jpg\" class=\"et_pb_lightbox_image\"><span class=\"et_pb_image_wrap\"><img decoding=\"async\" src=\"https:\/\/msphotographics.de\/wp-content\/uploads\/2025\/06\/A4A4971.jpg\" width=\"1920\" height=\"1280\" srcset=\"https:\/\/msphotographics.de\/wp-content\/uploads\/2025\/06\/A4A4971.jpg 1920w, https:\/\/msphotographics.de\/wp-content\/uploads\/2025\/06\/A4A4971-1280x853.jpg 1280w, https:\/\/msphotographics.de\/wp-content\/uploads\/2025\/06\/A4A4971-980x653.jpg 980w, https:\/\/msphotographics.de\/wp-content\/uploads\/2025\/06\/A4A4971-480x320.jpg 480w\" sizes=\"(min-width: 0px) and (max-width: 480px) 480px, (min-width: 481px) and (max-width: 980px) 980px, (min-width: 981px) and (max-width: 1280px) 1280px, (min-width: 1281px) 1920px, 100vw\" class=\"wp-image-9639\" title=\"_A4A4971\" \/><span class=\"et_overlay\"><\/span><\/span><\/a><\/div><\/div><div class=\"et_pb_column_35 et_pb_column et_pb_column_1_2 et-last-child et_block_column et_pb_css_mix_blend_mode_passthrough\"><div class=\"et_pb_image_20 et_pb_image et_pb_has_overlay et_pb_module et_block_module\"><a href=\"https:\/\/msphotographics.de\/wp-content\/uploads\/2025\/06\/A4A4962.jpg\" class=\"et_pb_lightbox_image\"><span class=\"et_pb_image_wrap\"><img decoding=\"async\" src=\"https:\/\/msphotographics.de\/wp-content\/uploads\/2025\/06\/A4A4962.jpg\" width=\"1920\" height=\"1280\" srcset=\"https:\/\/msphotographics.de\/wp-content\/uploads\/2025\/06\/A4A4962.jpg 1920w, https:\/\/msphotographics.de\/wp-content\/uploads\/2025\/06\/A4A4962-1280x853.jpg 1280w, https:\/\/msphotographics.de\/wp-content\/uploads\/2025\/06\/A4A4962-980x653.jpg 980w, https:\/\/msphotographics.de\/wp-content\/uploads\/2025\/06\/A4A4962-480x320.jpg 480w\" sizes=\"(min-width: 0px) and (max-width: 480px) 480px, (min-width: 481px) and (max-width: 980px) 980px, (min-width: 981px) and (max-width: 1280px) 1280px, (min-width: 1281px) 1920px, 100vw\" class=\"wp-image-9638\" title=\"_A4A4962\" \/><span class=\"et_overlay\"><\/span><\/span><\/a><\/div><\/div><\/div><div class=\"et_pb_row_27 et_pb_row et_block_row\"><div class=\"et_pb_column_36 et_pb_column et_pb_column_4_4 et-last-child et_block_column et_pb_css_mix_blend_mode_passthrough\"><div class=\"et_pb_text_18 et_pb_text et_pb_bg_layout_light et_pb_module et_block_module\"><div class=\"et_pb_text_inner\"><p>Die Gegend um die Yasaka-no-to-Pagode ist mehr als nur eine sch\u00f6ne Kulisse \u2013 sie ist ein lebendiger Ausdruck der Kyotoer Kultur und Geschichte. Wer durch Sannenzaka und Ninenzaka wandelt, betritt einen Ort, an dem Tradition nicht konserviert, sondern gelebt wird \u2013 mit Anmut, Stille und unvergesslichem Charme.<\/p>\n<\/div><\/div><\/div><\/div><div class=\"et_pb_row_28 et_pb_row et_block_row\"><div class=\"et_pb_column_37 et_pb_column et_pb_column_4_4 et-last-child et_block_column et_pb_css_mix_blend_mode_passthrough\"><div class=\"et_pb_text_19 et_pb_text et_pb_bg_layout_light et_pb_module et_block_module\"><div class=\"et_pb_text_inner\"><h3>Der Ryozen Kannon Tempel:<\/h3>\n<\/div><\/div><\/div><\/div><div class=\"et_pb_row_29 et_pb_row et_block_row\"><div class=\"et_pb_column_38 et_pb_column et_pb_column_1_2 et_block_column et_pb_css_mix_blend_mode_passthrough\"><div class=\"et_pb_image_21 et_pb_image et_pb_has_overlay et_pb_module et_block_module\"><a href=\"https:\/\/msphotographics.de\/wp-content\/uploads\/2025\/06\/A4A4940.jpg\" class=\"et_pb_lightbox_image\"><span class=\"et_pb_image_wrap\"><img decoding=\"async\" src=\"https:\/\/msphotographics.de\/wp-content\/uploads\/2025\/06\/A4A4940.jpg\" width=\"1920\" height=\"1280\" srcset=\"https:\/\/msphotographics.de\/wp-content\/uploads\/2025\/06\/A4A4940.jpg 1920w, https:\/\/msphotographics.de\/wp-content\/uploads\/2025\/06\/A4A4940-1280x853.jpg 1280w, https:\/\/msphotographics.de\/wp-content\/uploads\/2025\/06\/A4A4940-980x653.jpg 980w, https:\/\/msphotographics.de\/wp-content\/uploads\/2025\/06\/A4A4940-480x320.jpg 480w\" sizes=\"(min-width: 0px) and (max-width: 480px) 480px, (min-width: 481px) and (max-width: 980px) 980px, (min-width: 981px) and (max-width: 1280px) 1280px, (min-width: 1281px) 1920px, 100vw\" class=\"wp-image-9631\" title=\"_A4A4940\" \/><span class=\"et_overlay\"><\/span><\/span><\/a><\/div><\/div><div class=\"et_pb_column_39 et_pb_column et_pb_column_1_2 et-last-child et_block_column et_pb_css_mix_blend_mode_passthrough\"><div class=\"et_pb_image_22 et_pb_image et_pb_has_overlay et_pb_module et_block_module\"><a href=\"https:\/\/msphotographics.de\/wp-content\/uploads\/2025\/06\/A4A4941.jpg\" class=\"et_pb_lightbox_image\"><span class=\"et_pb_image_wrap\"><img decoding=\"async\" src=\"https:\/\/msphotographics.de\/wp-content\/uploads\/2025\/06\/A4A4941.jpg\" width=\"1920\" height=\"1280\" srcset=\"https:\/\/msphotographics.de\/wp-content\/uploads\/2025\/06\/A4A4941.jpg 1920w, https:\/\/msphotographics.de\/wp-content\/uploads\/2025\/06\/A4A4941-1280x853.jpg 1280w, https:\/\/msphotographics.de\/wp-content\/uploads\/2025\/06\/A4A4941-980x653.jpg 980w, https:\/\/msphotographics.de\/wp-content\/uploads\/2025\/06\/A4A4941-480x320.jpg 480w\" sizes=\"(min-width: 0px) and (max-width: 480px) 480px, (min-width: 481px) and (max-width: 980px) 980px, (min-width: 981px) and (max-width: 1280px) 1280px, (min-width: 1281px) 1920px, 100vw\" class=\"wp-image-9632\" title=\"_A4A4941\" \/><span class=\"et_overlay\"><\/span><\/span><\/a><\/div><\/div><\/div><div class=\"et_pb_row_30 et_pb_row et_block_row\"><div class=\"et_pb_column_40 et_pb_column et_pb_column_4_4 et-last-child et_block_column et_pb_css_mix_blend_mode_passthrough\"><div class=\"et_pb_text_20 et_pb_text et_pb_bg_layout_light et_pb_module et_block_module\"><div class=\"et_pb_text_inner\"><p>Der Ryozen Kannon Tempel liegt im s\u00fcdlichen Higashiyama-Viertel Kyotos, genauer gesagt in Shimokawarach\u014d, und ist ein oft \u00fcbersehener, aber beeindruckender Ort der Besinnung und Erinnerung. <\/p>\n<p>Der Tempel wurde 1955 erbaut und beherbergt eine monumentale 24 Meter hohe Statue der Kannon, der G\u00f6ttin der Barmherzigkeit. Diese Statue steht auf einem H\u00fcgel und blickt \u00fcber die Stadt, umgeben von Gedenkst\u00e4tten f\u00fcr die Opfer des Pazifikkriegs.<\/p>\n<p>Er dient als Mahnmal f\u00fcr die rund 2 Millionen japanischen Soldaten, die im Zweiten Weltkrieg ihr Leben verloren. Unter der Statue befindet sich eine Halle, die den unbekannten Soldaten gewidmet ist, die w\u00e4hrend des Krieges gefallen sind. Diese Gedenkst\u00e4tten sind Ausdruck des japanischen Wunsches nach Frieden und der Erinnerung an die Opfer des Krieges.<\/p>\n<\/div><\/div><\/div><\/div><div class=\"et_pb_row_31 et_pb_row et_block_row\"><div class=\"et_pb_column_41 et_pb_column et_pb_column_1_2 et_block_column et_pb_css_mix_blend_mode_passthrough\"><div class=\"et_pb_image_23 et_pb_image et_pb_has_overlay et_pb_module et_block_module\"><a href=\"https:\/\/msphotographics.de\/wp-content\/uploads\/2025\/06\/A4A4944.jpg\" class=\"et_pb_lightbox_image\"><span class=\"et_pb_image_wrap\"><img decoding=\"async\" src=\"https:\/\/msphotographics.de\/wp-content\/uploads\/2025\/06\/A4A4944.jpg\" width=\"1920\" height=\"1280\" srcset=\"https:\/\/msphotographics.de\/wp-content\/uploads\/2025\/06\/A4A4944.jpg 1920w, https:\/\/msphotographics.de\/wp-content\/uploads\/2025\/06\/A4A4944-1280x853.jpg 1280w, https:\/\/msphotographics.de\/wp-content\/uploads\/2025\/06\/A4A4944-980x653.jpg 980w, https:\/\/msphotographics.de\/wp-content\/uploads\/2025\/06\/A4A4944-480x320.jpg 480w\" sizes=\"(min-width: 0px) and (max-width: 480px) 480px, (min-width: 481px) and (max-width: 980px) 980px, (min-width: 981px) and (max-width: 1280px) 1280px, (min-width: 1281px) 1920px, 100vw\" class=\"wp-image-9633\" title=\"_A4A4944\" \/><span class=\"et_overlay\"><\/span><\/span><\/a><\/div><\/div><div class=\"et_pb_column_42 et_pb_column et_pb_column_1_2 et-last-child et_block_column et_pb_css_mix_blend_mode_passthrough\"><div class=\"et_pb_image_24 et_pb_image et_pb_has_overlay et_pb_module et_block_module\"><a href=\"https:\/\/msphotographics.de\/wp-content\/uploads\/2025\/06\/A4A4950.jpg\" class=\"et_pb_lightbox_image\"><span class=\"et_pb_image_wrap\"><img decoding=\"async\" src=\"https:\/\/msphotographics.de\/wp-content\/uploads\/2025\/06\/A4A4950.jpg\" width=\"1920\" height=\"1280\" srcset=\"https:\/\/msphotographics.de\/wp-content\/uploads\/2025\/06\/A4A4950.jpg 1920w, https:\/\/msphotographics.de\/wp-content\/uploads\/2025\/06\/A4A4950-1280x853.jpg 1280w, https:\/\/msphotographics.de\/wp-content\/uploads\/2025\/06\/A4A4950-980x653.jpg 980w, https:\/\/msphotographics.de\/wp-content\/uploads\/2025\/06\/A4A4950-480x320.jpg 480w\" sizes=\"(min-width: 0px) and (max-width: 480px) 480px, (min-width: 481px) and (max-width: 980px) 980px, (min-width: 981px) and (max-width: 1280px) 1280px, (min-width: 1281px) 1920px, 100vw\" class=\"wp-image-9635\" title=\"_A4A4950\" \/><span class=\"et_overlay\"><\/span><\/span><\/a><\/div><\/div><\/div><div class=\"et_pb_row_32 et_pb_row et_block_row\"><div class=\"et_pb_column_43 et_pb_column et_pb_column_4_4 et-last-child et_block_column et_pb_css_mix_blend_mode_passthrough\"><div class=\"et_pb_text_21 et_pb_text et_pb_bg_layout_light et_pb_module et_block_module\"><div class=\"et_pb_text_inner\"><p>Der Tempel liegt in einem ruhigen, bewaldeten Gebiet am Fu\u00df des Ryozen-Berges, was ihm eine friedliche und meditative Atmosph\u00e4re verleiht. Besucher k\u00f6nnen durch gepflegte G\u00e4rten spazieren, die mit Statuen und Inschriften geschm\u00fcckt sind, die an die Opfer des Krieges erinnern. Die Umgebung l\u00e4dt zu stiller Einkehr und Reflexion ein.<\/p>\n<p>Obwohl der Tempel erst in der Mitte des 20. Jahrhunderts erbaut wurde, f\u00fcgt er sich harmonisch in die historische Landschaft Kyotos ein. Er befindet sich in der N\u00e4he des Kodaiji-Tempels und des Yasaka-Schreins, zwei bedeutender religi\u00f6ser St\u00e4tten der Stadt. Der Ryozen Kannon Tempel erg\u00e4nzt das kulturelle Erbe Kyotos um eine moderne Perspektive auf Erinnerung und Frieden.<\/p>\n<p>Der Ryozen Kannon Tempel ist ein Ort der Besinnung und des Friedens, der den Besuchern erm\u00f6glicht, innezuhalten und \u00fcber die Geschichte nachzudenken. Seine ruhige Atmosph\u00e4re und die beeindruckende Statue machen ihn zu einem besonderen Ziel f\u00fcr Reisende, die das historische Kyoto abseits der \u00fcblichen Touristenpfade erleben m\u00f6chten.<\/p>\n<\/div><\/div><\/div><\/div><div class=\"et_pb_row_33 et_pb_row et_block_row\"><div class=\"et_pb_column_44 et_pb_column et_pb_column_4_4 et-last-child et_block_column et_pb_css_mix_blend_mode_passthrough\"><div class=\"et_pb_text_22 et_pb_text et_pb_bg_layout_light et_pb_module et_block_module\"><div class=\"et_pb_text_inner\"><h3>Der Kiyomizu-dera Tempel:<\/h3>\n<\/div><\/div><\/div><\/div><div class=\"et_pb_row_34 et_pb_row et_block_row\"><div class=\"et_pb_column_45 et_pb_column et_pb_column_4_4 et-last-child et_block_column et_pb_css_mix_blend_mode_passthrough\"><div class=\"et_pb_image_25 et_pb_image et_pb_has_overlay et_pb_module et_block_module\"><a href=\"https:\/\/msphotographics.de\/wp-content\/uploads\/2025\/06\/A4A4974.jpg\" class=\"et_pb_lightbox_image\"><span class=\"et_pb_image_wrap\"><img decoding=\"async\" src=\"https:\/\/msphotographics.de\/wp-content\/uploads\/2025\/06\/A4A4974.jpg\" width=\"1920\" height=\"1280\" srcset=\"https:\/\/msphotographics.de\/wp-content\/uploads\/2025\/06\/A4A4974.jpg 1920w, https:\/\/msphotographics.de\/wp-content\/uploads\/2025\/06\/A4A4974-1280x853.jpg 1280w, https:\/\/msphotographics.de\/wp-content\/uploads\/2025\/06\/A4A4974-980x653.jpg 980w, https:\/\/msphotographics.de\/wp-content\/uploads\/2025\/06\/A4A4974-480x320.jpg 480w\" sizes=\"(min-width: 0px) and (max-width: 480px) 480px, (min-width: 481px) and (max-width: 980px) 980px, (min-width: 981px) and (max-width: 1280px) 1280px, (min-width: 1281px) 1920px, 100vw\" class=\"wp-image-9640\" title=\"_A4A4974\" \/><span class=\"et_overlay\"><\/span><\/span><\/a><\/div><\/div><\/div><div class=\"et_pb_row_35 et_pb_row et_block_row\"><div class=\"et_pb_column_46 et_pb_column et_pb_column_4_4 et-last-child et_block_column et_pb_css_mix_blend_mode_passthrough\"><div class=\"et_pb_text_23 et_pb_text et_pb_bg_layout_light et_pb_module et_block_module\"><div class=\"et_pb_text_inner\"><p>Der Kiyomizu-dera Tempel ist eines der bekanntesten und bedeutendsten Wahrzeichen Kyotos und geh\u00f6rt seit 1994 zum UNESCO-Weltkulturerbe. Der Tempel, dessen Name \u201eKiyomizu\u201c \u00fcbersetzt \u201ereines Wasser\u201c bedeutet, ist nicht nur f\u00fcr seine spirituelle Bedeutung, sondern auch f\u00fcr seine beeindruckende Architektur und den atemberaubenden Blick auf die Stadt ber\u00fchmt. Er befindet sich im Stadtteil Higashiyama und zieht j\u00e4hrlich Millionen von Besuchern aus aller Welt an.<\/p>\n<\/div><\/div><\/div><\/div><div class=\"et_pb_row_36 et_pb_row et_block_row\"><div class=\"et_pb_column_47 et_pb_column et_pb_column_1_2 et_block_column et_pb_css_mix_blend_mode_passthrough\"><div class=\"et_pb_image_26 et_pb_image et_pb_has_overlay et_pb_module et_block_module\"><a href=\"https:\/\/msphotographics.de\/wp-content\/uploads\/2025\/06\/A4A4988.jpg\" class=\"et_pb_lightbox_image\"><span class=\"et_pb_image_wrap\"><img decoding=\"async\" src=\"https:\/\/msphotographics.de\/wp-content\/uploads\/2025\/06\/A4A4988.jpg\" width=\"1920\" height=\"1280\" srcset=\"https:\/\/msphotographics.de\/wp-content\/uploads\/2025\/06\/A4A4988.jpg 1920w, https:\/\/msphotographics.de\/wp-content\/uploads\/2025\/06\/A4A4988-1280x853.jpg 1280w, https:\/\/msphotographics.de\/wp-content\/uploads\/2025\/06\/A4A4988-980x653.jpg 980w, https:\/\/msphotographics.de\/wp-content\/uploads\/2025\/06\/A4A4988-480x320.jpg 480w\" sizes=\"(min-width: 0px) and (max-width: 480px) 480px, (min-width: 481px) and (max-width: 980px) 980px, (min-width: 981px) and (max-width: 1280px) 1280px, (min-width: 1281px) 1920px, 100vw\" class=\"wp-image-9644\" title=\"_A4A4988\" \/><span class=\"et_overlay\"><\/span><\/span><\/a><\/div><\/div><div class=\"et_pb_column_48 et_pb_column et_pb_column_1_2 et-last-child et_block_column et_pb_css_mix_blend_mode_passthrough\"><div class=\"et_pb_image_27 et_pb_image et_pb_has_overlay et_pb_module et_block_module\"><a href=\"https:\/\/msphotographics.de\/wp-content\/uploads\/2025\/06\/A4A4981.jpg\" class=\"et_pb_lightbox_image\"><span class=\"et_pb_image_wrap\"><img decoding=\"async\" src=\"https:\/\/msphotographics.de\/wp-content\/uploads\/2025\/06\/A4A4981.jpg\" width=\"1920\" height=\"1280\" srcset=\"https:\/\/msphotographics.de\/wp-content\/uploads\/2025\/06\/A4A4981.jpg 1920w, https:\/\/msphotographics.de\/wp-content\/uploads\/2025\/06\/A4A4981-1280x853.jpg 1280w, https:\/\/msphotographics.de\/wp-content\/uploads\/2025\/06\/A4A4981-980x653.jpg 980w, https:\/\/msphotographics.de\/wp-content\/uploads\/2025\/06\/A4A4981-480x320.jpg 480w\" sizes=\"(min-width: 0px) and (max-width: 480px) 480px, (min-width: 481px) and (max-width: 980px) 980px, (min-width: 981px) and (max-width: 1280px) 1280px, (min-width: 1281px) 1920px, 100vw\" class=\"wp-image-9641\" title=\"_A4A4981\" \/><span class=\"et_overlay\"><\/span><\/span><\/a><\/div><\/div><\/div><div class=\"et_pb_row_37 et_pb_row et_block_row\"><div class=\"et_pb_column_49 et_pb_column et_pb_column_4_4 et-last-child et_block_column et_pb_css_mix_blend_mode_passthrough\"><div class=\"et_pb_text_24 et_pb_text et_pb_bg_layout_light et_pb_module et_block_module\"><div class=\"et_pb_text_inner\"><p>Der Kiyomizu-dera wurde 778 w\u00e4hrend der Heian-Zeit gegr\u00fcndet und ist dem Buddha der Barmherzigkeit (Jizo) gewidmet. Die heutige Struktur des Tempels stammt jedoch haupts\u00e4chlich aus dem 17. Jahrhundert.<\/p>\n<\/div><\/div><\/div><\/div><div class=\"et_pb_row_38 et_pb_row et_block_row\"><div class=\"et_pb_column_50 et_pb_column et_pb_column_4_4 et-last-child et_block_column et_pb_css_mix_blend_mode_passthrough\"><div class=\"et_pb_image_28 et_pb_image et_pb_has_overlay et_pb_module et_block_module\"><a href=\"https:\/\/msphotographics.de\/wp-content\/uploads\/2025\/06\/A4A4985.jpg\" class=\"et_pb_lightbox_image\"><span class=\"et_pb_image_wrap\"><img decoding=\"async\" src=\"https:\/\/msphotographics.de\/wp-content\/uploads\/2025\/06\/A4A4985.jpg\" width=\"1920\" height=\"1280\" srcset=\"https:\/\/msphotographics.de\/wp-content\/uploads\/2025\/06\/A4A4985.jpg 1920w, https:\/\/msphotographics.de\/wp-content\/uploads\/2025\/06\/A4A4985-1280x853.jpg 1280w, https:\/\/msphotographics.de\/wp-content\/uploads\/2025\/06\/A4A4985-980x653.jpg 980w, https:\/\/msphotographics.de\/wp-content\/uploads\/2025\/06\/A4A4985-480x320.jpg 480w\" sizes=\"(min-width: 0px) and (max-width: 480px) 480px, (min-width: 481px) and (max-width: 980px) 980px, (min-width: 981px) and (max-width: 1280px) 1280px, (min-width: 1281px) 1920px, 100vw\" class=\"wp-image-9643\" title=\"_A4A4985\" \/><span class=\"et_overlay\"><\/span><\/span><\/a><\/div><\/div><\/div><div class=\"et_pb_row_39 et_pb_row et_block_row\"><div class=\"et_pb_column_51 et_pb_column et_pb_column_4_4 et-last-child et_block_column et_pb_css_mix_blend_mode_passthrough\"><div class=\"et_pb_text_25 et_pb_text et_pb_bg_layout_light et_pb_module et_block_module\"><div class=\"et_pb_text_inner\"><p>Der Tempel war und ist ein wichtiger Pilgerort, und \u00fcber die Jahrhunderte hinweg erlebte er mehrere Restaurierungen und Erweiterungen, um seine heutige Form zu erhalten.<\/p>\n<\/div><\/div><\/div><\/div><div class=\"et_pb_row_40 et_pb_row et_block_row\"><div class=\"et_pb_column_52 et_pb_column et_pb_column_1_2 et_block_column et_pb_css_mix_blend_mode_passthrough\"><div class=\"et_pb_image_29 et_pb_image et_pb_has_overlay et_pb_module et_block_module\"><a href=\"https:\/\/msphotographics.de\/wp-content\/uploads\/2025\/06\/A4A5041.jpg\" class=\"et_pb_lightbox_image\"><span class=\"et_pb_image_wrap\"><img decoding=\"async\" src=\"https:\/\/msphotographics.de\/wp-content\/uploads\/2025\/06\/A4A5041.jpg\" width=\"1920\" height=\"1280\" srcset=\"https:\/\/msphotographics.de\/wp-content\/uploads\/2025\/06\/A4A5041.jpg 1920w, https:\/\/msphotographics.de\/wp-content\/uploads\/2025\/06\/A4A5041-1280x853.jpg 1280w, https:\/\/msphotographics.de\/wp-content\/uploads\/2025\/06\/A4A5041-980x653.jpg 980w, https:\/\/msphotographics.de\/wp-content\/uploads\/2025\/06\/A4A5041-480x320.jpg 480w\" sizes=\"(min-width: 0px) and (max-width: 480px) 480px, (min-width: 481px) and (max-width: 980px) 980px, (min-width: 981px) and (max-width: 1280px) 1280px, (min-width: 1281px) 1920px, 100vw\" class=\"wp-image-9647\" title=\"_A4A5041\" \/><span class=\"et_overlay\"><\/span><\/span><\/a><\/div><\/div><div class=\"et_pb_column_53 et_pb_column et_pb_column_1_2 et-last-child et_block_column et_pb_css_mix_blend_mode_passthrough\"><div class=\"et_pb_image_30 et_pb_image et_pb_has_overlay et_pb_module et_block_module\"><a href=\"https:\/\/msphotographics.de\/wp-content\/uploads\/2025\/06\/A4A5053.jpg\" class=\"et_pb_lightbox_image\"><span class=\"et_pb_image_wrap\"><img decoding=\"async\" src=\"https:\/\/msphotographics.de\/wp-content\/uploads\/2025\/06\/A4A5053.jpg\" width=\"1920\" height=\"1280\" srcset=\"https:\/\/msphotographics.de\/wp-content\/uploads\/2025\/06\/A4A5053.jpg 1920w, https:\/\/msphotographics.de\/wp-content\/uploads\/2025\/06\/A4A5053-1280x853.jpg 1280w, https:\/\/msphotographics.de\/wp-content\/uploads\/2025\/06\/A4A5053-980x653.jpg 980w, https:\/\/msphotographics.de\/wp-content\/uploads\/2025\/06\/A4A5053-480x320.jpg 480w\" sizes=\"(min-width: 0px) and (max-width: 480px) 480px, (min-width: 481px) and (max-width: 980px) 980px, (min-width: 981px) and (max-width: 1280px) 1280px, (min-width: 1281px) 1920px, 100vw\" class=\"wp-image-9649\" title=\"_A4A5053\" \/><span class=\"et_overlay\"><\/span><\/span><\/a><\/div><\/div><\/div><div class=\"et_pb_row_41 et_pb_row et_block_row\"><div class=\"et_pb_column_54 et_pb_column et_pb_column_4_4 et-last-child et_block_column et_pb_css_mix_blend_mode_passthrough\"><div class=\"et_pb_text_26 et_pb_text et_pb_bg_layout_light et_pb_module et_block_module\"><div class=\"et_pb_text_inner\"><p>Die gr\u00f6\u00dfte Attraktion des Tempels ist jedoch seine massive Holzplattform, die auf 13 Meter hohen St\u00fctzpfeilern gebaut wurde. Diese beeindruckende Architektur bietet einen wundersch\u00f6nen Ausblick auf die umliegenden Berge und Kyoto, besonders im Fr\u00fchling, wenn die Kirschbl\u00fcten in voller Bl\u00fcte stehen, und im Herbst, wenn die Bl\u00e4tter sich in leuchtende Farben verf\u00e4rben.<\/p>\n<p>Die gro\u00dfe B\u00fchne: Die Plattform des Tempels, die \u00fcber das Tal hinausragt, wird von h\u00f6lzernen St\u00fctzpfeilern getragen und ist eine der markantesten architektonischen Eigenschaften des Kiyomizu-dera. Sie bietet einen spektakul\u00e4ren Panoramablick auf die Stadt Kyoto.<\/p>\n<p>Otowa Wasserfall: Im Tempelkomplex befindet sich der Otowa Wasserfall, dessen klares Wasser in drei B\u00e4che aufgeteilt wird. Es wird gesagt, dass jeder Bach verschiedene W\u00fcnsche erf\u00fcllt \u2013 Gesundheit, Gl\u00fcck und ein langes Leben. Besucher k\u00f6nnen ein Trinkgef\u00e4\u00df verwenden, um aus einem der B\u00e4che zu trinken, um ihren Wunsch zu erf\u00fcllen.<\/p>\n<p>Jishu-Schrein: Der Tempel beherbergt auch den Jishu-Schrein, der dem Gott der Liebe gewidmet ist. Der Schrein ist bekannt f\u00fcr seine \u201eLiebessteine\u201c, zwei Steine, die 18 Meter voneinander entfernt sind. Wenn ein Besucher es schafft, mit geschlossenen Augen von einem Stein zum anderen zu gehen, wird ihm wahres Liebesgl\u00fcck prophezeit.<\/p>\n<\/div><\/div><\/div><\/div><div class=\"et_pb_row_42 et_pb_row et_block_row\"><div class=\"et_pb_column_55 et_pb_column et_pb_column_4_4 et-last-child et_block_column et_pb_css_mix_blend_mode_passthrough\"><div class=\"et_pb_image_31 et_pb_image et_pb_has_overlay et_pb_module et_block_module\"><a href=\"https:\/\/msphotographics.de\/wp-content\/uploads\/2025\/06\/A4A5049.jpg\" class=\"et_pb_lightbox_image\"><span class=\"et_pb_image_wrap\"><img decoding=\"async\" src=\"https:\/\/msphotographics.de\/wp-content\/uploads\/2025\/06\/A4A5049.jpg\" width=\"1920\" height=\"1280\" srcset=\"https:\/\/msphotographics.de\/wp-content\/uploads\/2025\/06\/A4A5049.jpg 1920w, https:\/\/msphotographics.de\/wp-content\/uploads\/2025\/06\/A4A5049-1280x853.jpg 1280w, https:\/\/msphotographics.de\/wp-content\/uploads\/2025\/06\/A4A5049-980x653.jpg 980w, https:\/\/msphotographics.de\/wp-content\/uploads\/2025\/06\/A4A5049-480x320.jpg 480w\" sizes=\"(min-width: 0px) and (max-width: 480px) 480px, (min-width: 481px) and (max-width: 980px) 980px, (min-width: 981px) and (max-width: 1280px) 1280px, (min-width: 1281px) 1920px, 100vw\" class=\"wp-image-9648\" title=\"_A4A5049\" \/><span class=\"et_overlay\"><\/span><\/span><\/a><\/div><\/div><\/div><div class=\"et_pb_row_43 et_pb_row et_block_row\"><div class=\"et_pb_column_56 et_pb_column et_pb_column_4_4 et-last-child et_block_column et_pb_css_mix_blend_mode_passthrough\"><div class=\"et_pb_text_27 et_pb_text et_pb_bg_layout_light et_pb_module et_block_module\"><div class=\"et_pb_text_inner\"><p>Kiyomizu-dera liegt am Fu\u00dfe des Otowa-Berges, und die Umgebung ist ebenso beeindruckend wie der Tempel selbst. Der Tempelkomplex ist von einem wundersch\u00f6nen Garten und vielen traditionellen japanischen Geb\u00e4uden umgeben. Besonders in den Fr\u00fchlings- und Herbstmonaten, wenn die Natur sich in pr\u00e4chtigen Farben zeigt, zieht der Tempel zahlreiche Fotografen und Naturliebhaber an.<\/p>\n<\/div><\/div><\/div><\/div><div class=\"et_pb_row_44 et_pb_row et_block_row\"><div class=\"et_pb_column_57 et_pb_column et_pb_column_1_2 et_block_column et_pb_css_mix_blend_mode_passthrough\"><div class=\"et_pb_image_32 et_pb_image et_pb_has_overlay et_pb_module et_block_module\"><a href=\"https:\/\/msphotographics.de\/wp-content\/uploads\/2025\/06\/A4A5071.jpg\" class=\"et_pb_lightbox_image\"><span class=\"et_pb_image_wrap\"><img decoding=\"async\" src=\"https:\/\/msphotographics.de\/wp-content\/uploads\/2025\/06\/A4A5071.jpg\" width=\"1920\" height=\"1280\" srcset=\"https:\/\/msphotographics.de\/wp-content\/uploads\/2025\/06\/A4A5071.jpg 1920w, https:\/\/msphotographics.de\/wp-content\/uploads\/2025\/06\/A4A5071-1280x853.jpg 1280w, https:\/\/msphotographics.de\/wp-content\/uploads\/2025\/06\/A4A5071-980x653.jpg 980w, https:\/\/msphotographics.de\/wp-content\/uploads\/2025\/06\/A4A5071-480x320.jpg 480w\" sizes=\"(min-width: 0px) and (max-width: 480px) 480px, (min-width: 481px) and (max-width: 980px) 980px, (min-width: 981px) and (max-width: 1280px) 1280px, (min-width: 1281px) 1920px, 100vw\" class=\"wp-image-9651\" title=\"_A4A5071\" \/><span class=\"et_overlay\"><\/span><\/span><\/a><\/div><\/div><div class=\"et_pb_column_58 et_pb_column et_pb_column_1_2 et-last-child et_block_column et_pb_css_mix_blend_mode_passthrough\"><div class=\"et_pb_image_33 et_pb_image et_pb_has_overlay et_pb_module et_block_module\"><a href=\"https:\/\/msphotographics.de\/wp-content\/uploads\/2025\/06\/A4A5076.jpg\" class=\"et_pb_lightbox_image\"><span class=\"et_pb_image_wrap\"><img decoding=\"async\" src=\"https:\/\/msphotographics.de\/wp-content\/uploads\/2025\/06\/A4A5076.jpg\" width=\"1920\" height=\"1280\" srcset=\"https:\/\/msphotographics.de\/wp-content\/uploads\/2025\/06\/A4A5076.jpg 1920w, https:\/\/msphotographics.de\/wp-content\/uploads\/2025\/06\/A4A5076-1280x853.jpg 1280w, https:\/\/msphotographics.de\/wp-content\/uploads\/2025\/06\/A4A5076-980x653.jpg 980w, https:\/\/msphotographics.de\/wp-content\/uploads\/2025\/06\/A4A5076-480x320.jpg 480w\" sizes=\"(min-width: 0px) and (max-width: 480px) 480px, (min-width: 481px) and (max-width: 980px) 980px, (min-width: 981px) and (max-width: 1280px) 1280px, (min-width: 1281px) 1920px, 100vw\" class=\"wp-image-9652\" title=\"_A4A5076\" \/><span class=\"et_overlay\"><\/span><\/span><\/a><\/div><\/div><\/div><div class=\"et_pb_row_45 et_pb_row et_block_row\"><div class=\"et_pb_column_59 et_pb_column et_pb_column_4_4 et-last-child et_block_column et_pb_css_mix_blend_mode_passthrough\"><div class=\"et_pb_text_28 et_pb_text et_pb_bg_layout_light et_pb_module et_block_module\"><div class=\"et_pb_text_inner\"><p>Der Kiyomizu-dera ist das ganze Jahr \u00fcber ein beliebtes Ziel, aber besonders w\u00e4hrend der Kirschbl\u00fctenzeit im Fr\u00fchling und der Herbstlaubf\u00e4rbung ist der Tempel ein unvergessliches Erlebnis. Im Sommer ist der Tempel von einer gr\u00fcnen Oase umgeben, die zur Erfrischung einl\u00e4dt, und im Winter k\u00f6nnen die umliegenden B\u00e4ume mit Schnee bedeckt und der Tempel von einer mystischen Atmosph\u00e4re umgeben sein.<\/p>\n<p>Der Kiyomizu-dera Tempel ist nicht nur ein spirituelles Zentrum, sondern auch ein architektonisches Meisterwerk und ein herrlicher Aussichtspunkt auf Kyoto. Mit seiner Geschichte, den einzigartigen Merkmalen wie der Otowa Quelle und der B\u00fchne, die das Tal \u00fcberblickt, bietet der Tempel eine der eindrucksvollsten Erfahrungen in Kyoto. Ein Besuch hier ist nicht nur ein kulturelles Erlebnis, sondern auch eine Gelegenheit, in die spirituelle und nat\u00fcrliche Sch\u00f6nheit Kyotos einzutauchen. <\/p>\n<\/div><\/div><\/div><\/div><div class=\"et_pb_row_46 et_pb_row et_block_row\"><div class=\"et_pb_column_60 et_pb_column et_pb_column_4_4 et-last-child et_block_column et_pb_css_mix_blend_mode_passthrough\"><div class=\"et_pb_text_29 et_pb_text et_pb_bg_layout_light et_pb_module et_block_module\"><div class=\"et_pb_text_inner\"><h3>Der Matcha Tee - ein wichtiger Bestandteil der japanischen Kultur:<\/h3>\n<\/div><\/div><\/div><\/div><div class=\"et_pb_row_47 et_pb_row et_block_row\"><div class=\"et_pb_column_61 et_pb_column et_pb_column_2_5 et_block_column et_pb_css_mix_blend_mode_passthrough\"><div class=\"et_pb_image_34 et_pb_image et_pb_has_overlay et_pb_module et_block_module\"><a href=\"https:\/\/msphotographics.de\/wp-content\/uploads\/2025\/06\/A4A5064.jpg\" class=\"et_pb_lightbox_image\"><span class=\"et_pb_image_wrap\"><img decoding=\"async\" src=\"https:\/\/msphotographics.de\/wp-content\/uploads\/2025\/06\/A4A5064.jpg\" width=\"1280\" height=\"1920\" srcset=\"https:\/\/msphotographics.de\/wp-content\/uploads\/2025\/06\/A4A5064.jpg 1280w, https:\/\/msphotographics.de\/wp-content\/uploads\/2025\/06\/A4A5064-980x1470.jpg 980w, https:\/\/msphotographics.de\/wp-content\/uploads\/2025\/06\/A4A5064-480x720.jpg 480w\" sizes=\"(min-width: 0px) and (max-width: 480px) 480px, (min-width: 481px) and (max-width: 980px) 980px, (min-width: 981px) 1280px, 100vw\" class=\"wp-image-9650\" title=\"_A4A5064\" \/><span class=\"et_overlay\"><\/span><\/span><\/a><\/div><\/div><div class=\"et_pb_column_62 et_pb_column et_pb_column_3_5 et-last-child et_block_column et_pb_css_mix_blend_mode_passthrough\"><div class=\"et_pb_text_30 et_pb_text et_pb_bg_layout_light et_pb_module et_block_module\"><div class=\"et_pb_text_inner\"><p>Matcha ist ein fein gemahlener, pulverisierter gr\u00fcner Tee, der tief in der japanischen Kultur verwurzelt ist. Mit seiner leuchtend gr\u00fcnen Farbe und dem einzigartigen Geschmack hat sich Matcha weltweit einen Namen gemacht \u2013 nicht nur als Getr\u00e4nk, sondern auch als Zutat in vielen modernen Rezepten wie Matcha-Latte, Eiscreme und sogar Geb\u00e4ck.<\/p>\n<p>Im Vergleich zu herk\u00f6mmlichem gr\u00fcnem Tee wird f\u00fcr Matcha das gesamte Teeblatt verarbeitet und zu feinstem Pulver gemahlen. Der Herstellungsprozess ist sehr aufwendig:<\/p>\n<p>Etwa 20 Tage vor der Ernte werden die Teepflanzen mit speziellen Netzen beschattet, um den Teebl\u00e4ttern zu helfen, mehr Chlorophyll zu produzieren und weniger Bitterstoffe zu entwickeln. Die frischen Teebl\u00e4tter werden geerntet und sofort ged\u00e4mpft, um die Oxidation zu stoppen und ihre frische gr\u00fcne Farbe zu bewahren. Nach dem Trocknen werden die Bl\u00e4tter zu feinstem Pulver gemahlen, das den charakteristischen Matcha bildet.<\/p>\n<p>Der aufwendige Anbauprozess und die besondere Verarbeitung machen Matcha zu einem hochwertigen Tee, der reich an Antioxidantien und N\u00e4hrstoffen ist.<\/p>\n<p>Matcha ist bekannt f\u00fcr seine zahlreichen gesundheitlichen Vorteile, die auf seine besondere Verarbeitung und den hohen Gehalt an N\u00e4hrstoffen zur\u00fcckzuf\u00fchren sind:<\/p>\n<p>Matcha enth\u00e4lt Catechine, ein starkes Antioxidans, das zur Bek\u00e4mpfung von freien Radikalen und zur F\u00f6rderung der Zellgesundheit beitr\u00e4gt. Aufgrund des nat\u00fcrlichen Koffeins und der Aminos\u00e4ure L-Theanin sorgt Matcha f\u00fcr eine langanhaltende Energie und f\u00f6rdert gleichzeitig einen klaren Geist, ohne die Nervosit\u00e4t, die oft mit Kaffee einhergeht.<\/p>\n<p>Matcha unterst\u00fctzt die Entgiftung des K\u00f6rpers und wirkt entz\u00fcndungshemmend, was zur F\u00f6rderung des allgemeinen Wohlbefindens beitr\u00e4gt. Die enthaltenen Vitamine, Mineralien und Antioxidantien st\u00e4rken das Immunsystem und f\u00f6rdern die allgemeine Gesundheit.<\/p>\n<\/div><\/div><\/div><\/div><div class=\"et_pb_row_48 et_pb_row et_block_row\"><div class=\"et_pb_column_63 et_pb_column et_pb_column_4_4 et-last-child et_block_column et_pb_css_mix_blend_mode_passthrough\"><div class=\"et_pb_text_31 et_pb_text et_pb_bg_layout_light et_pb_module et_block_module\"><div class=\"et_pb_text_inner\"><p>Matcha hat einen einzigartigen Geschmack, der in der Regel als umami (herzhaft und tief) beschrieben wird. Die Aromen reichen von leicht s\u00fc\u00dflich bis zu einem grasigen, frischen Geschmack. Die Zubereitung von Matcha unterscheidet sich von herk\u00f6mmlichem Tee, da das Pulver direkt in Wasser aufgel\u00f6st wird:<\/p>\n<p>F\u00fcr die klassische Zubereitung wird ein Teel\u00f6ffel Matcha in eine Schale (Chawan) gegeben. Dann wird hei\u00dfes Wasser (ca. 75-80\u00b0C) hinzugef\u00fcgt, und mit einem Bambusbesen (Chasen) wird der Tee kr\u00e4ftig geschlagen, bis er sch\u00e4umt. Eine beliebte moderne Variante ist der Matcha Latte, bei dem Matcha mit hei\u00dfer Milch oder pflanzlicher Milch aufgesch\u00e4umt wird. Dies ergibt ein cremiges, leicht s\u00fc\u00dfes Getr\u00e4nk. Matcha wird auch in Geb\u00e4ck, Kuchen und sogar Eis verwendet, um den einzigartigen Geschmack in Desserts zu integrieren.<\/p>\n<p>Matcha spielt eine zentrale Rolle in der japanischen Teezeremonie, einem ritualisierten Prozess, der darauf abzielt, die harmonische Verbindung zwischen Gastgeber und Gast zu f\u00f6rdern. Die Zubereitung und das Teilen von Matcha sind nicht nur eine Frage des Geschmacks, sondern auch eine Gelegenheit, Achtsamkeit und Respekt zu \u00fcben.<\/p>\n<p>Dar\u00fcber hinaus ist Matcha auch ein Symbol f\u00fcr die japanische \u00c4sthetik und Zen-Philosophie, die Einfachheit, Reinheit und Harmonie sch\u00e4tzt.<\/p>\n<p>Matcha ist mehr als nur ein Getr\u00e4nk \u2013 es ist ein Erlebnis. Mit seiner reichen Geschichte, seinen gesundheitlichen Vorteilen und seinem einzigartigen Geschmack hat Matcha einen festen Platz in der japanischen Kultur und erfreut sich weltweit zunehmender Beliebtheit. Ob als Teil der Teezeremonie oder in modernen Getr\u00e4nken und Desserts \u2013 Matcha bietet eine vielseitige und gesunde M\u00f6glichkeit, sich eine Auszeit vom hektischen Alltag zu nehmen und in die Welt der japanischen Tradition einzutauchen.<\/p>\n<\/div><\/div><\/div><\/div><div class=\"et_pb_row_49 et_pb_row et_block_row\"><div class=\"et_pb_column_64 et_pb_column et_pb_column_4_4 et-last-child et_block_column et_pb_css_mix_blend_mode_passthrough\"><div class=\"et_pb_text_32 et_pb_text et_pb_bg_layout_light et_pb_module et_block_module\"><div class=\"et_pb_text_inner\"><h3>Fahrt nach Nara:<\/h3>\n<\/div><\/div><\/div><\/div><div class=\"et_pb_row_50 et_pb_row et_block_row\"><div class=\"et_pb_column_65 et_pb_column et_pb_column_4_4 et-last-child et_block_column et_pb_css_mix_blend_mode_passthrough\"><div class=\"et_pb_module et_d4_element dsm_embed_google_map dsm_embed_google_map_1\">\n\t\t\t\t\n\t\t\t\t\n\t\t\t\t\n\t\t\t\t\n\t\t\t\t\n\t\t\t\t\n\t\t\t\t<div class=\"et_pb_module_inner\">\n\t\t\t\t\t<iframe loading=\"lazy\" frameborder=\"0\" scrolling=\"no\" marginheight=\"0\" marginwidth=\"0\" referrerPolicy=\"no-referrer-when-downgrade\" src=\"https:\/\/www.google.com\/maps\/embed\/v1\/place?key=AIzaSyCNXajxYAwmv-y_uwv0H__5xW8I-WTN2iA&amp;q=Nara%2C%20Japan&amp;zoom=9&amp;language=de_DE\" aria-label=\"Nara, Japan\"><\/iframe>\n\t\t\t\t<\/div>\n\t\t\t<\/div><div class=\"et_pb_image_35 et_pb_image et_pb_has_overlay et_pb_module et_block_module\"><a href=\"https:\/\/msphotographics.de\/wp-content\/uploads\/2025\/06\/A4A5183.jpg\" class=\"et_pb_lightbox_image\"><span class=\"et_pb_image_wrap\"><img decoding=\"async\" src=\"https:\/\/msphotographics.de\/wp-content\/uploads\/2025\/06\/A4A5183.jpg\" width=\"1920\" height=\"1280\" srcset=\"https:\/\/msphotographics.de\/wp-content\/uploads\/2025\/06\/A4A5183.jpg 1920w, https:\/\/msphotographics.de\/wp-content\/uploads\/2025\/06\/A4A5183-1280x853.jpg 1280w, https:\/\/msphotographics.de\/wp-content\/uploads\/2025\/06\/A4A5183-980x653.jpg 980w, https:\/\/msphotographics.de\/wp-content\/uploads\/2025\/06\/A4A5183-480x320.jpg 480w\" sizes=\"(min-width: 0px) and (max-width: 480px) 480px, (min-width: 481px) and (max-width: 980px) 980px, (min-width: 981px) and (max-width: 1280px) 1280px, (min-width: 1281px) 1920px, 100vw\" class=\"wp-image-9659\" title=\"_A4A5183\" \/><span class=\"et_overlay\"><\/span><\/span><\/a><\/div><\/div><\/div><div class=\"et_pb_row_51 et_pb_row et_block_row\"><div class=\"et_pb_column_66 et_pb_column et_pb_column_4_4 et-last-child et_block_column et_pb_css_mix_blend_mode_passthrough\"><div class=\"et_pb_text_33 et_pb_text et_pb_bg_layout_light et_pb_module et_block_module\"><div class=\"et_pb_text_inner\"><p>Nara, die erste permanente Hauptstadt Japans, liegt nur eine Stunde mit dem Zug von Kyoto entfernt und ist ein wahres Paradies f\u00fcr Geschichts- und Kulturinteressierte. Die Stadt, die von 710 bis 784 die Hauptstadt des Landes war, bietet zahlreiche historische Tempel, Schreine und kulturelle Sch\u00e4tze, die tief in der japanischen Geschichte verwurzelt sind. Besonders bekannt ist Nara f\u00fcr seine ruhigen Parkanlagen, friedlichen Rehe und atemberaubenden Tempelanlagen, die ein einzigartiges Erlebnis bieten.<\/p>\n<p>Einer der beliebtesten Orte in Nara ist der Nara Park, der f\u00fcr seine frei herumlaufenden Rehe ber\u00fchmt ist. Diese Tiere sind als Botschafter der G\u00f6tter bekannt, da sie mit Shinto-Glauben in Verbindung gebracht werden. Es wird gesagt, dass die Rehe in Nara die heiligen Tiere des Kasuga-Taisha-Schreins sind, und daher d\u00fcrfen sie frei umherstreifen. Es ist ein einzigartiges Erlebnis, den Park zu besuchen und den Tieren zu begegnen, die oft sehr zahm sind und sich sogar f\u00fcr Futter durch Verbeugen bedanken.<\/p>\n<p>Sie sind eines der bekanntesten Merkmale dieser historischen Stadt und haben eine tief verwurzelte kulturelle Bedeutung. Diese, meist friedlichen Tiere, die frei im Nara Park umherstreifen, sind nicht nur ein einzigartiges Naturph\u00e4nomen, sondern auch ein wichtiges Symbol in der japanischen Spiritualit\u00e4t und Mythologie.<\/p>\n<p>Die Rehe, die in den weitl\u00e4ufigen Gr\u00fcnfl\u00e4chen des Nara Parks leben, sind eng mit dem Kasuga-Taisha-Schrein verbunden, einem der bedeutendsten Shinto-Schreine in Japan. In der Shinto-Religion wird angenommen, dass Rehe die Boten der G\u00f6tter sind. Es wird gesagt, dass die Gottheit des Kasuga-Schreins, Futodama no Kami, in der Form eines Rehs erschien, um ihren g\u00f6ttlichen Willen zu verk\u00fcnden. Seitdem gelten die Rehe in Nara als heilig und d\u00fcrfen frei herumlaufen, was ihnen einen besonderen Status verleiht.<\/p>\n<\/div><\/div><\/div><\/div><div class=\"et_pb_row_52 et_pb_row et_block_row\"><div class=\"et_pb_column_67 et_pb_column et_pb_column_4_4 et-last-child et_block_column et_pb_css_mix_blend_mode_passthrough\"><div class=\"et_pb_text_34 et_pb_text et_pb_bg_layout_light et_pb_module et_block_module\"><div class=\"et_pb_text_inner\"><h3>Der Kofuku-ji Tempel:<\/h3>\n<\/div><\/div><\/div><\/div><div class=\"et_pb_row_53 et_pb_row et_block_row\"><div class=\"et_pb_column_68 et_pb_column et_pb_column_1_2 et_block_column et_pb_css_mix_blend_mode_passthrough\"><div class=\"et_pb_image_36 et_pb_image et_pb_has_overlay et_pb_module et_block_module\"><a href=\"https:\/\/msphotographics.de\/wp-content\/uploads\/2025\/06\/A4A5125.jpg\" class=\"et_pb_lightbox_image\"><span class=\"et_pb_image_wrap\"><img decoding=\"async\" src=\"https:\/\/msphotographics.de\/wp-content\/uploads\/2025\/06\/A4A5125.jpg\" width=\"1920\" height=\"1280\" srcset=\"https:\/\/msphotographics.de\/wp-content\/uploads\/2025\/06\/A4A5125.jpg 1920w, https:\/\/msphotographics.de\/wp-content\/uploads\/2025\/06\/A4A5125-1280x853.jpg 1280w, https:\/\/msphotographics.de\/wp-content\/uploads\/2025\/06\/A4A5125-980x653.jpg 980w, https:\/\/msphotographics.de\/wp-content\/uploads\/2025\/06\/A4A5125-480x320.jpg 480w\" sizes=\"(min-width: 0px) and (max-width: 480px) 480px, (min-width: 481px) and (max-width: 980px) 980px, (min-width: 981px) and (max-width: 1280px) 1280px, (min-width: 1281px) 1920px, 100vw\" class=\"wp-image-9656\" title=\"_A4A5125\" \/><span class=\"et_overlay\"><\/span><\/span><\/a><\/div><\/div><div class=\"et_pb_column_69 et_pb_column et_pb_column_1_2 et-last-child et_block_column et_pb_css_mix_blend_mode_passthrough\"><div class=\"et_pb_image_37 et_pb_image et_pb_has_overlay et_pb_module et_block_module\"><a href=\"https:\/\/msphotographics.de\/wp-content\/uploads\/2025\/06\/A4A5127.jpg\" class=\"et_pb_lightbox_image\"><span class=\"et_pb_image_wrap\"><img decoding=\"async\" src=\"https:\/\/msphotographics.de\/wp-content\/uploads\/2025\/06\/A4A5127.jpg\" width=\"1920\" height=\"1280\" srcset=\"https:\/\/msphotographics.de\/wp-content\/uploads\/2025\/06\/A4A5127.jpg 1920w, https:\/\/msphotographics.de\/wp-content\/uploads\/2025\/06\/A4A5127-1280x853.jpg 1280w, https:\/\/msphotographics.de\/wp-content\/uploads\/2025\/06\/A4A5127-980x653.jpg 980w, https:\/\/msphotographics.de\/wp-content\/uploads\/2025\/06\/A4A5127-480x320.jpg 480w\" sizes=\"(min-width: 0px) and (max-width: 480px) 480px, (min-width: 481px) and (max-width: 980px) 980px, (min-width: 981px) and (max-width: 1280px) 1280px, (min-width: 1281px) 1920px, 100vw\" class=\"wp-image-9657\" title=\"_A4A5127\" \/><span class=\"et_overlay\"><\/span><\/span><\/a><\/div><\/div><\/div><div class=\"et_pb_row_54 et_pb_row et_block_row\"><div class=\"et_pb_column_70 et_pb_column et_pb_column_4_4 et-last-child et_block_column et_pb_css_mix_blend_mode_passthrough\"><div class=\"et_pb_text_35 et_pb_text et_pb_bg_layout_light et_pb_module et_block_module\"><div class=\"et_pb_text_inner\"><p>Der Kofuku-ji Tempel ist eine der \u00e4ltesten und bedeutendsten buddhistischen Tempelanlagen in Nara. Der Tempel, der urspr\u00fcnglich im Jahr 669 gegr\u00fcndet wurde, spielte eine entscheidende Rolle in der Entwicklung des Buddhismus in Japan und ist heute ein UNESCO-Weltkulturerbe. Mit seiner beeindruckenden Architektur, den historischen Sch\u00e4tzen und seiner tiefen Verbindung zur japanischen Geschichte zieht der Kofuku-ji j\u00e4hrlich Tausende von Besuchern an.<\/p>\n<p>Der Kofuku-ji Tempel liegt inmitten des historischen Zentrums von Nara, in der N\u00e4he des Nara-Parks und anderer bedeutender Sehensw\u00fcrdigkeiten wie dem Todai-ji Tempel und dem Kasuga Taisha Schrein. Der Tempel ist von einem sch\u00f6nen Garten umgeben, in dem Besucher ruhige Spazierg\u00e4nge unternehmen und die Atmosph\u00e4re des Ortes genie\u00dfen k\u00f6nnen.<\/p>\n<\/div><\/div><\/div><\/div><div class=\"et_pb_row_55 et_pb_row et_block_row\"><div class=\"et_pb_column_71 et_pb_column et_pb_column_4_4 et-last-child et_block_column et_pb_css_mix_blend_mode_passthrough\"><div class=\"et_pb_image_38 et_pb_image et_pb_has_overlay et_pb_module et_block_module\"><a href=\"https:\/\/msphotographics.de\/wp-content\/uploads\/2025\/06\/A4A5171.jpg\" class=\"et_pb_lightbox_image\"><span class=\"et_pb_image_wrap\"><img decoding=\"async\" src=\"https:\/\/msphotographics.de\/wp-content\/uploads\/2025\/06\/A4A5171.jpg\" width=\"1920\" height=\"1280\" srcset=\"https:\/\/msphotographics.de\/wp-content\/uploads\/2025\/06\/A4A5171.jpg 1920w, https:\/\/msphotographics.de\/wp-content\/uploads\/2025\/06\/A4A5171-1280x853.jpg 1280w, https:\/\/msphotographics.de\/wp-content\/uploads\/2025\/06\/A4A5171-980x653.jpg 980w, https:\/\/msphotographics.de\/wp-content\/uploads\/2025\/06\/A4A5171-480x320.jpg 480w\" sizes=\"(min-width: 0px) and (max-width: 480px) 480px, (min-width: 481px) and (max-width: 980px) 980px, (min-width: 981px) and (max-width: 1280px) 1280px, (min-width: 1281px) 1920px, 100vw\" class=\"wp-image-9658\" title=\"_A4A5171\" \/><span class=\"et_overlay\"><\/span><\/span><\/a><\/div><\/div><\/div><div class=\"et_pb_row_56 et_pb_row et_block_row\"><div class=\"et_pb_column_72 et_pb_column et_pb_column_4_4 et-last-child et_block_column et_pb_css_mix_blend_mode_passthrough\"><div class=\"et_pb_text_36 et_pb_text et_pb_bg_layout_light et_pb_module et_block_module\"><div class=\"et_pb_text_inner\"><p>Die Umgebung des Kofuku-ji spiegelt die tief verwurzelte spirituelle und kulturelle Bedeutung des Tempels wider. Es ist ein Ort der Ruhe, an dem die Besucher nicht nur die Geschichte Japans erleben, sondern auch eine tiefere Verbindung zur japanischen religi\u00f6sen Tradition aufbauen k\u00f6nnen.<\/p>\n<p>Der Kofuku-ji Tempel in Nara ist ein wichtiges kulturelles und religi\u00f6ses Zentrum in Japan, das nicht nur durch seine beeindruckende Architektur, sondern auch durch seine Sch\u00e4tze und seine Verbindung zur Geschichte des Landes besticht. Ein Besuch des Tempels bietet einen einzigartigen Einblick in die buddhistische Kultur Japans und ist ein unvergessliches Erlebnis f\u00fcr jeden, der sich f\u00fcr die spirituelle und kulturelle Bedeutung dieses Landes interessiert.<\/p>\n<\/div><\/div><\/div><\/div><div class=\"et_pb_row_57 et_pb_row et_block_row\"><div class=\"et_pb_column_73 et_pb_column et_pb_column_4_4 et-last-child et_block_column et_pb_css_mix_blend_mode_passthrough\"><div class=\"et_pb_text_37 et_pb_text et_pb_bg_layout_light et_pb_module et_block_module\"><div class=\"et_pb_text_inner\"><h3>Der Nara Park:<\/h3>\n<\/div><\/div><\/div><\/div><div class=\"et_pb_row_58 et_pb_row et_block_row\"><div class=\"et_pb_column_74 et_pb_column et_pb_column_1_2 et_block_column et_pb_css_mix_blend_mode_passthrough\"><div class=\"et_pb_image_39 et_pb_image et_pb_has_overlay et_pb_module et_block_module\"><a href=\"https:\/\/msphotographics.de\/wp-content\/uploads\/2025\/06\/A4A5196.jpg\" class=\"et_pb_lightbox_image\"><span class=\"et_pb_image_wrap\"><img decoding=\"async\" src=\"https:\/\/msphotographics.de\/wp-content\/uploads\/2025\/06\/A4A5196.jpg\" width=\"1920\" height=\"1280\" srcset=\"https:\/\/msphotographics.de\/wp-content\/uploads\/2025\/06\/A4A5196.jpg 1920w, https:\/\/msphotographics.de\/wp-content\/uploads\/2025\/06\/A4A5196-1280x853.jpg 1280w, https:\/\/msphotographics.de\/wp-content\/uploads\/2025\/06\/A4A5196-980x653.jpg 980w, https:\/\/msphotographics.de\/wp-content\/uploads\/2025\/06\/A4A5196-480x320.jpg 480w\" sizes=\"(min-width: 0px) and (max-width: 480px) 480px, (min-width: 481px) and (max-width: 980px) 980px, (min-width: 981px) and (max-width: 1280px) 1280px, (min-width: 1281px) 1920px, 100vw\" class=\"wp-image-9660\" title=\"_A4A5196\" \/><span class=\"et_overlay\"><\/span><\/span><\/a><\/div><\/div><div class=\"et_pb_column_75 et_pb_column et_pb_column_1_2 et-last-child et_block_column et_pb_css_mix_blend_mode_passthrough\"><div class=\"et_pb_image_40 et_pb_image et_pb_has_overlay et_pb_module et_block_module\"><a href=\"https:\/\/msphotographics.de\/wp-content\/uploads\/2025\/06\/A4A5211.jpg\" class=\"et_pb_lightbox_image\"><span class=\"et_pb_image_wrap\"><img decoding=\"async\" src=\"https:\/\/msphotographics.de\/wp-content\/uploads\/2025\/06\/A4A5211.jpg\" width=\"1920\" height=\"1280\" srcset=\"https:\/\/msphotographics.de\/wp-content\/uploads\/2025\/06\/A4A5211.jpg 1920w, https:\/\/msphotographics.de\/wp-content\/uploads\/2025\/06\/A4A5211-1280x853.jpg 1280w, https:\/\/msphotographics.de\/wp-content\/uploads\/2025\/06\/A4A5211-980x653.jpg 980w, https:\/\/msphotographics.de\/wp-content\/uploads\/2025\/06\/A4A5211-480x320.jpg 480w\" sizes=\"(min-width: 0px) and (max-width: 480px) 480px, (min-width: 481px) and (max-width: 980px) 980px, (min-width: 981px) and (max-width: 1280px) 1280px, (min-width: 1281px) 1920px, 100vw\" class=\"wp-image-9661\" title=\"_A4A5211\" \/><span class=\"et_overlay\"><\/span><\/span><\/a><\/div><\/div><\/div><div class=\"et_pb_row_59 et_pb_row et_block_row\"><div class=\"et_pb_column_76 et_pb_column et_pb_column_4_4 et-last-child et_block_column et_pb_css_mix_blend_mode_passthrough\"><div class=\"et_pb_text_38 et_pb_text et_pb_bg_layout_light et_pb_module et_block_module\"><div class=\"et_pb_text_inner\"><p>Der Nara Park ist eine der bekanntesten Sehensw\u00fcrdigkeiten in Nara, Japan, und bietet eine perfekte Mischung aus Natur, Geschichte und Spiritualit\u00e4t. Der Park, der mit \u00fcber 500 Hektar eine der gr\u00f6\u00dften Gr\u00fcnfl\u00e4chen der Stadt umfasst, ist nicht nur f\u00fcr seine nat\u00fcrliche Sch\u00f6nheit ber\u00fchmt, sondern auch f\u00fcr die zahlreichen historischen Tempel, Schreine und kulturellen Wahrzeichen, die ihn umgeben. Besonders bekannt ist der Park f\u00fcr seine zahmen Rehe, die frei herumlaufen und den Park zu einem einzigartigen Erlebnis machen.<\/p>\n<\/div><\/div><\/div><\/div><div class=\"et_pb_row_60 et_pb_row et_block_row\"><div class=\"et_pb_column_77 et_pb_column et_pb_column_4_4 et-last-child et_block_column et_pb_css_mix_blend_mode_passthrough\"><div class=\"et_pb_image_41 et_pb_image et_pb_has_overlay et_pb_module et_block_module\"><a href=\"https:\/\/msphotographics.de\/wp-content\/uploads\/2025\/06\/A4A5214.jpg\" class=\"et_pb_lightbox_image\"><span class=\"et_pb_image_wrap\"><img decoding=\"async\" src=\"https:\/\/msphotographics.de\/wp-content\/uploads\/2025\/06\/A4A5214.jpg\" width=\"1920\" height=\"1280\" srcset=\"https:\/\/msphotographics.de\/wp-content\/uploads\/2025\/06\/A4A5214.jpg 1920w, https:\/\/msphotographics.de\/wp-content\/uploads\/2025\/06\/A4A5214-1280x853.jpg 1280w, https:\/\/msphotographics.de\/wp-content\/uploads\/2025\/06\/A4A5214-980x653.jpg 980w, https:\/\/msphotographics.de\/wp-content\/uploads\/2025\/06\/A4A5214-480x320.jpg 480w\" sizes=\"(min-width: 0px) and (max-width: 480px) 480px, (min-width: 481px) and (max-width: 980px) 980px, (min-width: 981px) and (max-width: 1280px) 1280px, (min-width: 1281px) 1920px, 100vw\" class=\"wp-image-9662\" title=\"_A4A5214\" \/><span class=\"et_overlay\"><\/span><\/span><\/a><\/div><\/div><\/div><div class=\"et_pb_row_61 et_pb_row et_block_row\"><div class=\"et_pb_column_78 et_pb_column et_pb_column_4_4 et-last-child et_block_column et_pb_css_mix_blend_mode_passthrough\"><div class=\"et_pb_text_39 et_pb_text et_pb_bg_layout_light et_pb_module et_block_module\"><div class=\"et_pb_text_inner\"><p>Der Nara Park ist nicht nur ein Ort der Entspannung, sondern auch ein bedeutendes kulturelles Zentrum. Im Park befinden sich einige der bekanntesten historischen Tempel und Schreine der Stadt, die eine enge Verbindung zur japanischen Geschichte und Religion haben:<\/p>\n<p>Kasuga-Taisha-Schrein: Ein Shinto-Schrein, der f\u00fcr seine \u00fcber 3.000 Bronzelaternen bekannt ist. Der Schrein, der ebenfalls ein UNESCO-Weltkulturerbe ist, befindet sich am Rande des Parks und ist von einem wundersch\u00f6nen Waldgebiet umgeben.<\/p>\n<p>K\u014dfuku-ji-Tempel: Ein weiterer bedeutender Tempel in der N\u00e4he des Nara Parks. Besonders bekannt ist seine f\u00fcnfst\u00f6ckige Pagode, die als eines der h\u00f6chsten Holzbauwerke Japans gilt und eine der bekanntesten Sehensw\u00fcrdigkeiten in Nara darstellt.<\/p>\n<\/div><\/div><\/div><\/div><div class=\"et_pb_row_62 et_pb_row et_block_row\"><div class=\"et_pb_column_79 et_pb_column et_pb_column_1_2 et_block_column et_pb_css_mix_blend_mode_passthrough\"><div class=\"et_pb_image_42 et_pb_image et_pb_has_overlay et_pb_module et_block_module\"><a href=\"https:\/\/msphotographics.de\/wp-content\/uploads\/2025\/06\/A4A5216.jpg\" class=\"et_pb_lightbox_image\"><span class=\"et_pb_image_wrap\"><img decoding=\"async\" src=\"https:\/\/msphotographics.de\/wp-content\/uploads\/2025\/06\/A4A5216.jpg\" width=\"1920\" height=\"1280\" srcset=\"https:\/\/msphotographics.de\/wp-content\/uploads\/2025\/06\/A4A5216.jpg 1920w, https:\/\/msphotographics.de\/wp-content\/uploads\/2025\/06\/A4A5216-1280x853.jpg 1280w, https:\/\/msphotographics.de\/wp-content\/uploads\/2025\/06\/A4A5216-980x653.jpg 980w, https:\/\/msphotographics.de\/wp-content\/uploads\/2025\/06\/A4A5216-480x320.jpg 480w\" sizes=\"(min-width: 0px) and (max-width: 480px) 480px, (min-width: 481px) and (max-width: 980px) 980px, (min-width: 981px) and (max-width: 1280px) 1280px, (min-width: 1281px) 1920px, 100vw\" class=\"wp-image-9663\" title=\"_A4A5216\" \/><span class=\"et_overlay\"><\/span><\/span><\/a><\/div><\/div><div class=\"et_pb_column_80 et_pb_column et_pb_column_1_2 et-last-child et_block_column et_pb_css_mix_blend_mode_passthrough\"><div class=\"et_pb_image_43 et_pb_image et_pb_has_overlay et_pb_module et_block_module\"><a href=\"https:\/\/msphotographics.de\/wp-content\/uploads\/2025\/06\/A4A5218.jpg\" class=\"et_pb_lightbox_image\"><span class=\"et_pb_image_wrap\"><img decoding=\"async\" src=\"https:\/\/msphotographics.de\/wp-content\/uploads\/2025\/06\/A4A5218.jpg\" width=\"1920\" height=\"1280\" srcset=\"https:\/\/msphotographics.de\/wp-content\/uploads\/2025\/06\/A4A5218.jpg 1920w, https:\/\/msphotographics.de\/wp-content\/uploads\/2025\/06\/A4A5218-1280x853.jpg 1280w, https:\/\/msphotographics.de\/wp-content\/uploads\/2025\/06\/A4A5218-980x653.jpg 980w, https:\/\/msphotographics.de\/wp-content\/uploads\/2025\/06\/A4A5218-480x320.jpg 480w\" sizes=\"(min-width: 0px) and (max-width: 480px) 480px, (min-width: 481px) and (max-width: 980px) 980px, (min-width: 981px) and (max-width: 1280px) 1280px, (min-width: 1281px) 1920px, 100vw\" class=\"wp-image-9664\" title=\"_A4A5218\" \/><span class=\"et_overlay\"><\/span><\/span><\/a><\/div><\/div><\/div><div class=\"et_pb_row_63 et_pb_row et_block_row\"><div class=\"et_pb_column_81 et_pb_column et_pb_column_4_4 et-last-child et_block_column et_pb_css_mix_blend_mode_passthrough\"><div class=\"et_pb_text_40 et_pb_text et_pb_bg_layout_light et_pb_module et_block_module\"><div class=\"et_pb_text_inner\"><p>Neben den historischen St\u00e4tten bietet der Nara Park auch zahlreiche M\u00f6glichkeiten, die Natur zu genie\u00dfen. Der Park ist von gr\u00fcnen Wiesen, W\u00e4ldern und Teichen durchzogen, die zu Spazierg\u00e4ngen und Entspannung einladen. Besonders im Fr\u00fchling, wenn die Kirschbl\u00fcten die B\u00e4ume schm\u00fccken, oder im Herbst, wenn die Bl\u00e4tter in leuchtenden Farben erstrahlen, ist der Park ein wahres Paradies f\u00fcr Fotografen und Naturliebhaber.<\/p>\n<p>Sarusawa-Teich: Ein malerischer Teich, der besonders in den fr\u00fchen Morgenstunden, wenn der Nebel \u00fcber dem Wasser liegt, eine ruhige und friedliche Atmosph\u00e4re ausstrahlt.<\/p>\n<p>Kofuku-ji Garten: Ein traditioneller japanischer Garten, der den Tempel umgibt und den Besuchern einen ruhigen Ort der Einkehr bietet.<\/p>\n<\/div><\/div><\/div><\/div><div class=\"et_pb_row_64 et_pb_row et_block_row\"><div class=\"et_pb_column_82 et_pb_column et_pb_column_4_4 et-last-child et_block_column et_pb_css_mix_blend_mode_passthrough\"><div class=\"et_pb_image_44 et_pb_image et_pb_has_overlay et_pb_module et_block_module\"><a href=\"https:\/\/msphotographics.de\/wp-content\/uploads\/2025\/06\/A4A5220.jpg\" class=\"et_pb_lightbox_image\"><span class=\"et_pb_image_wrap\"><img decoding=\"async\" src=\"https:\/\/msphotographics.de\/wp-content\/uploads\/2025\/06\/A4A5220.jpg\" width=\"1920\" height=\"1280\" srcset=\"https:\/\/msphotographics.de\/wp-content\/uploads\/2025\/06\/A4A5220.jpg 1920w, https:\/\/msphotographics.de\/wp-content\/uploads\/2025\/06\/A4A5220-1280x853.jpg 1280w, https:\/\/msphotographics.de\/wp-content\/uploads\/2025\/06\/A4A5220-980x653.jpg 980w, https:\/\/msphotographics.de\/wp-content\/uploads\/2025\/06\/A4A5220-480x320.jpg 480w\" sizes=\"(min-width: 0px) and (max-width: 480px) 480px, (min-width: 481px) and (max-width: 980px) 980px, (min-width: 981px) and (max-width: 1280px) 1280px, (min-width: 1281px) 1920px, 100vw\" class=\"wp-image-9665\" title=\"_A4A5220\" \/><span class=\"et_overlay\"><\/span><\/span><\/a><\/div><\/div><\/div><div class=\"et_pb_row_65 et_pb_row et_block_row\"><div class=\"et_pb_column_83 et_pb_column et_pb_column_4_4 et-last-child et_block_column et_pb_css_mix_blend_mode_passthrough\"><div class=\"et_pb_text_41 et_pb_text et_pb_bg_layout_light et_pb_module et_block_module\"><div class=\"et_pb_text_inner\"><p>Todai-ji-Tempel: Dieser weltber\u00fchmte Tempel beherbergt die monumentale Statue des Daibutsu (Gro\u00dfer Buddha), eine der gr\u00f6\u00dften bronzenen Buddha-Statuen der Welt. Der Todai-ji ist eines der wichtigsten religi\u00f6sen Wahrzeichen in Japan und ein UNESCO-Weltkulturerbe.<\/p>\n<\/div><\/div><\/div><\/div><div class=\"et_pb_row_66 et_pb_row et_block_row\"><div class=\"et_pb_column_84 et_pb_column et_pb_column_1_2 et_block_column et_pb_css_mix_blend_mode_passthrough\"><div class=\"et_pb_image_45 et_pb_image et_pb_has_overlay et_pb_module et_block_module\"><a href=\"https:\/\/msphotographics.de\/wp-content\/uploads\/2025\/06\/A4A5259.jpg\" class=\"et_pb_lightbox_image\"><span class=\"et_pb_image_wrap\"><img decoding=\"async\" src=\"https:\/\/msphotographics.de\/wp-content\/uploads\/2025\/06\/A4A5259.jpg\" width=\"1920\" height=\"1280\" srcset=\"https:\/\/msphotographics.de\/wp-content\/uploads\/2025\/06\/A4A5259.jpg 1920w, https:\/\/msphotographics.de\/wp-content\/uploads\/2025\/06\/A4A5259-1280x853.jpg 1280w, https:\/\/msphotographics.de\/wp-content\/uploads\/2025\/06\/A4A5259-980x653.jpg 980w, https:\/\/msphotographics.de\/wp-content\/uploads\/2025\/06\/A4A5259-480x320.jpg 480w\" sizes=\"(min-width: 0px) and (max-width: 480px) 480px, (min-width: 481px) and (max-width: 980px) 980px, (min-width: 981px) and (max-width: 1280px) 1280px, (min-width: 1281px) 1920px, 100vw\" class=\"wp-image-9668\" title=\"_A4A5259\" \/><span class=\"et_overlay\"><\/span><\/span><\/a><\/div><\/div><div class=\"et_pb_column_85 et_pb_column et_pb_column_1_2 et-last-child et_block_column et_pb_css_mix_blend_mode_passthrough\"><div class=\"et_pb_image_46 et_pb_image et_pb_has_overlay et_pb_module et_block_module\"><a href=\"https:\/\/msphotographics.de\/wp-content\/uploads\/2025\/06\/A4A5242.jpg\" class=\"et_pb_lightbox_image\"><span class=\"et_pb_image_wrap\"><img decoding=\"async\" src=\"https:\/\/msphotographics.de\/wp-content\/uploads\/2025\/06\/A4A5242.jpg\" width=\"1920\" height=\"1280\" srcset=\"https:\/\/msphotographics.de\/wp-content\/uploads\/2025\/06\/A4A5242.jpg 1920w, https:\/\/msphotographics.de\/wp-content\/uploads\/2025\/06\/A4A5242-1280x853.jpg 1280w, https:\/\/msphotographics.de\/wp-content\/uploads\/2025\/06\/A4A5242-980x653.jpg 980w, https:\/\/msphotographics.de\/wp-content\/uploads\/2025\/06\/A4A5242-480x320.jpg 480w\" sizes=\"(min-width: 0px) and (max-width: 480px) 480px, (min-width: 481px) and (max-width: 980px) 980px, (min-width: 981px) and (max-width: 1280px) 1280px, (min-width: 1281px) 1920px, 100vw\" class=\"wp-image-9667\" title=\"_A4A5242\" \/><span class=\"et_overlay\"><\/span><\/span><\/a><\/div><\/div><\/div><div class=\"et_pb_row_67 et_pb_row et_block_row\"><div class=\"et_pb_column_86 et_pb_column et_pb_column_4_4 et-last-child et_block_column et_pb_css_mix_blend_mode_passthrough\"><div class=\"et_pb_text_42 et_pb_text et_pb_bg_layout_light et_pb_module et_block_module\"><div class=\"et_pb_text_inner\"><p>Der Nara Park ist mehr als nur eine Gr\u00fcnfl\u00e4che in der Stadt \u2013 er ist ein lebendiges Kulturerbe, das sowohl die nat\u00fcrliche Sch\u00f6nheit als auch die tief verwurzelte Geschichte Japans widerspiegelt. Mit seinen historischen Tempeln, den ber\u00fchmten Rehen und den ruhigen Parklandschaften bietet er einen einzigartigen Raum, in dem Besucher die Spiritualit\u00e4t und den Frieden Japans erleben k\u00f6nnen. Ein Besuch im Nara Park ist daher ein unvergessliches Erlebnis und eine Reise in die japanische Kultur und Geschichte.<\/p>\n<\/div><\/div><\/div><\/div><div class=\"et_pb_row_68 et_pb_row et_block_row\"><div class=\"et_pb_column_87 et_pb_column et_pb_column_4_4 et-last-child et_block_column et_pb_css_mix_blend_mode_passthrough\"><div class=\"et_pb_text_43 et_pb_text et_pb_bg_layout_light et_pb_module et_block_module\"><div class=\"et_pb_text_inner\"><h3>Zur\u00fcck in Kyoto:<\/h3>\n<\/div><\/div><div class=\"et_pb_module et_d4_element dsm_embed_google_map dsm_embed_google_map_2\">\n\t\t\t\t\n\t\t\t\t\n\t\t\t\t\n\t\t\t\t\n\t\t\t\t\n\t\t\t\t\n\t\t\t\t<div class=\"et_pb_module_inner\">\n\t\t\t\t\t<iframe loading=\"lazy\" frameborder=\"0\" scrolling=\"no\" marginheight=\"0\" marginwidth=\"0\" referrerPolicy=\"no-referrer-when-downgrade\" src=\"https:\/\/www.google.com\/maps\/embed\/v1\/place?key=AIzaSyCNXajxYAwmv-y_uwv0H__5xW8I-WTN2iA&amp;q=Kyoto%2C%20Japan&amp;zoom=9&amp;language=de_DE\" aria-label=\"Kyoto, Japan\"><\/iframe>\n\t\t\t\t<\/div>\n\t\t\t<\/div><\/div><\/div><div class=\"et_pb_row_69 et_pb_row et_block_row\"><div class=\"et_pb_column_88 et_pb_column et_pb_column_4_4 et-last-child et_block_column et_pb_css_mix_blend_mode_passthrough\"><div class=\"et_pb_text_44 et_pb_text et_pb_bg_layout_light et_pb_module et_block_module\"><div class=\"et_pb_text_inner\"><h3>Der Arashiyama-Bambuswald:<\/h3>\n<\/div><\/div><\/div><\/div><div class=\"et_pb_row_70 et_pb_row et_block_row\"><div class=\"et_pb_column_89 et_pb_column et_pb_column_4_4 et-last-child et_block_column et_pb_css_mix_blend_mode_passthrough\"><div class=\"et_pb_image_47 et_pb_image et_pb_has_overlay et_pb_module et_block_module\"><a href=\"https:\/\/msphotographics.de\/wp-content\/uploads\/2025\/06\/A4A5281-Verbessert-RR.jpg\" class=\"et_pb_lightbox_image\"><span class=\"et_pb_image_wrap\"><img decoding=\"async\" src=\"https:\/\/msphotographics.de\/wp-content\/uploads\/2025\/06\/A4A5281-Verbessert-RR.jpg\" width=\"1920\" height=\"1280\" srcset=\"https:\/\/msphotographics.de\/wp-content\/uploads\/2025\/06\/A4A5281-Verbessert-RR.jpg 1920w, https:\/\/msphotographics.de\/wp-content\/uploads\/2025\/06\/A4A5281-Verbessert-RR-1280x853.jpg 1280w, https:\/\/msphotographics.de\/wp-content\/uploads\/2025\/06\/A4A5281-Verbessert-RR-980x653.jpg 980w, https:\/\/msphotographics.de\/wp-content\/uploads\/2025\/06\/A4A5281-Verbessert-RR-480x320.jpg 480w\" sizes=\"(min-width: 0px) and (max-width: 480px) 480px, (min-width: 481px) and (max-width: 980px) 980px, (min-width: 981px) and (max-width: 1280px) 1280px, (min-width: 1281px) 1920px, 100vw\" class=\"wp-image-9671\" title=\"_A4A5281-Verbessert-RR\" \/><span class=\"et_overlay\"><\/span><\/span><\/a><\/div><\/div><\/div><div class=\"et_pb_row_71 et_pb_row et_block_row\"><div class=\"et_pb_column_90 et_pb_column et_pb_column_4_4 et-last-child et_block_column et_pb_css_mix_blend_mode_passthrough\"><div class=\"et_pb_text_45 et_pb_text et_pb_bg_layout_light et_pb_module et_block_module\"><div class=\"et_pb_text_inner\"><p>Der Arashiyama-Bambuswald ist eine der bekanntesten und beeindruckendsten Sehensw\u00fcrdigkeiten in Kyoto, Japan. Dieses atemberaubende Naturwunder befindet sich im westlichen Teil der Stadt, im Bezirk Arashiyama, und zieht jedes Jahr Tausende von Besuchern an, die die majest\u00e4tische Sch\u00f6nheit und friedliche Atmosph\u00e4re des Waldes erleben m\u00f6chten.<\/p>\n<\/div><\/div><\/div><\/div><div class=\"et_pb_row_72 et_pb_row et_block_row\"><div class=\"et_pb_column_91 et_pb_column et_pb_column_1_2 et_block_column et_pb_css_mix_blend_mode_passthrough\"><div class=\"et_pb_image_48 et_pb_image et_pb_has_overlay et_pb_module et_block_module\"><a href=\"https:\/\/msphotographics.de\/wp-content\/uploads\/2025\/06\/A4A5297.jpg\" class=\"et_pb_lightbox_image\"><span class=\"et_pb_image_wrap\"><img decoding=\"async\" src=\"https:\/\/msphotographics.de\/wp-content\/uploads\/2025\/06\/A4A5297.jpg\" width=\"1280\" height=\"1920\" srcset=\"https:\/\/msphotographics.de\/wp-content\/uploads\/2025\/06\/A4A5297.jpg 1280w, https:\/\/msphotographics.de\/wp-content\/uploads\/2025\/06\/A4A5297-980x1470.jpg 980w, https:\/\/msphotographics.de\/wp-content\/uploads\/2025\/06\/A4A5297-480x720.jpg 480w\" sizes=\"(min-width: 0px) and (max-width: 480px) 480px, (min-width: 481px) and (max-width: 980px) 980px, (min-width: 981px) 1280px, 100vw\" class=\"wp-image-9674\" title=\"_A4A5297\" \/><span class=\"et_overlay\"><\/span><\/span><\/a><\/div><\/div><div class=\"et_pb_column_92 et_pb_column et_pb_column_1_2 et-last-child et_block_column et_pb_css_mix_blend_mode_passthrough\"><div class=\"et_pb_image_49 et_pb_image et_pb_has_overlay et_pb_module et_block_module\"><a href=\"https:\/\/msphotographics.de\/wp-content\/uploads\/2025\/06\/A4A5285.jpg\" class=\"et_pb_lightbox_image\"><span class=\"et_pb_image_wrap\"><img decoding=\"async\" src=\"https:\/\/msphotographics.de\/wp-content\/uploads\/2025\/06\/A4A5285.jpg\" width=\"1920\" height=\"1280\" srcset=\"https:\/\/msphotographics.de\/wp-content\/uploads\/2025\/06\/A4A5285.jpg 1920w, https:\/\/msphotographics.de\/wp-content\/uploads\/2025\/06\/A4A5285-1280x853.jpg 1280w, https:\/\/msphotographics.de\/wp-content\/uploads\/2025\/06\/A4A5285-980x653.jpg 980w, https:\/\/msphotographics.de\/wp-content\/uploads\/2025\/06\/A4A5285-480x320.jpg 480w\" sizes=\"(min-width: 0px) and (max-width: 480px) 480px, (min-width: 481px) and (max-width: 980px) 980px, (min-width: 981px) and (max-width: 1280px) 1280px, (min-width: 1281px) 1920px, 100vw\" class=\"wp-image-9672\" title=\"_A4A5285\" \/><span class=\"et_overlay\"><\/span><\/span><\/a><\/div><div class=\"et_pb_image_50 et_pb_image et_pb_has_overlay et_pb_module et_block_module\"><a href=\"https:\/\/msphotographics.de\/wp-content\/uploads\/2025\/06\/A4A5286.jpg\" class=\"et_pb_lightbox_image\"><span class=\"et_pb_image_wrap\"><img decoding=\"async\" src=\"https:\/\/msphotographics.de\/wp-content\/uploads\/2025\/06\/A4A5286.jpg\" width=\"1920\" height=\"1280\" srcset=\"https:\/\/msphotographics.de\/wp-content\/uploads\/2025\/06\/A4A5286.jpg 1920w, https:\/\/msphotographics.de\/wp-content\/uploads\/2025\/06\/A4A5286-1280x853.jpg 1280w, https:\/\/msphotographics.de\/wp-content\/uploads\/2025\/06\/A4A5286-980x653.jpg 980w, https:\/\/msphotographics.de\/wp-content\/uploads\/2025\/06\/A4A5286-480x320.jpg 480w\" sizes=\"(min-width: 0px) and (max-width: 480px) 480px, (min-width: 481px) and (max-width: 980px) 980px, (min-width: 981px) and (max-width: 1280px) 1280px, (min-width: 1281px) 1920px, 100vw\" class=\"wp-image-9673\" title=\"_A4A5286\" \/><span class=\"et_overlay\"><\/span><\/span><\/a><\/div><\/div><\/div><div class=\"et_pb_row_73 et_pb_row et_block_row\"><div class=\"et_pb_column_93 et_pb_column et_pb_column_4_4 et-last-child et_block_column et_pb_css_mix_blend_mode_passthrough\"><div class=\"et_pb_text_46 et_pb_text et_pb_bg_layout_light et_pb_module et_block_module\"><div class=\"et_pb_text_inner\"><p>Der Bambuswald erstreckt sich \u00fcber mehrere hundert Meter entlang eines malerischen Pfades und bietet eine einzigartige Erfahrung f\u00fcr Natur- und Fotoliebhaber. Die hohen, dichten Bambusst\u00e4be, die den Weg flankieren, schaffen einen fast magischen Raum, der besonders in den fr\u00fchen Morgenstunden oder am sp\u00e4ten Nachmittag, wenn das Licht durch die Bambusrohre filtert, beeindruckend wirkt. Die Ger\u00e4usche des Waldes, die sanfte Bewegung der Bambusrohre im Wind und das Rascheln der Bl\u00e4tter schaffen eine beruhigende und meditative Atmosph\u00e4re.<\/p>\n<p>Der Wald hat eine fast mystische Qualit\u00e4t, die durch den Ger\u00e4uschpegel verst\u00e4rkt wird. Die knisternden Bambusrohre erzeugen ein beruhigendes Rauschen, das den Spaziergang zu einem einzigartigen und friedlichen Erlebnis macht.<\/p>\n<\/div><\/div><\/div><\/div><div class=\"et_pb_row_74 et_pb_row et_block_row\"><div class=\"et_pb_column_94 et_pb_column et_pb_column_4_4 et-last-child et_block_column et_pb_css_mix_blend_mode_passthrough\"><div class=\"et_pb_text_47 et_pb_text et_pb_bg_layout_light et_pb_module et_block_module\"><div class=\"et_pb_text_inner\"><h3>Der Tenryu-ji Tempel:<\/h3>\n<\/div><\/div><\/div><\/div><div class=\"et_pb_row_75 et_pb_row et_block_row\"><div class=\"et_pb_column_95 et_pb_column et_pb_column_4_4 et-last-child et_block_column et_pb_css_mix_blend_mode_passthrough\"><div class=\"et_pb_image_51 et_pb_image et_pb_has_overlay et_pb_module et_block_module\"><a href=\"https:\/\/msphotographics.de\/wp-content\/uploads\/2025\/06\/A4A5362.jpg\" class=\"et_pb_lightbox_image\"><span class=\"et_pb_image_wrap\"><img decoding=\"async\" src=\"https:\/\/msphotographics.de\/wp-content\/uploads\/2025\/06\/A4A5362.jpg\" width=\"1920\" height=\"1280\" srcset=\"https:\/\/msphotographics.de\/wp-content\/uploads\/2025\/06\/A4A5362.jpg 1920w, https:\/\/msphotographics.de\/wp-content\/uploads\/2025\/06\/A4A5362-1280x853.jpg 1280w, https:\/\/msphotographics.de\/wp-content\/uploads\/2025\/06\/A4A5362-980x653.jpg 980w, https:\/\/msphotographics.de\/wp-content\/uploads\/2025\/06\/A4A5362-480x320.jpg 480w\" sizes=\"(min-width: 0px) and (max-width: 480px) 480px, (min-width: 481px) and (max-width: 980px) 980px, (min-width: 981px) and (max-width: 1280px) 1280px, (min-width: 1281px) 1920px, 100vw\" class=\"wp-image-9700\" title=\"_A4A5362\" \/><span class=\"et_overlay\"><\/span><\/span><\/a><\/div><\/div><\/div><div class=\"et_pb_row_76 et_pb_row et_block_row\"><div class=\"et_pb_column_96 et_pb_column et_pb_column_4_4 et-last-child et_block_column et_pb_css_mix_blend_mode_passthrough\"><div class=\"et_pb_text_48 et_pb_text et_pb_bg_layout_light et_pb_module et_block_module\"><div class=\"et_pb_text_inner\"><p>Der Tenryu-ji Tempel im westlichen Kyoto ist ein herausragendes Beispiel f\u00fcr die japanische Zen-Tempelarchitektur und ein UNESCO-Weltkulturerbe. Als Haupttempel der Tenryu-Zweigschule des Rinzai-Zen-Buddhismus spielt er eine zentrale Rolle in der religi\u00f6sen und kulturellen Landschaft Japans.<\/p>\n<\/div><\/div><\/div><\/div><div class=\"et_pb_row_77 et_pb_row et_block_row\"><div class=\"et_pb_column_97 et_pb_column et_pb_column_1_2 et_block_column et_pb_css_mix_blend_mode_passthrough\"><div class=\"et_pb_image_52 et_pb_image et_pb_has_overlay et_pb_module et_block_module\"><a href=\"https:\/\/msphotographics.de\/wp-content\/uploads\/2025\/06\/A4A5323.jpg\" class=\"et_pb_lightbox_image\"><span class=\"et_pb_image_wrap\"><img decoding=\"async\" src=\"https:\/\/msphotographics.de\/wp-content\/uploads\/2025\/06\/A4A5323.jpg\" width=\"1920\" height=\"1280\" srcset=\"https:\/\/msphotographics.de\/wp-content\/uploads\/2025\/06\/A4A5323.jpg 1920w, https:\/\/msphotographics.de\/wp-content\/uploads\/2025\/06\/A4A5323-1280x853.jpg 1280w, https:\/\/msphotographics.de\/wp-content\/uploads\/2025\/06\/A4A5323-980x653.jpg 980w, https:\/\/msphotographics.de\/wp-content\/uploads\/2025\/06\/A4A5323-480x320.jpg 480w\" sizes=\"(min-width: 0px) and (max-width: 480px) 480px, (min-width: 481px) and (max-width: 980px) 980px, (min-width: 981px) and (max-width: 1280px) 1280px, (min-width: 1281px) 1920px, 100vw\" class=\"wp-image-9697\" title=\"_A4A5323\" \/><span class=\"et_overlay\"><\/span><\/span><\/a><\/div><\/div><div class=\"et_pb_column_98 et_pb_column et_pb_column_1_2 et-last-child et_block_column et_pb_css_mix_blend_mode_passthrough\"><div class=\"et_pb_image_53 et_pb_image et_pb_has_overlay et_pb_module et_block_module\"><a href=\"https:\/\/msphotographics.de\/wp-content\/uploads\/2025\/06\/A4A5318.jpg\" class=\"et_pb_lightbox_image\"><span class=\"et_pb_image_wrap\"><img decoding=\"async\" src=\"https:\/\/msphotographics.de\/wp-content\/uploads\/2025\/06\/A4A5318.jpg\" width=\"1920\" height=\"1280\" srcset=\"https:\/\/msphotographics.de\/wp-content\/uploads\/2025\/06\/A4A5318.jpg 1920w, https:\/\/msphotographics.de\/wp-content\/uploads\/2025\/06\/A4A5318-1280x853.jpg 1280w, https:\/\/msphotographics.de\/wp-content\/uploads\/2025\/06\/A4A5318-980x653.jpg 980w, https:\/\/msphotographics.de\/wp-content\/uploads\/2025\/06\/A4A5318-480x320.jpg 480w\" sizes=\"(min-width: 0px) and (max-width: 480px) 480px, (min-width: 481px) and (max-width: 980px) 980px, (min-width: 981px) and (max-width: 1280px) 1280px, (min-width: 1281px) 1920px, 100vw\" class=\"wp-image-9696\" title=\"_A4A5318\" \/><span class=\"et_overlay\"><\/span><\/span><\/a><\/div><\/div><\/div><div class=\"et_pb_row_78 et_pb_row et_block_row\"><div class=\"et_pb_column_99 et_pb_column et_pb_column_4_4 et-last-child et_block_column et_pb_css_mix_blend_mode_passthrough\"><div class=\"et_pb_text_49 et_pb_text et_pb_bg_layout_light et_pb_module et_block_module\"><div class=\"et_pb_text_inner\"><p>Der Tempel wurde 1339 von Ashikaga Takauji, dem ersten Shogun der Muromachi-Zeit, gegr\u00fcndet, um dem verstorbenen Kaiser Go-Daigo zu gedenken. Der Name \u201eTenryu-ji\u201c (Himmel-Drache-Tempel) leitet sich von einem Traum von Takaujis Bruder ab, in dem ein goldener Drache aus dem Fluss aufstieg. Der Zen-M\u00f6nch Muso Soseki wurde mit dem Bau des Tempels beauftragt, und die Fertigstellung erfolgte 1345.<\/p>\n<p>W\u00e4hrend der Muromachi-Zeit war Tenryu-ji der f\u00fchrende Tempel unter Kyotos \u201eF\u00fcnf Gro\u00dfen Zen-Tempeln\u201c und hatte einst \u00fcber 150 Nebentempel. Trotz mehrfacher Zerst\u00f6rungen durch Br\u00e4nde \u2013 darunter 1358, 1367, 1373, 1380, 1447, 1468, 1815 und 1864 \u2013 wurde der Tempel stets wieder aufgebaut.<\/p>\n<\/div><\/div><\/div><\/div><div class=\"et_pb_row_79 et_pb_row et_block_row\"><div class=\"et_pb_column_100 et_pb_column et_pb_column_1_2 et_block_column et_pb_css_mix_blend_mode_passthrough\"><div class=\"et_pb_image_54 et_pb_image et_pb_has_overlay et_pb_module et_block_module\"><a href=\"https:\/\/msphotographics.de\/wp-content\/uploads\/2025\/06\/A4A5341.jpg\" class=\"et_pb_lightbox_image\"><span class=\"et_pb_image_wrap\"><img decoding=\"async\" src=\"https:\/\/msphotographics.de\/wp-content\/uploads\/2025\/06\/A4A5341.jpg\" width=\"1920\" height=\"1280\" srcset=\"https:\/\/msphotographics.de\/wp-content\/uploads\/2025\/06\/A4A5341.jpg 1920w, https:\/\/msphotographics.de\/wp-content\/uploads\/2025\/06\/A4A5341-1280x853.jpg 1280w, https:\/\/msphotographics.de\/wp-content\/uploads\/2025\/06\/A4A5341-980x653.jpg 980w, https:\/\/msphotographics.de\/wp-content\/uploads\/2025\/06\/A4A5341-480x320.jpg 480w\" sizes=\"(min-width: 0px) and (max-width: 480px) 480px, (min-width: 481px) and (max-width: 980px) 980px, (min-width: 981px) and (max-width: 1280px) 1280px, (min-width: 1281px) 1920px, 100vw\" class=\"wp-image-9699\" title=\"_A4A5341\" \/><span class=\"et_overlay\"><\/span><\/span><\/a><\/div><\/div><div class=\"et_pb_column_101 et_pb_column et_pb_column_1_2 et-last-child et_block_column et_pb_css_mix_blend_mode_passthrough\"><div class=\"et_pb_image_55 et_pb_image et_pb_has_overlay et_pb_module et_block_module\"><a href=\"https:\/\/msphotographics.de\/wp-content\/uploads\/2025\/06\/A4A5326.jpg\" class=\"et_pb_lightbox_image\"><span class=\"et_pb_image_wrap\"><img decoding=\"async\" src=\"https:\/\/msphotographics.de\/wp-content\/uploads\/2025\/06\/A4A5326.jpg\" width=\"1920\" height=\"1280\" srcset=\"https:\/\/msphotographics.de\/wp-content\/uploads\/2025\/06\/A4A5326.jpg 1920w, https:\/\/msphotographics.de\/wp-content\/uploads\/2025\/06\/A4A5326-1280x853.jpg 1280w, https:\/\/msphotographics.de\/wp-content\/uploads\/2025\/06\/A4A5326-980x653.jpg 980w, https:\/\/msphotographics.de\/wp-content\/uploads\/2025\/06\/A4A5326-480x320.jpg 480w\" sizes=\"(min-width: 0px) and (max-width: 480px) 480px, (min-width: 481px) and (max-width: 980px) 980px, (min-width: 981px) and (max-width: 1280px) 1280px, (min-width: 1281px) 1920px, 100vw\" class=\"wp-image-9698\" title=\"_A4A5326\" \/><span class=\"et_overlay\"><\/span><\/span><\/a><\/div><\/div><\/div><div class=\"et_pb_row_80 et_pb_row et_block_row\"><div class=\"et_pb_column_102 et_pb_column et_pb_column_4_4 et-last-child et_block_column et_pb_css_mix_blend_mode_passthrough\"><div class=\"et_pb_text_50 et_pb_text et_pb_bg_layout_light et_pb_module et_block_module\"><div class=\"et_pb_text_inner\"><p>Der Sogenchi Teien ist ein herausragendes Beispiel f\u00fcr einen japanischen Zen-Garten und wurde von Muso Soseki entworfen. Der Garten wurde 1994 als erster in Japan sowohl als \u201eBesonders Historischer Ort\u201c als auch als \u201eBesonders Sch\u00f6nes Landschaftsgebiet\u201c anerkannt.<\/p>\n<\/div><\/div><\/div><\/div><div class=\"et_pb_row_81 et_pb_row et_block_row\"><div class=\"et_pb_column_103 et_pb_column et_pb_column_1_2 et_block_column et_pb_css_mix_blend_mode_passthrough\"><div class=\"et_pb_image_56 et_pb_image et_pb_has_overlay et_pb_module et_block_module\"><a href=\"https:\/\/msphotographics.de\/wp-content\/uploads\/2025\/06\/A4A5366.jpg\" class=\"et_pb_lightbox_image\"><span class=\"et_pb_image_wrap\"><img decoding=\"async\" src=\"https:\/\/msphotographics.de\/wp-content\/uploads\/2025\/06\/A4A5366.jpg\" width=\"1920\" height=\"1280\" srcset=\"https:\/\/msphotographics.de\/wp-content\/uploads\/2025\/06\/A4A5366.jpg 1920w, https:\/\/msphotographics.de\/wp-content\/uploads\/2025\/06\/A4A5366-1280x853.jpg 1280w, https:\/\/msphotographics.de\/wp-content\/uploads\/2025\/06\/A4A5366-980x653.jpg 980w, https:\/\/msphotographics.de\/wp-content\/uploads\/2025\/06\/A4A5366-480x320.jpg 480w\" sizes=\"(min-width: 0px) and (max-width: 480px) 480px, (min-width: 481px) and (max-width: 980px) 980px, (min-width: 981px) and (max-width: 1280px) 1280px, (min-width: 1281px) 1920px, 100vw\" class=\"wp-image-9701\" title=\"_A4A5366\" \/><span class=\"et_overlay\"><\/span><\/span><\/a><\/div><\/div><div class=\"et_pb_column_104 et_pb_column et_pb_column_1_2 et-last-child et_block_column et_pb_css_mix_blend_mode_passthrough\"><div class=\"et_pb_image_57 et_pb_image et_pb_has_overlay et_pb_module et_block_module\"><a href=\"https:\/\/msphotographics.de\/wp-content\/uploads\/2025\/06\/A4A5379.jpg\" class=\"et_pb_lightbox_image\"><span class=\"et_pb_image_wrap\"><img decoding=\"async\" src=\"https:\/\/msphotographics.de\/wp-content\/uploads\/2025\/06\/A4A5379.jpg\" width=\"1920\" height=\"1280\" srcset=\"https:\/\/msphotographics.de\/wp-content\/uploads\/2025\/06\/A4A5379.jpg 1920w, https:\/\/msphotographics.de\/wp-content\/uploads\/2025\/06\/A4A5379-1280x853.jpg 1280w, https:\/\/msphotographics.de\/wp-content\/uploads\/2025\/06\/A4A5379-980x653.jpg 980w, https:\/\/msphotographics.de\/wp-content\/uploads\/2025\/06\/A4A5379-480x320.jpg 480w\" sizes=\"(min-width: 0px) and (max-width: 480px) 480px, (min-width: 481px) and (max-width: 980px) 980px, (min-width: 981px) and (max-width: 1280px) 1280px, (min-width: 1281px) 1920px, 100vw\" class=\"wp-image-9702\" title=\"_A4A5379\" \/><span class=\"et_overlay\"><\/span><\/span><\/a><\/div><\/div><\/div><div class=\"et_pb_row_82 et_pb_row et_block_row\"><div class=\"et_pb_column_105 et_pb_column et_pb_column_4_4 et-last-child et_block_column et_pb_css_mix_blend_mode_passthrough\"><div class=\"et_pb_text_51 et_pb_text et_pb_bg_layout_light et_pb_module et_block_module\"><div class=\"et_pb_text_inner\"><p>Der Tenryu-ji Tempel ist zu jeder Jahreszeit sehenswert. Besonders beeindruckend sind jedoch die Jahreszeiten:<\/p>\n<p>Fr\u00fchling: Die Kirschbl\u00fcten im Garten bieten ein malerisches Bild.<\/p>\n<p>Herbst: Die Farbenpracht der Ahornbl\u00e4tter spiegelt sich im Teich wider.<\/p>\n<p>Der Tenryu-ji Tempel ist nicht nur ein bedeutendes religi\u00f6ses Zentrum, sondern auch ein Ort von historischer und kultureller Bedeutung. Mit seiner beeindruckenden Architektur, dem historischen Garten und der M\u00f6glichkeit zur spirituellen Einkehr bietet er Besuchern ein einzigartiges Erlebnis in Kyoto.<\/p>\n<\/div><\/div><\/div><\/div><div class=\"et_pb_row_83 et_pb_row et_block_row\"><div class=\"et_pb_column_106 et_pb_column et_pb_column_4_4 et-last-child et_block_column et_pb_css_mix_blend_mode_passthrough\"><div class=\"et_pb_text_52 et_pb_text et_pb_bg_layout_light et_pb_module et_block_module\"><div class=\"et_pb_text_inner\"><h3>Spaziergag durch das Arashiyama Viertel:<\/h3>\n<\/div><\/div><\/div><\/div><div class=\"et_pb_row_84 et_pb_row et_block_row\"><div class=\"et_pb_column_107 et_pb_column et_pb_column_1_2 et_block_column et_pb_css_mix_blend_mode_passthrough\"><div class=\"et_pb_image_58 et_pb_image et_pb_has_overlay et_pb_module et_block_module\"><a href=\"https:\/\/msphotographics.de\/wp-content\/uploads\/2025\/06\/A4A5383.jpg\" class=\"et_pb_lightbox_image\"><span class=\"et_pb_image_wrap\"><img decoding=\"async\" src=\"https:\/\/msphotographics.de\/wp-content\/uploads\/2025\/06\/A4A5383.jpg\" width=\"1920\" height=\"1280\" srcset=\"https:\/\/msphotographics.de\/wp-content\/uploads\/2025\/06\/A4A5383.jpg 1920w, https:\/\/msphotographics.de\/wp-content\/uploads\/2025\/06\/A4A5383-1280x853.jpg 1280w, https:\/\/msphotographics.de\/wp-content\/uploads\/2025\/06\/A4A5383-980x653.jpg 980w, https:\/\/msphotographics.de\/wp-content\/uploads\/2025\/06\/A4A5383-480x320.jpg 480w\" sizes=\"(min-width: 0px) and (max-width: 480px) 480px, (min-width: 481px) and (max-width: 980px) 980px, (min-width: 981px) and (max-width: 1280px) 1280px, (min-width: 1281px) 1920px, 100vw\" class=\"wp-image-9703\" title=\"_A4A5383\" \/><span class=\"et_overlay\"><\/span><\/span><\/a><\/div><\/div><div class=\"et_pb_column_108 et_pb_column et_pb_column_1_2 et-last-child et_block_column et_pb_css_mix_blend_mode_passthrough\"><div class=\"et_pb_image_59 et_pb_image et_pb_has_overlay et_pb_module et_block_module\"><a href=\"https:\/\/msphotographics.de\/wp-content\/uploads\/2025\/06\/A4A5388.jpg\" class=\"et_pb_lightbox_image\"><span class=\"et_pb_image_wrap\"><img decoding=\"async\" src=\"https:\/\/msphotographics.de\/wp-content\/uploads\/2025\/06\/A4A5388.jpg\" width=\"1920\" height=\"1280\" srcset=\"https:\/\/msphotographics.de\/wp-content\/uploads\/2025\/06\/A4A5388.jpg 1920w, https:\/\/msphotographics.de\/wp-content\/uploads\/2025\/06\/A4A5388-1280x853.jpg 1280w, https:\/\/msphotographics.de\/wp-content\/uploads\/2025\/06\/A4A5388-980x653.jpg 980w, https:\/\/msphotographics.de\/wp-content\/uploads\/2025\/06\/A4A5388-480x320.jpg 480w\" sizes=\"(min-width: 0px) and (max-width: 480px) 480px, (min-width: 481px) and (max-width: 980px) 980px, (min-width: 981px) and (max-width: 1280px) 1280px, (min-width: 1281px) 1920px, 100vw\" class=\"wp-image-9704\" title=\"_A4A5388\" \/><span class=\"et_overlay\"><\/span><\/span><\/a><\/div><\/div><\/div><div class=\"et_pb_row_85 et_pb_row et_block_row\"><div class=\"et_pb_column_109 et_pb_column et_pb_column_4_4 et-last-child et_block_column et_pb_css_mix_blend_mode_passthrough\"><div class=\"et_pb_text_53 et_pb_text et_pb_bg_layout_light et_pb_module et_block_module\"><div class=\"et_pb_text_inner\"><p>Das Arashiyama-Viertel im Westen von Kyoto ist eines der beliebtesten und malerischsten Reiseziele der Stadt. Bekannt f\u00fcr seine atemberaubende Natur, historischen Tempel und einzigartigen Sehensw\u00fcrdigkeiten, ist Arashiyama ein wahres Juwel, das sowohl kulturell als auch landschaftlich vieles zu bieten hat.<\/p>\n<\/div><\/div><\/div><\/div><div class=\"et_pb_row_86 et_pb_row et_block_row\"><div class=\"et_pb_column_110 et_pb_column et_pb_column_1_2 et_block_column et_pb_css_mix_blend_mode_passthrough\"><div class=\"et_pb_image_60 et_pb_image et_pb_has_overlay et_pb_module et_block_module\"><a href=\"https:\/\/msphotographics.de\/wp-content\/uploads\/2025\/06\/A4A5430.jpg\" class=\"et_pb_lightbox_image\"><span class=\"et_pb_image_wrap\"><img decoding=\"async\" src=\"https:\/\/msphotographics.de\/wp-content\/uploads\/2025\/06\/A4A5430.jpg\" width=\"1920\" height=\"1280\" srcset=\"https:\/\/msphotographics.de\/wp-content\/uploads\/2025\/06\/A4A5430.jpg 1920w, https:\/\/msphotographics.de\/wp-content\/uploads\/2025\/06\/A4A5430-1280x853.jpg 1280w, https:\/\/msphotographics.de\/wp-content\/uploads\/2025\/06\/A4A5430-980x653.jpg 980w, https:\/\/msphotographics.de\/wp-content\/uploads\/2025\/06\/A4A5430-480x320.jpg 480w\" sizes=\"(min-width: 0px) and (max-width: 480px) 480px, (min-width: 481px) and (max-width: 980px) 980px, (min-width: 981px) and (max-width: 1280px) 1280px, (min-width: 1281px) 1920px, 100vw\" class=\"wp-image-9705\" title=\"_A4A5430\" \/><span class=\"et_overlay\"><\/span><\/span><\/a><\/div><\/div><div class=\"et_pb_column_111 et_pb_column et_pb_column_1_2 et-last-child et_block_column et_pb_css_mix_blend_mode_passthrough\"><div class=\"et_pb_image_61 et_pb_image et_pb_has_overlay et_pb_module et_block_module\"><a href=\"https:\/\/msphotographics.de\/wp-content\/uploads\/2025\/06\/A4A5431.jpg\" class=\"et_pb_lightbox_image\"><span class=\"et_pb_image_wrap\"><img decoding=\"async\" src=\"https:\/\/msphotographics.de\/wp-content\/uploads\/2025\/06\/A4A5431.jpg\" width=\"1920\" height=\"1280\" srcset=\"https:\/\/msphotographics.de\/wp-content\/uploads\/2025\/06\/A4A5431.jpg 1920w, https:\/\/msphotographics.de\/wp-content\/uploads\/2025\/06\/A4A5431-1280x853.jpg 1280w, https:\/\/msphotographics.de\/wp-content\/uploads\/2025\/06\/A4A5431-980x653.jpg 980w, https:\/\/msphotographics.de\/wp-content\/uploads\/2025\/06\/A4A5431-480x320.jpg 480w\" sizes=\"(min-width: 0px) and (max-width: 480px) 480px, (min-width: 481px) and (max-width: 980px) 980px, (min-width: 981px) and (max-width: 1280px) 1280px, (min-width: 1281px) 1920px, 100vw\" class=\"wp-image-9706\" title=\"_A4A5431\" \/><span class=\"et_overlay\"><\/span><\/span><\/a><\/div><\/div><\/div><div class=\"et_pb_row_87 et_pb_row et_block_row\"><div class=\"et_pb_column_112 et_pb_column et_pb_column_4_4 et-last-child et_block_column et_pb_css_mix_blend_mode_passthrough\"><div class=\"et_pb_text_54 et_pb_text et_pb_bg_layout_light et_pb_module et_block_module\"><div class=\"et_pb_text_inner\"><p>Es ist der perfekte Ort, um die Sch\u00f6nheit der japanischen Landschaft zu genie\u00dfen und gleichzeitig in die Geschichte und Tradition Kyotos einzutauchen.<\/p>\n<\/div><\/div><\/div><\/div><div class=\"et_pb_row_88 et_pb_row et_block_row\"><div class=\"et_pb_column_113 et_pb_column et_pb_column_1_2 et_block_column et_pb_css_mix_blend_mode_passthrough\"><div class=\"et_pb_image_62 et_pb_image et_pb_has_overlay et_pb_module et_block_module\"><a href=\"https:\/\/msphotographics.de\/wp-content\/uploads\/2025\/06\/IMG_0990.jpg\" class=\"et_pb_lightbox_image\"><span class=\"et_pb_image_wrap\"><img decoding=\"async\" src=\"https:\/\/msphotographics.de\/wp-content\/uploads\/2025\/06\/IMG_0990.jpg\" width=\"1440\" height=\"1920\" srcset=\"https:\/\/msphotographics.de\/wp-content\/uploads\/2025\/06\/IMG_0990.jpg 1440w, https:\/\/msphotographics.de\/wp-content\/uploads\/2025\/06\/IMG_0990-1280x1707.jpg 1280w, https:\/\/msphotographics.de\/wp-content\/uploads\/2025\/06\/IMG_0990-980x1307.jpg 980w, https:\/\/msphotographics.de\/wp-content\/uploads\/2025\/06\/IMG_0990-480x640.jpg 480w\" sizes=\"(min-width: 0px) and (max-width: 480px) 480px, (min-width: 481px) and (max-width: 980px) 980px, (min-width: 981px) and (max-width: 1280px) 1280px, (min-width: 1281px) 1440px, 100vw\" class=\"wp-image-9749\" title=\"IMG_0990\" \/><span class=\"et_overlay\"><\/span><\/span><\/a><\/div><\/div><div class=\"et_pb_column_114 et_pb_column et_pb_column_1_2 et-last-child et_block_column et_pb_css_mix_blend_mode_passthrough\"><div class=\"et_pb_image_63 et_pb_image et_pb_has_overlay et_pb_module et_block_module\"><a href=\"https:\/\/msphotographics.de\/wp-content\/uploads\/2025\/06\/A4A5433.jpg\" class=\"et_pb_lightbox_image\"><span class=\"et_pb_image_wrap\"><img decoding=\"async\" src=\"https:\/\/msphotographics.de\/wp-content\/uploads\/2025\/06\/A4A5433.jpg\" width=\"1920\" height=\"1280\" srcset=\"https:\/\/msphotographics.de\/wp-content\/uploads\/2025\/06\/A4A5433.jpg 1920w, https:\/\/msphotographics.de\/wp-content\/uploads\/2025\/06\/A4A5433-1280x853.jpg 1280w, https:\/\/msphotographics.de\/wp-content\/uploads\/2025\/06\/A4A5433-980x653.jpg 980w, https:\/\/msphotographics.de\/wp-content\/uploads\/2025\/06\/A4A5433-480x320.jpg 480w\" sizes=\"(min-width: 0px) and (max-width: 480px) 480px, (min-width: 481px) and (max-width: 980px) 980px, (min-width: 981px) and (max-width: 1280px) 1280px, (min-width: 1281px) 1920px, 100vw\" class=\"wp-image-9707\" title=\"_A4A5433\" \/><span class=\"et_overlay\"><\/span><\/span><\/a><\/div><div class=\"et_pb_text_55 et_pb_text et_pb_bg_layout_light et_pb_module et_block_module\"><div class=\"et_pb_text_inner\"><p>Arashiyama bietet zahlreiche Souvenirl\u00e4den und Restaurants, die lokale Spezialit\u00e4ten servieren. Besonders bekannt sind Yudofu (Tofu-Eintopf), Kaiseki (traditionelles japanisches Mehrgangmen\u00fc) und Matcha-basierte Desserts.<\/p>\n<p>In einem der zahlreichen Souvenirl\u00e4den erkl\u00e4rte uns eine freundliche \u00e4ltere Dame, wie fr\u00fcher in Japan Papier hergestellt wurde und schenkte uns als Andenken ein St\u00fcck des alten Pergaments.<\/p>\n<\/div><\/div><\/div><\/div><div class=\"et_pb_row_89 et_pb_row et_block_row\"><div class=\"et_pb_column_115 et_pb_column et_pb_column_4_4 et-last-child et_block_column et_pb_css_mix_blend_mode_passthrough\"><div class=\"et_pb_text_56 et_pb_text et_pb_bg_layout_light et_pb_module et_block_module\"><div class=\"et_pb_text_inner\"><h3>Der Otagi Nenbutsu-ji Tempel:<\/h3>\n<\/div><\/div><\/div><\/div><div class=\"et_pb_row_90 et_pb_row et_block_row\"><div class=\"et_pb_column_116 et_pb_column et_pb_column_1_2 et_block_column et_pb_css_mix_blend_mode_passthrough\"><div class=\"et_pb_image_64 et_pb_image et_pb_has_overlay et_pb_module et_block_module\"><a href=\"https:\/\/msphotographics.de\/wp-content\/uploads\/2025\/06\/A4A5447.jpg\" class=\"et_pb_lightbox_image\"><span class=\"et_pb_image_wrap\"><img decoding=\"async\" src=\"https:\/\/msphotographics.de\/wp-content\/uploads\/2025\/06\/A4A5447.jpg\" width=\"1920\" height=\"1280\" srcset=\"https:\/\/msphotographics.de\/wp-content\/uploads\/2025\/06\/A4A5447.jpg 1920w, https:\/\/msphotographics.de\/wp-content\/uploads\/2025\/06\/A4A5447-1280x853.jpg 1280w, https:\/\/msphotographics.de\/wp-content\/uploads\/2025\/06\/A4A5447-980x653.jpg 980w, https:\/\/msphotographics.de\/wp-content\/uploads\/2025\/06\/A4A5447-480x320.jpg 480w\" sizes=\"(min-width: 0px) and (max-width: 480px) 480px, (min-width: 481px) and (max-width: 980px) 980px, (min-width: 981px) and (max-width: 1280px) 1280px, (min-width: 1281px) 1920px, 100vw\" class=\"wp-image-9708\" title=\"_A4A5447\" \/><span class=\"et_overlay\"><\/span><\/span><\/a><\/div><\/div><div class=\"et_pb_column_117 et_pb_column et_pb_column_1_2 et-last-child et_block_column et_pb_css_mix_blend_mode_passthrough\"><div class=\"et_pb_image_65 et_pb_image et_pb_has_overlay et_pb_module et_block_module\"><a href=\"https:\/\/msphotographics.de\/wp-content\/uploads\/2025\/06\/A4A5451.jpg\" class=\"et_pb_lightbox_image\"><span class=\"et_pb_image_wrap\"><img decoding=\"async\" src=\"https:\/\/msphotographics.de\/wp-content\/uploads\/2025\/06\/A4A5451.jpg\" width=\"1920\" height=\"1280\" srcset=\"https:\/\/msphotographics.de\/wp-content\/uploads\/2025\/06\/A4A5451.jpg 1920w, https:\/\/msphotographics.de\/wp-content\/uploads\/2025\/06\/A4A5451-1280x853.jpg 1280w, https:\/\/msphotographics.de\/wp-content\/uploads\/2025\/06\/A4A5451-980x653.jpg 980w, https:\/\/msphotographics.de\/wp-content\/uploads\/2025\/06\/A4A5451-480x320.jpg 480w\" sizes=\"(min-width: 0px) and (max-width: 480px) 480px, (min-width: 481px) and (max-width: 980px) 980px, (min-width: 981px) and (max-width: 1280px) 1280px, (min-width: 1281px) 1920px, 100vw\" class=\"wp-image-9710\" title=\"_A4A5451\" \/><span class=\"et_overlay\"><\/span><\/span><\/a><\/div><\/div><\/div><div class=\"et_pb_row_91 et_pb_row et_block_row\"><div class=\"et_pb_column_118 et_pb_column et_pb_column_4_4 et-last-child et_block_column et_pb_css_mix_blend_mode_passthrough\"><div class=\"et_pb_text_57 et_pb_text et_pb_bg_layout_light et_pb_module et_block_module\"><div class=\"et_pb_text_inner\"><p>Der Otagi Nenbutsu-ji Tempel ist ein einzigartiger buddhistischer Tempel im westlichen Kyoto, in der N\u00e4he des Arashiyama-Gebiets. Er ist besonders bekannt f\u00fcr seine Sammlung von \u00fcber 1.200 Rakan-Statuen \u2013 Darstellungen der ersten Anh\u00e4nger Buddhas \u2013 die den Tempel zu einem der originellsten spirituellen Orte in Japan machen.<\/p>\n<p>Der Tempel wurde urspr\u00fcnglich im Jahr 766 von Kaiser Shotoku im \u00f6stlichen Kyoto nahe Gion gegr\u00fcndet. Nach wiederholten Zerst\u00f6rungen durch Naturkatastrophen und Kriege wurde er 1922 an seinen heutigen Standort in Arashiyama verlegt, um die verbliebenen Strukturen zu bewahren. Trotz dieser Bem\u00fchungen wurde der Tempel 1950 erneut durch einen Taifun schwer besch\u00e4digt. 1955 \u00fcbernahm der buddhistische Bildhauer und M\u00f6nch Kocho Nishimura die Leitung des Tempels und leitete eine umfassende Restaurierung ein. Zwischen 1981 und 1991 wurden unter seiner Anleitung 1.200 Rakan-Statuen geschaffen, die heute das Wahrzeichen des Tempels darstellen.<\/p>\n<\/div><\/div><\/div><\/div><div class=\"et_pb_row_92 et_pb_row et_block_row\"><div class=\"et_pb_column_119 et_pb_column et_pb_column_4_4 et-last-child et_block_column et_pb_css_mix_blend_mode_passthrough\"><div class=\"et_pb_image_66 et_pb_image et_pb_has_overlay et_pb_module et_block_module\"><a href=\"https:\/\/msphotographics.de\/wp-content\/uploads\/2025\/06\/A4A5457.jpg\" class=\"et_pb_lightbox_image\"><span class=\"et_pb_image_wrap\"><img decoding=\"async\" src=\"https:\/\/msphotographics.de\/wp-content\/uploads\/2025\/06\/A4A5457.jpg\" width=\"1920\" height=\"1280\" srcset=\"https:\/\/msphotographics.de\/wp-content\/uploads\/2025\/06\/A4A5457.jpg 1920w, https:\/\/msphotographics.de\/wp-content\/uploads\/2025\/06\/A4A5457-1280x853.jpg 1280w, https:\/\/msphotographics.de\/wp-content\/uploads\/2025\/06\/A4A5457-980x653.jpg 980w, https:\/\/msphotographics.de\/wp-content\/uploads\/2025\/06\/A4A5457-480x320.jpg 480w\" sizes=\"(min-width: 0px) and (max-width: 480px) 480px, (min-width: 481px) and (max-width: 980px) 980px, (min-width: 981px) and (max-width: 1280px) 1280px, (min-width: 1281px) 1920px, 100vw\" class=\"wp-image-9713\" title=\"_A4A5457\" \/><span class=\"et_overlay\"><\/span><\/span><\/a><\/div><\/div><\/div><div class=\"et_pb_row_93 et_pb_row et_block_row\"><div class=\"et_pb_column_120 et_pb_column et_pb_column_4_4 et-last-child et_block_column et_pb_css_mix_blend_mode_passthrough\"><div class=\"et_pb_text_58 et_pb_text et_pb_bg_layout_light et_pb_module et_block_module\"><div class=\"et_pb_text_inner\"><p>Die Rakan-Statuen sind das Herzst\u00fcck des Tempels. Jede Statue wurde von einem Laien unter Anleitung von Nishimura geschnitzt und zeigt einen einzigartigen Ausdruck oder eine Pose \u2013 von ernsthafter Meditation bis hin zu humorvollen Gesten. Einige halten moderne Gegenst\u00e4nde wie Walkmans oder Baseballschl\u00e4ger, was den Statuen eine zeitgen\u00f6ssische Note verleiht . Viele der Statuen sind von Moos bedeckt, was ihnen ein antikes Aussehen verleiht und eine mystische Atmosph\u00e4re schafft.<\/p>\n<p>Angeblich befinden sich etwa 1200 dieser Statuen auf dem Tempelgel\u00e4nde.<\/p>\n<\/div><\/div><\/div><\/div><div class=\"et_pb_row_94 et_pb_row et_block_row\"><div class=\"et_pb_column_121 et_pb_column et_pb_column_1_3 et_block_column et_pb_css_mix_blend_mode_passthrough\"><div class=\"et_pb_image_67 et_pb_image et_pb_has_overlay et_pb_module et_block_module\"><a href=\"https:\/\/msphotographics.de\/wp-content\/uploads\/2025\/06\/A4A5451.jpg\" class=\"et_pb_lightbox_image\"><span class=\"et_pb_image_wrap\"><img decoding=\"async\" src=\"https:\/\/msphotographics.de\/wp-content\/uploads\/2025\/06\/A4A5451.jpg\" width=\"1920\" height=\"1280\" srcset=\"https:\/\/msphotographics.de\/wp-content\/uploads\/2025\/06\/A4A5451.jpg 1920w, https:\/\/msphotographics.de\/wp-content\/uploads\/2025\/06\/A4A5451-1280x853.jpg 1280w, https:\/\/msphotographics.de\/wp-content\/uploads\/2025\/06\/A4A5451-980x653.jpg 980w, https:\/\/msphotographics.de\/wp-content\/uploads\/2025\/06\/A4A5451-480x320.jpg 480w\" sizes=\"(min-width: 0px) and (max-width: 480px) 480px, (min-width: 481px) and (max-width: 980px) 980px, (min-width: 981px) and (max-width: 1280px) 1280px, (min-width: 1281px) 1920px, 100vw\" class=\"wp-image-9710\" title=\"_A4A5451\" \/><span class=\"et_overlay\"><\/span><\/span><\/a><\/div><\/div><div class=\"et_pb_column_122 et_pb_column et_pb_column_1_3 et_block_column et_pb_css_mix_blend_mode_passthrough\"><div class=\"et_pb_image_68 et_pb_image et_pb_has_overlay et_pb_module et_block_module\"><a href=\"https:\/\/msphotographics.de\/wp-content\/uploads\/2025\/06\/A4A5458.jpg\" class=\"et_pb_lightbox_image\"><span class=\"et_pb_image_wrap\"><img decoding=\"async\" src=\"https:\/\/msphotographics.de\/wp-content\/uploads\/2025\/06\/A4A5458.jpg\" width=\"1920\" height=\"1280\" srcset=\"https:\/\/msphotographics.de\/wp-content\/uploads\/2025\/06\/A4A5458.jpg 1920w, https:\/\/msphotographics.de\/wp-content\/uploads\/2025\/06\/A4A5458-1280x853.jpg 1280w, https:\/\/msphotographics.de\/wp-content\/uploads\/2025\/06\/A4A5458-980x653.jpg 980w, https:\/\/msphotographics.de\/wp-content\/uploads\/2025\/06\/A4A5458-480x320.jpg 480w\" sizes=\"(min-width: 0px) and (max-width: 480px) 480px, (min-width: 481px) and (max-width: 980px) 980px, (min-width: 981px) and (max-width: 1280px) 1280px, (min-width: 1281px) 1920px, 100vw\" class=\"wp-image-9714\" title=\"_A4A5458\" \/><span class=\"et_overlay\"><\/span><\/span><\/a><\/div><\/div><div class=\"et_pb_column_123 et_pb_column et_pb_column_1_3 et-last-child et_block_column et_pb_css_mix_blend_mode_passthrough\"><div class=\"et_pb_image_69 et_pb_image et_pb_has_overlay et_pb_module et_block_module\"><a href=\"https:\/\/msphotographics.de\/wp-content\/uploads\/2025\/06\/A4A5461.jpg\" class=\"et_pb_lightbox_image\"><span class=\"et_pb_image_wrap\"><img decoding=\"async\" src=\"https:\/\/msphotographics.de\/wp-content\/uploads\/2025\/06\/A4A5461.jpg\" width=\"1920\" height=\"1280\" srcset=\"https:\/\/msphotographics.de\/wp-content\/uploads\/2025\/06\/A4A5461.jpg 1920w, https:\/\/msphotographics.de\/wp-content\/uploads\/2025\/06\/A4A5461-1280x853.jpg 1280w, https:\/\/msphotographics.de\/wp-content\/uploads\/2025\/06\/A4A5461-980x653.jpg 980w, https:\/\/msphotographics.de\/wp-content\/uploads\/2025\/06\/A4A5461-480x320.jpg 480w\" sizes=\"(min-width: 0px) and (max-width: 480px) 480px, (min-width: 481px) and (max-width: 980px) 980px, (min-width: 981px) and (max-width: 1280px) 1280px, (min-width: 1281px) 1920px, 100vw\" class=\"wp-image-9715\" title=\"_A4A5461\" \/><span class=\"et_overlay\"><\/span><\/span><\/a><\/div><\/div><\/div><div class=\"et_pb_row_95 et_pb_row et_block_row\"><div class=\"et_pb_column_124 et_pb_column et_pb_column_4_4 et-last-child et_block_column et_pb_css_mix_blend_mode_passthrough\"><div class=\"et_pb_text_59 et_pb_text et_pb_bg_layout_light et_pb_module et_block_module\"><div class=\"et_pb_text_inner\"><p>Der Haupttempel beherbergt eine Statue von Shaka Nyorai, dem historischen Buddha.<\/p>\n<p>Das Niomon-Tor ist das Tor des Tempels und wird von zwei furchterregenden Nio-Statuen bewacht, die die Eing\u00e4nge vor b\u00f6sen Geistern sch\u00fctzen.<\/p>\n<p>Die Sambo-no-Kane sind drei Glocken, die die Drei Sch\u00e4tze des Buddhismus repr\u00e4sentieren: Buddha, Dharma und Sangha. Besucher k\u00f6nnen die Glocken l\u00e4uten, um Gl\u00fcck und Segen zu erbitten.<\/p>\n<p>Die Fureai Kannon ist eine Statue der Barmherzigen Kannon, die speziell f\u00fcr sehbehinderte Besucher geschaffen wurde, um sie durch Ber\u00fchrung zu erfahren.<\/p>\n<\/div><\/div><\/div><\/div><div class=\"et_pb_row_96 et_pb_row et_block_row\"><div class=\"et_pb_column_125 et_pb_column et_pb_column_1_2 et_block_column et_pb_css_mix_blend_mode_passthrough\"><div class=\"et_pb_image_70 et_pb_image et_pb_has_overlay et_pb_module et_block_module\"><a href=\"https:\/\/msphotographics.de\/wp-content\/uploads\/2025\/06\/A4A5454.jpg\" class=\"et_pb_lightbox_image\"><span class=\"et_pb_image_wrap\"><img decoding=\"async\" src=\"https:\/\/msphotographics.de\/wp-content\/uploads\/2025\/06\/A4A5454.jpg\" width=\"1920\" height=\"1280\" srcset=\"https:\/\/msphotographics.de\/wp-content\/uploads\/2025\/06\/A4A5454.jpg 1920w, https:\/\/msphotographics.de\/wp-content\/uploads\/2025\/06\/A4A5454-1280x853.jpg 1280w, https:\/\/msphotographics.de\/wp-content\/uploads\/2025\/06\/A4A5454-980x653.jpg 980w, https:\/\/msphotographics.de\/wp-content\/uploads\/2025\/06\/A4A5454-480x320.jpg 480w\" sizes=\"(min-width: 0px) and (max-width: 480px) 480px, (min-width: 481px) and (max-width: 980px) 980px, (min-width: 981px) and (max-width: 1280px) 1280px, (min-width: 1281px) 1920px, 100vw\" class=\"wp-image-9712\" title=\"_A4A5454\" \/><span class=\"et_overlay\"><\/span><\/span><\/a><\/div><\/div><div class=\"et_pb_column_126 et_pb_column et_pb_column_1_2 et-last-child et_block_column et_pb_css_mix_blend_mode_passthrough\"><div class=\"et_pb_image_71 et_pb_image et_pb_has_overlay et_pb_module et_block_module\"><a href=\"https:\/\/msphotographics.de\/wp-content\/uploads\/2025\/06\/A4A5467.jpg\" class=\"et_pb_lightbox_image\"><span class=\"et_pb_image_wrap\"><img decoding=\"async\" src=\"https:\/\/msphotographics.de\/wp-content\/uploads\/2025\/06\/A4A5467.jpg\" width=\"1920\" height=\"1280\" srcset=\"https:\/\/msphotographics.de\/wp-content\/uploads\/2025\/06\/A4A5467.jpg 1920w, https:\/\/msphotographics.de\/wp-content\/uploads\/2025\/06\/A4A5467-1280x853.jpg 1280w, https:\/\/msphotographics.de\/wp-content\/uploads\/2025\/06\/A4A5467-980x653.jpg 980w, https:\/\/msphotographics.de\/wp-content\/uploads\/2025\/06\/A4A5467-480x320.jpg 480w\" sizes=\"(min-width: 0px) and (max-width: 480px) 480px, (min-width: 481px) and (max-width: 980px) 980px, (min-width: 981px) and (max-width: 1280px) 1280px, (min-width: 1281px) 1920px, 100vw\" class=\"wp-image-9716\" title=\"_A4A5467\" \/><span class=\"et_overlay\"><\/span><\/span><\/a><\/div><\/div><\/div><div class=\"et_pb_row_97 et_pb_row et_block_row\"><div class=\"et_pb_column_127 et_pb_column et_pb_column_4_4 et-last-child et_block_column et_pb_css_mix_blend_mode_passthrough\"><div class=\"et_pb_text_60 et_pb_text et_pb_bg_layout_light et_pb_module et_block_module\"><div class=\"et_pb_text_inner\"><p>Der Otagi Nenbutsu-ji Tempel ist ein faszinierendes Beispiel f\u00fcr die Verschmelzung von Spiritualit\u00e4t und Kunst. Seine \u00fcber 1.200 einzigartigen Rakan-Statuen, die von Laien mit Liebe und Hingabe geschaffen wurden, machen ihn zu einem besonderen Ort der Einkehr und des Staunens. Abseits der \u00fcblichen Touristenpfade bietet der Tempel eine ruhige und inspirierende Atmosph\u00e4re \u2013 ein wahres Juwel im Westen Kyotos.<\/p>\n<\/div><\/div><\/div><\/div><div class=\"et_pb_row_98 et_pb_row et_block_row\"><div class=\"et_pb_column_128 et_pb_column et_pb_column_4_4 et-last-child et_block_column et_pb_css_mix_blend_mode_passthrough\"><div class=\"et_pb_text_61 et_pb_text et_pb_bg_layout_light et_pb_module et_block_module\"><div class=\"et_pb_text_inner\"><h3>Der Tsurugaoka Hachiman-g\u016b:<\/h3>\n<\/div><\/div><\/div><\/div><div class=\"et_pb_row_99 et_pb_row et_block_row\"><div class=\"et_pb_column_129 et_pb_column et_pb_column_1_2 et_block_column et_pb_css_mix_blend_mode_passthrough\"><div class=\"et_pb_image_72 et_pb_image et_pb_has_overlay et_pb_module et_block_module\"><a href=\"https:\/\/msphotographics.de\/wp-content\/uploads\/2025\/06\/A4A5479-1.jpg\" class=\"et_pb_lightbox_image\"><span class=\"et_pb_image_wrap\"><img decoding=\"async\" src=\"https:\/\/msphotographics.de\/wp-content\/uploads\/2025\/06\/A4A5479-1.jpg\" width=\"1920\" height=\"1280\" srcset=\"https:\/\/msphotographics.de\/wp-content\/uploads\/2025\/06\/A4A5479-1.jpg 1920w, https:\/\/msphotographics.de\/wp-content\/uploads\/2025\/06\/A4A5479-1-1280x853.jpg 1280w, https:\/\/msphotographics.de\/wp-content\/uploads\/2025\/06\/A4A5479-1-980x653.jpg 980w, https:\/\/msphotographics.de\/wp-content\/uploads\/2025\/06\/A4A5479-1-480x320.jpg 480w\" sizes=\"(min-width: 0px) and (max-width: 480px) 480px, (min-width: 481px) and (max-width: 980px) 980px, (min-width: 981px) and (max-width: 1280px) 1280px, (min-width: 1281px) 1920px, 100vw\" class=\"wp-image-9722\" title=\"_A4A5479\" \/><span class=\"et_overlay\"><\/span><\/span><\/a><\/div><div class=\"et_pb_image_73 et_pb_image et_pb_has_overlay et_pb_module et_block_module\"><a href=\"https:\/\/msphotographics.de\/wp-content\/uploads\/2025\/06\/A4A5484.jpg\" class=\"et_pb_lightbox_image\"><span class=\"et_pb_image_wrap\"><img decoding=\"async\" src=\"https:\/\/msphotographics.de\/wp-content\/uploads\/2025\/06\/A4A5484.jpg\" width=\"1920\" height=\"1280\" srcset=\"https:\/\/msphotographics.de\/wp-content\/uploads\/2025\/06\/A4A5484.jpg 1920w, https:\/\/msphotographics.de\/wp-content\/uploads\/2025\/06\/A4A5484-1280x853.jpg 1280w, https:\/\/msphotographics.de\/wp-content\/uploads\/2025\/06\/A4A5484-980x653.jpg 980w, https:\/\/msphotographics.de\/wp-content\/uploads\/2025\/06\/A4A5484-480x320.jpg 480w\" sizes=\"(min-width: 0px) and (max-width: 480px) 480px, (min-width: 481px) and (max-width: 980px) 980px, (min-width: 981px) and (max-width: 1280px) 1280px, (min-width: 1281px) 1920px, 100vw\" class=\"wp-image-9718\" title=\"_A4A5484\" \/><span class=\"et_overlay\"><\/span><\/span><\/a><\/div><\/div><div class=\"et_pb_column_130 et_pb_column et_pb_column_1_2 et-last-child et_block_column et_pb_css_mix_blend_mode_passthrough\"><div class=\"et_pb_image_74 et_pb_image et_pb_has_overlay et_pb_module et_block_module\"><a href=\"https:\/\/msphotographics.de\/wp-content\/uploads\/2025\/06\/A4A5495.jpg\" class=\"et_pb_lightbox_image\"><span class=\"et_pb_image_wrap\"><img decoding=\"async\" src=\"https:\/\/msphotographics.de\/wp-content\/uploads\/2025\/06\/A4A5495.jpg\" width=\"1920\" height=\"1280\" srcset=\"https:\/\/msphotographics.de\/wp-content\/uploads\/2025\/06\/A4A5495.jpg 1920w, https:\/\/msphotographics.de\/wp-content\/uploads\/2025\/06\/A4A5495-1280x853.jpg 1280w, https:\/\/msphotographics.de\/wp-content\/uploads\/2025\/06\/A4A5495-980x653.jpg 980w, https:\/\/msphotographics.de\/wp-content\/uploads\/2025\/06\/A4A5495-480x320.jpg 480w\" sizes=\"(min-width: 0px) and (max-width: 480px) 480px, (min-width: 481px) and (max-width: 980px) 980px, (min-width: 981px) and (max-width: 1280px) 1280px, (min-width: 1281px) 1920px, 100vw\" class=\"wp-image-9719\" title=\"_A4A5495\" \/><span class=\"et_overlay\"><\/span><\/span><\/a><\/div><div class=\"et_pb_image_75 et_pb_image et_pb_has_overlay et_pb_module et_block_module\"><a href=\"https:\/\/msphotographics.de\/wp-content\/uploads\/2025\/06\/A4A5479.jpg\" class=\"et_pb_lightbox_image\"><span class=\"et_pb_image_wrap\"><img decoding=\"async\" src=\"https:\/\/msphotographics.de\/wp-content\/uploads\/2025\/06\/A4A5479.jpg\" width=\"1920\" height=\"1280\" srcset=\"https:\/\/msphotographics.de\/wp-content\/uploads\/2025\/06\/A4A5479.jpg 1920w, https:\/\/msphotographics.de\/wp-content\/uploads\/2025\/06\/A4A5479-1280x853.jpg 1280w, https:\/\/msphotographics.de\/wp-content\/uploads\/2025\/06\/A4A5479-980x653.jpg 980w, https:\/\/msphotographics.de\/wp-content\/uploads\/2025\/06\/A4A5479-480x320.jpg 480w\" sizes=\"(min-width: 0px) and (max-width: 480px) 480px, (min-width: 481px) and (max-width: 980px) 980px, (min-width: 981px) and (max-width: 1280px) 1280px, (min-width: 1281px) 1920px, 100vw\" class=\"wp-image-9717\" title=\"_A4A5479\" \/><span class=\"et_overlay\"><\/span><\/span><\/a><\/div><\/div><\/div><div class=\"et_pb_row_100 et_pb_row et_block_row\"><div class=\"et_pb_column_131 et_pb_column et_pb_column_4_4 et-last-child et_block_column et_pb_css_mix_blend_mode_passthrough\"><div class=\"et_pb_text_62 et_pb_text et_pb_bg_layout_light et_pb_module et_block_module\"><div class=\"et_pb_text_inner\"><p>Der Kinkaku-ji, offiziell bekannt als Rokuon-ji, ist ein Zen-Buddhistischer Tempel in Kyoto, Japan, und z\u00e4hlt zu den bekanntesten Sehensw\u00fcrdigkeiten des Landes. Ber\u00fchmt ist er vor allem f\u00fcr seinen Goldenen Pavillon, der sich malerisch im Kyoko-chi-Teich spiegelt und als eines der ikonischsten Bilder Kyotos gilt.<\/p>\n<p>Der Goldene Pavillon besteht aus drei Stockwerken, die jeweils einen anderen architektonischen Stil repr\u00e4sentieren:<\/p>\n<p>Das Erdgeschoss ist im shinden-zukuri-Stil der Heian-Zeit gehalten, es spiegelt den eleganten Palaststil der Fujiwara-Periode wider.<\/p>\n<p>Das Obergeschoss ist im buke-zukuri-Stil der Kamakura-Zeit erbaut, es repr\u00e4sentiert den Wohnstil der Samurai.<\/p>\n<p>Das Dachgeschoss ist im karayo-Stil chinesischer Zen-Tempel gehalten, es symbolisiert den \u201e\u00fcberw\u00e4ltigenden Gipfel\u201c.<\/p>\n<p>Das Dach ist mit Schindeln gedeckt und mit einem bronzenen Ph\u00f6nix verziert.<\/p>\n<p>Der Kinkaku-ji ist nicht nur ein architektonisches Meisterwerk, sondern auch ein Symbol f\u00fcr die Verschmelzung von Natur, Kunst und Spiritualit\u00e4t in der japanischen Kultur. Ein Besuch dieses Tempels bietet einen tiefen Einblick in die Geschichte und \u00c4sthetik Japans und ist ein unvergessliches Erlebnis f\u00fcr jeden Reisenden.<\/p>\n<\/div><\/div><\/div><\/div><div class=\"et_pb_row_101 et_pb_row et_block_row\"><div class=\"et_pb_column_132 et_pb_column et_pb_column_1_2 et_block_column et_pb_css_mix_blend_mode_passthrough\"><div class=\"et_pb_image_76 et_pb_image et_pb_has_overlay et_pb_module et_block_module\"><a href=\"https:\/\/msphotographics.de\/wp-content\/uploads\/2025\/06\/A4A5095.jpg\" class=\"et_pb_lightbox_image\"><span class=\"et_pb_image_wrap\"><img decoding=\"async\" src=\"https:\/\/msphotographics.de\/wp-content\/uploads\/2025\/06\/A4A5095.jpg\" width=\"1920\" height=\"1280\" srcset=\"https:\/\/msphotographics.de\/wp-content\/uploads\/2025\/06\/A4A5095.jpg 1920w, https:\/\/msphotographics.de\/wp-content\/uploads\/2025\/06\/A4A5095-1280x853.jpg 1280w, https:\/\/msphotographics.de\/wp-content\/uploads\/2025\/06\/A4A5095-980x653.jpg 980w, https:\/\/msphotographics.de\/wp-content\/uploads\/2025\/06\/A4A5095-480x320.jpg 480w\" sizes=\"(min-width: 0px) and (max-width: 480px) 480px, (min-width: 481px) and (max-width: 980px) 980px, (min-width: 981px) and (max-width: 1280px) 1280px, (min-width: 1281px) 1920px, 100vw\" class=\"wp-image-9653\" title=\"_A4A5095\" \/><span class=\"et_overlay\"><\/span><\/span><\/a><\/div><\/div><div class=\"et_pb_column_133 et_pb_column et_pb_column_1_2 et-last-child et_block_column et_pb_css_mix_blend_mode_passthrough\"><div class=\"et_pb_image_77 et_pb_image et_pb_has_overlay et_pb_module et_block_module\"><a href=\"https:\/\/msphotographics.de\/wp-content\/uploads\/2025\/06\/A4A5097.jpg\" class=\"et_pb_lightbox_image\"><span class=\"et_pb_image_wrap\"><img decoding=\"async\" src=\"https:\/\/msphotographics.de\/wp-content\/uploads\/2025\/06\/A4A5097.jpg\" width=\"1920\" height=\"1280\" srcset=\"https:\/\/msphotographics.de\/wp-content\/uploads\/2025\/06\/A4A5097.jpg 1920w, https:\/\/msphotographics.de\/wp-content\/uploads\/2025\/06\/A4A5097-1280x853.jpg 1280w, https:\/\/msphotographics.de\/wp-content\/uploads\/2025\/06\/A4A5097-980x653.jpg 980w, https:\/\/msphotographics.de\/wp-content\/uploads\/2025\/06\/A4A5097-480x320.jpg 480w\" sizes=\"(min-width: 0px) and (max-width: 480px) 480px, (min-width: 481px) and (max-width: 980px) 980px, (min-width: 981px) and (max-width: 1280px) 1280px, (min-width: 1281px) 1920px, 100vw\" class=\"wp-image-9654\" title=\"_A4A5097\" \/><span class=\"et_overlay\"><\/span><\/span><\/a><\/div><\/div><\/div><div class=\"et_pb_row_102 et_pb_row et_block_row\"><div class=\"et_pb_column_134 et_pb_column et_pb_column_4_4 et-last-child et_block_column et_pb_css_mix_blend_mode_passthrough\"><div class=\"et_pb_text_63 et_pb_text et_pb_bg_layout_light et_pb_module et_block_module\"><div class=\"et_pb_text_inner\"><p>Nach einem entspannenden Spaziergang und leckerem Abendessen fuhren wir weiter nach Osaka, dem letzten Ziel unserer Japanreise.<\/p>\n<\/div><\/div><\/div><\/div><div class=\"et_pb_row_103 et_pb_row et_block_row\"><div class=\"et_pb_column_135 et_pb_column et_pb_column_4_4 et-last-child et_block_column et_pb_css_mix_blend_mode_passthrough\"><div class=\"et_pb_text_64 et_pb_text et_pb_bg_layout_light et_pb_module et_block_module\"><div class=\"et_pb_text_inner\"><h3>Unterwegs in Osaka:<\/h3>\n<\/div><\/div><div class=\"et_pb_module et_d4_element dsm_embed_google_map dsm_embed_google_map_3\">\n\t\t\t\t\n\t\t\t\t\n\t\t\t\t\n\t\t\t\t\n\t\t\t\t\n\t\t\t\t\n\t\t\t\t<div class=\"et_pb_module_inner\">\n\t\t\t\t\t<iframe loading=\"lazy\" frameborder=\"0\" scrolling=\"no\" marginheight=\"0\" marginwidth=\"0\" referrerPolicy=\"no-referrer-when-downgrade\" src=\"https:\/\/www.google.com\/maps\/embed\/v1\/place?key=AIzaSyCNXajxYAwmv-y_uwv0H__5xW8I-WTN2iA&amp;q=Osaka%2C%20Japan&amp;zoom=9&amp;language=de_DE\" aria-label=\"Osaka, Japan\"><\/iframe>\n\t\t\t\t<\/div>\n\t\t\t<\/div><\/div><\/div><div class=\"et_pb_row_104 et_pb_row et_block_row\"><div class=\"et_pb_column_136 et_pb_column et_pb_column_4_4 et-last-child et_block_column et_pb_css_mix_blend_mode_passthrough\"><div class=\"et_pb_image_78 et_pb_image et_pb_has_overlay et_pb_module et_block_module\"><a href=\"https:\/\/msphotographics.de\/wp-content\/uploads\/2025\/06\/A4A5525.jpg\" class=\"et_pb_lightbox_image\"><span class=\"et_pb_image_wrap\"><img decoding=\"async\" src=\"https:\/\/msphotographics.de\/wp-content\/uploads\/2025\/06\/A4A5525.jpg\" width=\"1920\" height=\"1280\" srcset=\"https:\/\/msphotographics.de\/wp-content\/uploads\/2025\/06\/A4A5525.jpg 1920w, https:\/\/msphotographics.de\/wp-content\/uploads\/2025\/06\/A4A5525-1280x853.jpg 1280w, https:\/\/msphotographics.de\/wp-content\/uploads\/2025\/06\/A4A5525-980x653.jpg 980w, https:\/\/msphotographics.de\/wp-content\/uploads\/2025\/06\/A4A5525-480x320.jpg 480w\" sizes=\"(min-width: 0px) and (max-width: 480px) 480px, (min-width: 481px) and (max-width: 980px) 980px, (min-width: 981px) and (max-width: 1280px) 1280px, (min-width: 1281px) 1920px, 100vw\" class=\"wp-image-9723\" title=\"_A4A5525\" \/><span class=\"et_overlay\"><\/span><\/span><\/a><\/div><\/div><\/div><div class=\"et_pb_row_105 et_pb_row et_block_row\"><div class=\"et_pb_column_137 et_pb_column et_pb_column_4_4 et-last-child et_block_column et_pb_css_mix_blend_mode_passthrough\"><div class=\"et_pb_text_65 et_pb_text et_pb_bg_layout_light et_pb_module et_block_module\"><div class=\"et_pb_text_inner\"><p>Osaka ist eine lebendige Metropole im Westen Japans, bekannt f\u00fcr ihre kulinarische Vielfalt, lebendige Kultur und herzliche Gastfreundschaft. Als drittgr\u00f6\u00dfte Stadt des Landes bietet sie eine gelungene Mischung aus Tradition und Moderne.<\/p>\n<\/div><\/div><\/div><\/div><div class=\"et_pb_row_106 et_pb_row et_block_row\"><div class=\"et_pb_column_138 et_pb_column et_pb_column_4_4 et-last-child et_block_column et_pb_css_mix_blend_mode_passthrough\"><div class=\"et_pb_text_66 et_pb_text et_pb_bg_layout_light et_pb_module et_block_module\"><div class=\"et_pb_text_inner\"><h3>Die Burg von Osaka:<\/h3>\n<\/div><\/div><\/div><\/div><div class=\"et_pb_row_107 et_pb_row et_block_row\"><div class=\"et_pb_column_139 et_pb_column et_pb_column_1_2 et_block_column et_pb_css_mix_blend_mode_passthrough\"><div class=\"et_pb_image_79 et_pb_image et_pb_has_overlay et_pb_module et_block_module\"><a href=\"https:\/\/msphotographics.de\/wp-content\/uploads\/2025\/06\/A4A5533.jpg\" class=\"et_pb_lightbox_image\"><span class=\"et_pb_image_wrap\"><img decoding=\"async\" src=\"https:\/\/msphotographics.de\/wp-content\/uploads\/2025\/06\/A4A5533.jpg\" width=\"1920\" height=\"1280\" srcset=\"https:\/\/msphotographics.de\/wp-content\/uploads\/2025\/06\/A4A5533.jpg 1920w, https:\/\/msphotographics.de\/wp-content\/uploads\/2025\/06\/A4A5533-1280x853.jpg 1280w, https:\/\/msphotographics.de\/wp-content\/uploads\/2025\/06\/A4A5533-980x653.jpg 980w, https:\/\/msphotographics.de\/wp-content\/uploads\/2025\/06\/A4A5533-480x320.jpg 480w\" sizes=\"(min-width: 0px) and (max-width: 480px) 480px, (min-width: 481px) and (max-width: 980px) 980px, (min-width: 981px) and (max-width: 1280px) 1280px, (min-width: 1281px) 1920px, 100vw\" class=\"wp-image-9724\" title=\"_A4A5533\" \/><span class=\"et_overlay\"><\/span><\/span><\/a><\/div><\/div><div class=\"et_pb_column_140 et_pb_column et_pb_column_1_2 et-last-child et_block_column et_pb_css_mix_blend_mode_passthrough\"><div class=\"et_pb_image_80 et_pb_image et_pb_has_overlay et_pb_module et_block_module\"><a href=\"https:\/\/msphotographics.de\/wp-content\/uploads\/2025\/06\/A4A5540.jpg\" class=\"et_pb_lightbox_image\"><span class=\"et_pb_image_wrap\"><img decoding=\"async\" src=\"https:\/\/msphotographics.de\/wp-content\/uploads\/2025\/06\/A4A5540.jpg\" width=\"1920\" height=\"1280\" srcset=\"https:\/\/msphotographics.de\/wp-content\/uploads\/2025\/06\/A4A5540.jpg 1920w, https:\/\/msphotographics.de\/wp-content\/uploads\/2025\/06\/A4A5540-1280x853.jpg 1280w, https:\/\/msphotographics.de\/wp-content\/uploads\/2025\/06\/A4A5540-980x653.jpg 980w, https:\/\/msphotographics.de\/wp-content\/uploads\/2025\/06\/A4A5540-480x320.jpg 480w\" sizes=\"(min-width: 0px) and (max-width: 480px) 480px, (min-width: 481px) and (max-width: 980px) 980px, (min-width: 981px) and (max-width: 1280px) 1280px, (min-width: 1281px) 1920px, 100vw\" class=\"wp-image-9727\" title=\"_A4A5540\" \/><span class=\"et_overlay\"><\/span><\/span><\/a><\/div><\/div><\/div><div class=\"et_pb_row_108 et_pb_row et_block_row\"><div class=\"et_pb_column_141 et_pb_column et_pb_column_4_4 et-last-child et_block_column et_pb_css_mix_blend_mode_passthrough\"><div class=\"et_pb_text_67 et_pb_text et_pb_bg_layout_light et_pb_module et_block_module\"><div class=\"et_pb_text_inner\"><p>Die Osaka-Burg ist eines der ber\u00fchmtesten Wahrzeichen Japans und ein bedeutendes Symbol der Stadt Osaka. Mit ihrer markanten Architektur und reichen Geschichte zieht sie j\u00e4hrlich Millionen von Besuchern an, die mehr \u00fcber die turbulente Zeit der Sengoku-Zeit (1467\u20131603) erfahren m\u00f6chten, als die Burg als Festung und Machtzentrum der Region diente. Heute ist sie ein beliebtes Touristenziel und ein Paradebeispiel f\u00fcr die beeindruckende japanische Burgenarchitektur.<\/p>\n<\/div><\/div><\/div><\/div><div class=\"et_pb_row_109 et_pb_row et_block_row\"><div class=\"et_pb_column_142 et_pb_column et_pb_column_4_4 et-last-child et_block_column et_pb_css_mix_blend_mode_passthrough\"><div class=\"et_pb_image_81 et_pb_image et_pb_has_overlay et_pb_module et_block_module\"><a href=\"https:\/\/msphotographics.de\/wp-content\/uploads\/2025\/06\/A4A5537.jpg\" class=\"et_pb_lightbox_image\"><span class=\"et_pb_image_wrap\"><img decoding=\"async\" src=\"https:\/\/msphotographics.de\/wp-content\/uploads\/2025\/06\/A4A5537.jpg\" width=\"1920\" height=\"1280\" srcset=\"https:\/\/msphotographics.de\/wp-content\/uploads\/2025\/06\/A4A5537.jpg 1920w, https:\/\/msphotographics.de\/wp-content\/uploads\/2025\/06\/A4A5537-1280x853.jpg 1280w, https:\/\/msphotographics.de\/wp-content\/uploads\/2025\/06\/A4A5537-980x653.jpg 980w, https:\/\/msphotographics.de\/wp-content\/uploads\/2025\/06\/A4A5537-480x320.jpg 480w\" sizes=\"(min-width: 0px) and (max-width: 480px) 480px, (min-width: 481px) and (max-width: 980px) 980px, (min-width: 981px) and (max-width: 1280px) 1280px, (min-width: 1281px) 1920px, 100vw\" class=\"wp-image-9726\" title=\"_A4A5537\" \/><span class=\"et_overlay\"><\/span><\/span><\/a><\/div><\/div><\/div><div class=\"et_pb_row_110 et_pb_row et_block_row\"><div class=\"et_pb_column_143 et_pb_column et_pb_column_4_4 et-last-child et_block_column et_pb_css_mix_blend_mode_passthrough\"><div class=\"et_pb_text_68 et_pb_text et_pb_bg_layout_light et_pb_module et_block_module\"><div class=\"et_pb_text_inner\"><p>Die Osaka-Burg wurde urspr\u00fcnglich 1583 von Toyotomi Hideyoshi, einem der bedeutendsten Milit\u00e4rf\u00fchrer der japanischen Geschichte, erbaut. Sie sollte als Symbol seiner Macht und seines Erfolgs beim Vereinigen Japans dienen. Hideyoshi, der nach dem Tod von Oda Nobunaga die F\u00fchrung in Japan \u00fcbernahm, w\u00e4hlte den strategischen Standort an der Yodo-Flussm\u00fcndung, um die Burg als Basis f\u00fcr seine milit\u00e4rischen und politischen Ambitionen zu nutzen.<\/p>\n<\/div><\/div><\/div><\/div><div class=\"et_pb_row_111 et_pb_row et_block_row\"><div class=\"et_pb_column_144 et_pb_column et_pb_column_1_2 et_block_column et_pb_css_mix_blend_mode_passthrough\"><div class=\"et_pb_image_82 et_pb_image et_pb_has_overlay et_pb_module et_block_module\"><a href=\"https:\/\/msphotographics.de\/wp-content\/uploads\/2025\/06\/A4A5545.jpg\" class=\"et_pb_lightbox_image\"><span class=\"et_pb_image_wrap\"><img decoding=\"async\" src=\"https:\/\/msphotographics.de\/wp-content\/uploads\/2025\/06\/A4A5545.jpg\" width=\"1920\" height=\"1280\" srcset=\"https:\/\/msphotographics.de\/wp-content\/uploads\/2025\/06\/A4A5545.jpg 1920w, https:\/\/msphotographics.de\/wp-content\/uploads\/2025\/06\/A4A5545-1280x853.jpg 1280w, https:\/\/msphotographics.de\/wp-content\/uploads\/2025\/06\/A4A5545-980x653.jpg 980w, https:\/\/msphotographics.de\/wp-content\/uploads\/2025\/06\/A4A5545-480x320.jpg 480w\" sizes=\"(min-width: 0px) and (max-width: 480px) 480px, (min-width: 481px) and (max-width: 980px) 980px, (min-width: 981px) and (max-width: 1280px) 1280px, (min-width: 1281px) 1920px, 100vw\" class=\"wp-image-9728\" title=\"_A4A5545\" \/><span class=\"et_overlay\"><\/span><\/span><\/a><\/div><\/div><div class=\"et_pb_column_145 et_pb_column et_pb_column_1_2 et-last-child et_block_column et_pb_css_mix_blend_mode_passthrough\"><div class=\"et_pb_image_83 et_pb_image et_pb_has_overlay et_pb_module et_block_module\"><a href=\"https:\/\/msphotographics.de\/wp-content\/uploads\/2025\/06\/A4A5564.jpg\" class=\"et_pb_lightbox_image\"><span class=\"et_pb_image_wrap\"><img decoding=\"async\" src=\"https:\/\/msphotographics.de\/wp-content\/uploads\/2025\/06\/A4A5564.jpg\" width=\"1920\" height=\"1280\" srcset=\"https:\/\/msphotographics.de\/wp-content\/uploads\/2025\/06\/A4A5564.jpg 1920w, https:\/\/msphotographics.de\/wp-content\/uploads\/2025\/06\/A4A5564-1280x853.jpg 1280w, https:\/\/msphotographics.de\/wp-content\/uploads\/2025\/06\/A4A5564-980x653.jpg 980w, https:\/\/msphotographics.de\/wp-content\/uploads\/2025\/06\/A4A5564-480x320.jpg 480w\" sizes=\"(min-width: 0px) and (max-width: 480px) 480px, (min-width: 481px) and (max-width: 980px) 980px, (min-width: 981px) and (max-width: 1280px) 1280px, (min-width: 1281px) 1920px, 100vw\" class=\"wp-image-9729\" title=\"_A4A5564\" \/><span class=\"et_overlay\"><\/span><\/span><\/a><\/div><\/div><\/div><div class=\"et_pb_row_112 et_pb_row et_block_row\"><div class=\"et_pb_column_146 et_pb_column et_pb_column_4_4 et-last-child et_block_column et_pb_css_mix_blend_mode_passthrough\"><div class=\"et_pb_text_69 et_pb_text et_pb_bg_layout_light et_pb_module et_block_module\"><div class=\"et_pb_text_inner\"><p>Die Osaka-Burg ist ber\u00fchmt f\u00fcr ihre imposante f\u00fcnfst\u00f6ckige Hauptstruktur, die mit gl\u00e4nzendem goldenem Ornament verziert und weithin sichtbar ist. Ihre Architektur kombiniert traditionelle japanische Burgenarchitektur mit innovativen Elementen der Zeit. Der auff\u00e4llige gr\u00fcne D\u00e4cher Turm ist mit vergoldeten Verzierungen und symbolischen Drachenfiguren geschm\u00fcckt.<\/p>\n<\/div><\/div><\/div><\/div><div class=\"et_pb_row_113 et_pb_row et_block_row\"><div class=\"et_pb_column_147 et_pb_column et_pb_column_1_2 et_block_column et_pb_css_mix_blend_mode_passthrough\"><div class=\"et_pb_image_84 et_pb_image et_pb_has_overlay et_pb_module et_block_module\"><a href=\"https:\/\/msphotographics.de\/wp-content\/uploads\/2025\/06\/A4A5572.jpg\" class=\"et_pb_lightbox_image\"><span class=\"et_pb_image_wrap\"><img decoding=\"async\" src=\"https:\/\/msphotographics.de\/wp-content\/uploads\/2025\/06\/A4A5572.jpg\" width=\"1920\" height=\"1280\" srcset=\"https:\/\/msphotographics.de\/wp-content\/uploads\/2025\/06\/A4A5572.jpg 1920w, https:\/\/msphotographics.de\/wp-content\/uploads\/2025\/06\/A4A5572-1280x853.jpg 1280w, https:\/\/msphotographics.de\/wp-content\/uploads\/2025\/06\/A4A5572-980x653.jpg 980w, https:\/\/msphotographics.de\/wp-content\/uploads\/2025\/06\/A4A5572-480x320.jpg 480w\" sizes=\"(min-width: 0px) and (max-width: 480px) 480px, (min-width: 481px) and (max-width: 980px) 980px, (min-width: 981px) and (max-width: 1280px) 1280px, (min-width: 1281px) 1920px, 100vw\" class=\"wp-image-9730\" title=\"_A4A5572\" \/><span class=\"et_overlay\"><\/span><\/span><\/a><\/div><\/div><div class=\"et_pb_column_148 et_pb_column et_pb_column_1_2 et-last-child et_block_column et_pb_css_mix_blend_mode_passthrough\"><div class=\"et_pb_image_85 et_pb_image et_pb_has_overlay et_pb_module et_block_module\"><a href=\"https:\/\/msphotographics.de\/wp-content\/uploads\/2025\/06\/A4A5592.jpg\" class=\"et_pb_lightbox_image\"><span class=\"et_pb_image_wrap\"><img decoding=\"async\" src=\"https:\/\/msphotographics.de\/wp-content\/uploads\/2025\/06\/A4A5592.jpg\" width=\"1920\" height=\"1280\" srcset=\"https:\/\/msphotographics.de\/wp-content\/uploads\/2025\/06\/A4A5592.jpg 1920w, https:\/\/msphotographics.de\/wp-content\/uploads\/2025\/06\/A4A5592-1280x853.jpg 1280w, https:\/\/msphotographics.de\/wp-content\/uploads\/2025\/06\/A4A5592-980x653.jpg 980w, https:\/\/msphotographics.de\/wp-content\/uploads\/2025\/06\/A4A5592-480x320.jpg 480w\" sizes=\"(min-width: 0px) and (max-width: 480px) 480px, (min-width: 481px) and (max-width: 980px) 980px, (min-width: 981px) and (max-width: 1280px) 1280px, (min-width: 1281px) 1920px, 100vw\" class=\"wp-image-9732\" title=\"_A4A5592\" \/><span class=\"et_overlay\"><\/span><\/span><\/a><\/div><\/div><\/div><div class=\"et_pb_row_114 et_pb_row et_block_row\"><div class=\"et_pb_column_149 et_pb_column et_pb_column_4_4 et-last-child et_block_column et_pb_css_mix_blend_mode_passthrough\"><div class=\"et_pb_text_70 et_pb_text et_pb_bg_layout_light et_pb_module et_block_module\"><div class=\"et_pb_text_inner\"><p>Der Osaka-Burg-Park (Osaka-jo Koen) erstreckt sich rund um die Burg und ist ein gro\u00dfer, gr\u00fcner Raum, der besonders im Fr\u00fchling, wenn die Kirschbl\u00fcten in voller Bl\u00fcte stehen, sowie im Herbst, wenn sich die Bl\u00e4tter verf\u00e4rben, ein beliebtes Ziel f\u00fcr Einheimische und Touristen ist. Der Park bietet zahlreiche Spazier- und Wanderwege, sowie Bereiche zum Entspannen und Genie\u00dfen der Natur.<\/p>\n<\/div><\/div><\/div><\/div><div class=\"et_pb_row_115 et_pb_row et_block_row\"><div class=\"et_pb_column_150 et_pb_column et_pb_column_4_4 et-last-child et_block_column et_pb_css_mix_blend_mode_passthrough\"><div class=\"et_pb_image_86 et_pb_image et_pb_has_overlay et_pb_module et_block_module\"><a href=\"https:\/\/msphotographics.de\/wp-content\/uploads\/2025\/06\/A4A5614.jpg\" class=\"et_pb_lightbox_image\"><span class=\"et_pb_image_wrap\"><img decoding=\"async\" src=\"https:\/\/msphotographics.de\/wp-content\/uploads\/2025\/06\/A4A5614.jpg\" width=\"1920\" height=\"1280\" srcset=\"https:\/\/msphotographics.de\/wp-content\/uploads\/2025\/06\/A4A5614.jpg 1920w, https:\/\/msphotographics.de\/wp-content\/uploads\/2025\/06\/A4A5614-1280x853.jpg 1280w, https:\/\/msphotographics.de\/wp-content\/uploads\/2025\/06\/A4A5614-980x653.jpg 980w, https:\/\/msphotographics.de\/wp-content\/uploads\/2025\/06\/A4A5614-480x320.jpg 480w\" sizes=\"(min-width: 0px) and (max-width: 480px) 480px, (min-width: 481px) and (max-width: 980px) 980px, (min-width: 981px) and (max-width: 1280px) 1280px, (min-width: 1281px) 1920px, 100vw\" class=\"wp-image-9733\" title=\"_A4A5614\" \/><span class=\"et_overlay\"><\/span><\/span><\/a><\/div><\/div><\/div><div class=\"et_pb_row_116 et_pb_row et_block_row\"><div class=\"et_pb_column_151 et_pb_column et_pb_column_4_4 et-last-child et_block_column et_pb_css_mix_blend_mode_passthrough\"><div class=\"et_pb_text_71 et_pb_text et_pb_bg_layout_light et_pb_module et_block_module\"><div class=\"et_pb_text_inner\"><p>Die Osaka-Burg ist ein faszinierendes historisches Wahrzeichen, das nicht nur wegen seiner beeindruckenden Architektur und seiner strategischen Bedeutung bekannt ist, sondern auch ein wertvolles kulturelles Erbe Japans darstellt. Der Besuch der Burg bietet nicht nur Einblicke in die japanische Geschichte, sondern auch eine herrliche Aussicht und eine entspannende Auszeit im umliegenden Park. Ein Muss f\u00fcr jeden Besucher von Osaka.<\/p>\n<\/div><\/div><\/div><\/div><div class=\"et_pb_row_117 et_pb_row et_block_row\"><div class=\"et_pb_column_152 et_pb_column et_pb_column_4_4 et-last-child et_block_column et_pb_css_mix_blend_mode_passthrough\"><div class=\"et_pb_text_72 et_pb_text et_pb_bg_layout_light et_pb_module et_block_module\"><div class=\"et_pb_text_inner\"><h3>Der Namba Yasaka-Schrein:<\/h3>\n<\/div><\/div><\/div><\/div><div class=\"et_pb_row_118 et_pb_row et_block_row\"><div class=\"et_pb_column_153 et_pb_column et_pb_column_4_4 et-last-child et_block_column et_pb_css_mix_blend_mode_passthrough\"><div class=\"et_pb_image_87 et_pb_image et_pb_has_overlay et_pb_module et_block_module\"><a href=\"https:\/\/msphotographics.de\/wp-content\/uploads\/2025\/06\/A4A5635.jpg\" class=\"et_pb_lightbox_image\"><span class=\"et_pb_image_wrap\"><img decoding=\"async\" src=\"https:\/\/msphotographics.de\/wp-content\/uploads\/2025\/06\/A4A5635.jpg\" width=\"1920\" height=\"1280\" srcset=\"https:\/\/msphotographics.de\/wp-content\/uploads\/2025\/06\/A4A5635.jpg 1920w, https:\/\/msphotographics.de\/wp-content\/uploads\/2025\/06\/A4A5635-1280x853.jpg 1280w, https:\/\/msphotographics.de\/wp-content\/uploads\/2025\/06\/A4A5635-980x653.jpg 980w, https:\/\/msphotographics.de\/wp-content\/uploads\/2025\/06\/A4A5635-480x320.jpg 480w\" sizes=\"(min-width: 0px) and (max-width: 480px) 480px, (min-width: 481px) and (max-width: 980px) 980px, (min-width: 981px) and (max-width: 1280px) 1280px, (min-width: 1281px) 1920px, 100vw\" class=\"wp-image-9735\" title=\"_A4A5635\" \/><span class=\"et_overlay\"><\/span><\/span><\/a><\/div><\/div><\/div><div class=\"et_pb_row_119 et_pb_row et_block_row\"><div class=\"et_pb_column_154 et_pb_column et_pb_column_4_4 et-last-child et_block_column et_pb_css_mix_blend_mode_passthrough\"><div class=\"et_pb_text_73 et_pb_text et_pb_bg_layout_light et_pb_module et_block_module\"><div class=\"et_pb_text_inner\"><p>Der Namba Yasaka-Schrein ist ein einzigartiger Shinto-Schrein im Stadtteil Naniwa von Osaka. Ber\u00fchmt ist er vor allem f\u00fcr sein markantes L\u00f6wenkopf-Bauwerk, das als Schutzgeist gegen Ungl\u00fcck und Krankheit verehrt wird.<\/p>\n<p>Obwohl keine genauen Aufzeichnungen \u00fcber das Gr\u00fcndungsdatum vorliegen, wird der Schrein erstmals im Jahr 1069 erw\u00e4hnt. W\u00e4hrend des Zweiten Weltkriegs wurde die urspr\u00fcngliche Struktur 1945 durch Luftangriffe zerst\u00f6rt. Die heutige Form des Schreins wurde im Mai 1974 fertiggestellt.<\/p>\n<\/div><\/div><\/div><\/div><div class=\"et_pb_row_120 et_pb_row et_block_row\"><div class=\"et_pb_column_155 et_pb_column et_pb_column_1_2 et_block_column et_pb_css_mix_blend_mode_passthrough\"><div class=\"et_pb_image_88 et_pb_image et_pb_has_overlay et_pb_module et_block_module\"><a href=\"https:\/\/msphotographics.de\/wp-content\/uploads\/2025\/06\/A4A5645.jpg\" class=\"et_pb_lightbox_image\"><span class=\"et_pb_image_wrap\"><img decoding=\"async\" src=\"https:\/\/msphotographics.de\/wp-content\/uploads\/2025\/06\/A4A5645.jpg\" width=\"1920\" height=\"1280\" srcset=\"https:\/\/msphotographics.de\/wp-content\/uploads\/2025\/06\/A4A5645.jpg 1920w, https:\/\/msphotographics.de\/wp-content\/uploads\/2025\/06\/A4A5645-1280x853.jpg 1280w, https:\/\/msphotographics.de\/wp-content\/uploads\/2025\/06\/A4A5645-980x653.jpg 980w, https:\/\/msphotographics.de\/wp-content\/uploads\/2025\/06\/A4A5645-480x320.jpg 480w\" sizes=\"(min-width: 0px) and (max-width: 480px) 480px, (min-width: 481px) and (max-width: 980px) 980px, (min-width: 981px) and (max-width: 1280px) 1280px, (min-width: 1281px) 1920px, 100vw\" class=\"wp-image-9746\" title=\"_A4A5645\" \/><span class=\"et_overlay\"><\/span><\/span><\/a><\/div><\/div><div class=\"et_pb_column_156 et_pb_column et_pb_column_1_2 et-last-child et_block_column et_pb_css_mix_blend_mode_passthrough\"><div class=\"et_pb_image_89 et_pb_image et_pb_has_overlay et_pb_module et_block_module\"><a href=\"https:\/\/msphotographics.de\/wp-content\/uploads\/2025\/06\/A4A5646.jpg\" class=\"et_pb_lightbox_image\"><span class=\"et_pb_image_wrap\"><img decoding=\"async\" src=\"https:\/\/msphotographics.de\/wp-content\/uploads\/2025\/06\/A4A5646.jpg\" width=\"1920\" height=\"1280\" srcset=\"https:\/\/msphotographics.de\/wp-content\/uploads\/2025\/06\/A4A5646.jpg 1920w, https:\/\/msphotographics.de\/wp-content\/uploads\/2025\/06\/A4A5646-1280x853.jpg 1280w, https:\/\/msphotographics.de\/wp-content\/uploads\/2025\/06\/A4A5646-980x653.jpg 980w, https:\/\/msphotographics.de\/wp-content\/uploads\/2025\/06\/A4A5646-480x320.jpg 480w\" sizes=\"(min-width: 0px) and (max-width: 480px) 480px, (min-width: 481px) and (max-width: 980px) 980px, (min-width: 981px) and (max-width: 1280px) 1280px, (min-width: 1281px) 1920px, 100vw\" class=\"wp-image-9736\" title=\"_A4A5646\" \/><span class=\"et_overlay\"><\/span><\/span><\/a><\/div><\/div><\/div><div class=\"et_pb_row_121 et_pb_row et_block_row\"><div class=\"et_pb_column_157 et_pb_column et_pb_column_4_4 et-last-child et_block_column et_pb_css_mix_blend_mode_passthrough\"><div class=\"et_pb_text_74 et_pb_text et_pb_bg_layout_light et_pb_module et_block_module\"><div class=\"et_pb_text_inner\"><p>Das auff\u00e4lligste Merkmal des Schreins ist das 12 Meter hohe, 11 Meter breite und 10 Meter tiefe Geb\u00e4ude in Form eines riesigen L\u00f6wenkopfes. Dieses Bauwerk, auch Shishiden genannt, dient als B\u00fchne f\u00fcr traditionelle Auff\u00fchrungen wie Kagura (Shinto-Tanz), Shishimai (L\u00f6wentanz) und Iaido (japanische Schwertkunst). Es wird angenommen, dass der L\u00f6we b\u00f6se Geister verschlingt und so Schutz bietet.<\/p>\n<p>Der Schrein ist besonders im Fr\u00fchling w\u00e4hrend der Kirschbl\u00fcte und im Herbst zur Laubf\u00e4rbung ein malerischer Ort. Die Kombination aus traditioneller Architektur und nat\u00fcrlicher Sch\u00f6nheit macht den Besuch zu einem unvergesslichen Erlebnis.<\/p>\n<p>Der Namba Yasaka-Schrein ist ein faszinierendes Beispiel f\u00fcr die Verschmelzung von Tradition, Architektur und Natur in Osaka. Sein imposanter L\u00f6wenkopf und die lebendigen Feste ziehen sowohl Einheimische als auch Touristen an und bieten einen einzigartigen Einblick in die japanische Kultur.<\/p>\n<\/div><\/div><\/div><\/div><div class=\"et_pb_row_122 et_pb_row et_block_row\"><div class=\"et_pb_column_158 et_pb_column et_pb_column_4_4 et-last-child et_block_column et_pb_css_mix_blend_mode_passthrough\"><div class=\"et_pb_text_75 et_pb_text et_pb_bg_layout_light et_pb_module et_block_module\"><div class=\"et_pb_text_inner\"><h3>Unterwegs im Stadteil Nippombashi:<\/h3>\n<\/div><\/div><\/div><\/div><div class=\"et_pb_row_123 et_pb_row et_block_row\"><div class=\"et_pb_column_159 et_pb_column et_pb_column_4_4 et-last-child et_block_column et_pb_css_mix_blend_mode_passthrough\"><div class=\"et_pb_image_90 et_pb_image et_pb_has_overlay et_pb_module et_block_module\"><a href=\"https:\/\/msphotographics.de\/wp-content\/uploads\/2025\/06\/A4A5617.jpg\" class=\"et_pb_lightbox_image\"><span class=\"et_pb_image_wrap\"><img decoding=\"async\" src=\"https:\/\/msphotographics.de\/wp-content\/uploads\/2025\/06\/A4A5617.jpg\" width=\"1920\" height=\"1280\" srcset=\"https:\/\/msphotographics.de\/wp-content\/uploads\/2025\/06\/A4A5617.jpg 1920w, https:\/\/msphotographics.de\/wp-content\/uploads\/2025\/06\/A4A5617-1280x853.jpg 1280w, https:\/\/msphotographics.de\/wp-content\/uploads\/2025\/06\/A4A5617-980x653.jpg 980w, https:\/\/msphotographics.de\/wp-content\/uploads\/2025\/06\/A4A5617-480x320.jpg 480w\" sizes=\"(min-width: 0px) and (max-width: 480px) 480px, (min-width: 481px) and (max-width: 980px) 980px, (min-width: 981px) and (max-width: 1280px) 1280px, (min-width: 1281px) 1920px, 100vw\" class=\"wp-image-9734\" title=\"_A4A5617\" \/><span class=\"et_overlay\"><\/span><\/span><\/a><\/div><\/div><\/div><div class=\"et_pb_row_124 et_pb_row et_block_row\"><div class=\"et_pb_column_160 et_pb_column et_pb_column_4_4 et-last-child et_block_column et_pb_css_mix_blend_mode_passthrough\"><div class=\"et_pb_text_76 et_pb_text et_pb_bg_layout_light et_pb_module et_block_module\"><div class=\"et_pb_text_inner\"><p>Der Stadtteil Nippombashi in Osaka, auch bekannt als Den Den Town, ist ein lebendiges Zentrum f\u00fcr Elektronik, Popkultur und Otaku-Subkulturen. Mit seiner Mischung aus Fachgesch\u00e4ften, Retro-Arcades und thematischen Caf\u00e9s bietet er eine einzigartige Atmosph\u00e4re, die sowohl Technikbegeisterte als auch Anime-Fans anspricht.<\/p>\n<\/div><\/div><\/div><\/div><div class=\"et_pb_row_125 et_pb_row et_block_row\"><div class=\"et_pb_column_161 et_pb_column et_pb_column_1_2 et_block_column et_pb_css_mix_blend_mode_passthrough\"><div class=\"et_pb_image_91 et_pb_image et_pb_has_overlay et_pb_module et_block_module\"><a href=\"https:\/\/msphotographics.de\/wp-content\/uploads\/2025\/06\/A4A5656.jpg\" class=\"et_pb_lightbox_image\"><span class=\"et_pb_image_wrap\"><img decoding=\"async\" src=\"https:\/\/msphotographics.de\/wp-content\/uploads\/2025\/06\/A4A5656.jpg\" width=\"1920\" height=\"1280\" srcset=\"https:\/\/msphotographics.de\/wp-content\/uploads\/2025\/06\/A4A5656.jpg 1920w, https:\/\/msphotographics.de\/wp-content\/uploads\/2025\/06\/A4A5656-1280x853.jpg 1280w, https:\/\/msphotographics.de\/wp-content\/uploads\/2025\/06\/A4A5656-980x653.jpg 980w, https:\/\/msphotographics.de\/wp-content\/uploads\/2025\/06\/A4A5656-480x320.jpg 480w\" sizes=\"(min-width: 0px) and (max-width: 480px) 480px, (min-width: 481px) and (max-width: 980px) 980px, (min-width: 981px) and (max-width: 1280px) 1280px, (min-width: 1281px) 1920px, 100vw\" class=\"wp-image-9738\" title=\"_A4A5656\" \/><span class=\"et_overlay\"><\/span><\/span><\/a><\/div><\/div><div class=\"et_pb_column_162 et_pb_column et_pb_column_1_2 et-last-child et_block_column et_pb_css_mix_blend_mode_passthrough\"><div class=\"et_pb_image_92 et_pb_image et_pb_has_overlay et_pb_module et_block_module\"><a href=\"https:\/\/msphotographics.de\/wp-content\/uploads\/2025\/06\/A4A5651.jpg\" class=\"et_pb_lightbox_image\"><span class=\"et_pb_image_wrap\"><img decoding=\"async\" src=\"https:\/\/msphotographics.de\/wp-content\/uploads\/2025\/06\/A4A5651.jpg\" width=\"1920\" height=\"1280\" srcset=\"https:\/\/msphotographics.de\/wp-content\/uploads\/2025\/06\/A4A5651.jpg 1920w, https:\/\/msphotographics.de\/wp-content\/uploads\/2025\/06\/A4A5651-1280x853.jpg 1280w, https:\/\/msphotographics.de\/wp-content\/uploads\/2025\/06\/A4A5651-980x653.jpg 980w, https:\/\/msphotographics.de\/wp-content\/uploads\/2025\/06\/A4A5651-480x320.jpg 480w\" sizes=\"(min-width: 0px) and (max-width: 480px) 480px, (min-width: 481px) and (max-width: 980px) 980px, (min-width: 981px) and (max-width: 1280px) 1280px, (min-width: 1281px) 1920px, 100vw\" class=\"wp-image-9737\" title=\"_A4A5651\" \/><span class=\"et_overlay\"><\/span><\/span><\/a><\/div><\/div><\/div><div class=\"et_pb_row_126 et_pb_row et_block_row\"><div class=\"et_pb_column_163 et_pb_column et_pb_column_4_4 et-last-child et_block_column et_pb_css_mix_blend_mode_passthrough\"><div class=\"et_pb_text_77 et_pb_text et_pb_bg_layout_light et_pb_module et_block_module\"><div class=\"et_pb_text_inner\"><p>Nippombashi bietet zahlreiche Arcade-Center mit klassischen und modernen Spielen, darunter Tanzspiele, Rennsimulationen und Crane-Games. Die Gegend ist auch bekannt f\u00fcr ihre Maid-Caf\u00e9s und Cosplay-Caf\u00e9s, in denen Besucher in die Welt ihrer Lieblingscharaktere eintauchen k\u00f6nnen.<\/p>\n<\/div><\/div><\/div><\/div><div class=\"et_pb_row_127 et_pb_row et_block_row\"><div class=\"et_pb_column_164 et_pb_column et_pb_column_1_2 et_block_column et_pb_css_mix_blend_mode_passthrough\"><div class=\"et_pb_image_93 et_pb_image et_pb_has_overlay et_pb_module et_block_module\"><a href=\"https:\/\/msphotographics.de\/wp-content\/uploads\/2025\/06\/A4A5663.jpg\" class=\"et_pb_lightbox_image\"><span class=\"et_pb_image_wrap\"><img decoding=\"async\" src=\"https:\/\/msphotographics.de\/wp-content\/uploads\/2025\/06\/A4A5663.jpg\" width=\"1920\" height=\"1280\" srcset=\"https:\/\/msphotographics.de\/wp-content\/uploads\/2025\/06\/A4A5663.jpg 1920w, https:\/\/msphotographics.de\/wp-content\/uploads\/2025\/06\/A4A5663-1280x853.jpg 1280w, https:\/\/msphotographics.de\/wp-content\/uploads\/2025\/06\/A4A5663-980x653.jpg 980w, https:\/\/msphotographics.de\/wp-content\/uploads\/2025\/06\/A4A5663-480x320.jpg 480w\" sizes=\"(min-width: 0px) and (max-width: 480px) 480px, (min-width: 481px) and (max-width: 980px) 980px, (min-width: 981px) and (max-width: 1280px) 1280px, (min-width: 1281px) 1920px, 100vw\" class=\"wp-image-9739\" title=\"_A4A5663\" \/><span class=\"et_overlay\"><\/span><\/span><\/a><\/div><\/div><div class=\"et_pb_column_165 et_pb_column et_pb_column_1_2 et-last-child et_block_column et_pb_css_mix_blend_mode_passthrough\"><div class=\"et_pb_image_94 et_pb_image et_pb_has_overlay et_pb_module et_block_module\"><a href=\"https:\/\/msphotographics.de\/wp-content\/uploads\/2025\/06\/A4A5672.jpg\" class=\"et_pb_lightbox_image\"><span class=\"et_pb_image_wrap\"><img decoding=\"async\" src=\"https:\/\/msphotographics.de\/wp-content\/uploads\/2025\/06\/A4A5672.jpg\" width=\"1920\" height=\"1280\" srcset=\"https:\/\/msphotographics.de\/wp-content\/uploads\/2025\/06\/A4A5672.jpg 1920w, https:\/\/msphotographics.de\/wp-content\/uploads\/2025\/06\/A4A5672-1280x853.jpg 1280w, https:\/\/msphotographics.de\/wp-content\/uploads\/2025\/06\/A4A5672-980x653.jpg 980w, https:\/\/msphotographics.de\/wp-content\/uploads\/2025\/06\/A4A5672-480x320.jpg 480w\" sizes=\"(min-width: 0px) and (max-width: 480px) 480px, (min-width: 481px) and (max-width: 980px) 980px, (min-width: 981px) and (max-width: 1280px) 1280px, (min-width: 1281px) 1920px, 100vw\" class=\"wp-image-9740\" title=\"_A4A5672\" \/><span class=\"et_overlay\"><\/span><\/span><\/a><\/div><\/div><\/div><div class=\"et_pb_row_128 et_pb_row et_block_row\"><div class=\"et_pb_column_166 et_pb_column et_pb_column_4_4 et-last-child et_block_column et_pb_css_mix_blend_mode_passthrough\"><div class=\"et_pb_text_78 et_pb_text et_pb_bg_layout_light et_pb_module et_block_module\"><div class=\"et_pb_text_inner\"><p>Ein Highlight ist das j\u00e4hrliche Nipponbashi Street Festa, das gr\u00f6\u00dfte Cosplay-Event Japans, bei dem Tausende von Teilnehmern in Kost\u00fcmen durch die Stra\u00dfen ziehen.<\/p>\n<\/div><\/div><\/div><\/div><div class=\"et_pb_row_129 et_pb_row et_block_row\"><div class=\"et_pb_column_167 et_pb_column et_pb_column_1_2 et_block_column et_pb_css_mix_blend_mode_passthrough\"><div class=\"et_pb_image_95 et_pb_image et_pb_has_overlay et_pb_module et_block_module\"><a href=\"https:\/\/msphotographics.de\/wp-content\/uploads\/2025\/06\/A4A5680.jpg\" class=\"et_pb_lightbox_image\"><span class=\"et_pb_image_wrap\"><img decoding=\"async\" src=\"https:\/\/msphotographics.de\/wp-content\/uploads\/2025\/06\/A4A5680.jpg\" width=\"1920\" height=\"1280\" srcset=\"https:\/\/msphotographics.de\/wp-content\/uploads\/2025\/06\/A4A5680.jpg 1920w, https:\/\/msphotographics.de\/wp-content\/uploads\/2025\/06\/A4A5680-1280x853.jpg 1280w, https:\/\/msphotographics.de\/wp-content\/uploads\/2025\/06\/A4A5680-980x653.jpg 980w, https:\/\/msphotographics.de\/wp-content\/uploads\/2025\/06\/A4A5680-480x320.jpg 480w\" sizes=\"(min-width: 0px) and (max-width: 480px) 480px, (min-width: 481px) and (max-width: 980px) 980px, (min-width: 981px) and (max-width: 1280px) 1280px, (min-width: 1281px) 1920px, 100vw\" class=\"wp-image-9741\" title=\"_A4A5680\" \/><span class=\"et_overlay\"><\/span><\/span><\/a><\/div><\/div><div class=\"et_pb_column_168 et_pb_column et_pb_column_1_2 et-last-child et_block_column et_pb_css_mix_blend_mode_passthrough\"><div class=\"et_pb_image_96 et_pb_image et_pb_has_overlay et_pb_module et_block_module\"><a href=\"https:\/\/msphotographics.de\/wp-content\/uploads\/2025\/06\/A4A5682.jpg\" class=\"et_pb_lightbox_image\"><span class=\"et_pb_image_wrap\"><img decoding=\"async\" src=\"https:\/\/msphotographics.de\/wp-content\/uploads\/2025\/06\/A4A5682.jpg\" width=\"1920\" height=\"1280\" srcset=\"https:\/\/msphotographics.de\/wp-content\/uploads\/2025\/06\/A4A5682.jpg 1920w, https:\/\/msphotographics.de\/wp-content\/uploads\/2025\/06\/A4A5682-1280x853.jpg 1280w, https:\/\/msphotographics.de\/wp-content\/uploads\/2025\/06\/A4A5682-980x653.jpg 980w, https:\/\/msphotographics.de\/wp-content\/uploads\/2025\/06\/A4A5682-480x320.jpg 480w\" sizes=\"(min-width: 0px) and (max-width: 480px) 480px, (min-width: 481px) and (max-width: 980px) 980px, (min-width: 981px) and (max-width: 1280px) 1280px, (min-width: 1281px) 1920px, 100vw\" class=\"wp-image-9742\" title=\"_A4A5682\" \/><span class=\"et_overlay\"><\/span><\/span><\/a><\/div><\/div><\/div><div class=\"et_pb_row_130 et_pb_row et_block_row\"><div class=\"et_pb_column_169 et_pb_column et_pb_column_4_4 et-last-child et_block_column et_pb_css_mix_blend_mode_passthrough\"><div class=\"et_pb_text_79 et_pb_text et_pb_bg_layout_light et_pb_module et_block_module\"><div class=\"et_pb_text_inner\"><p>Nippombashi ist ein Muss f\u00fcr Technikliebhaber, Anime-Fans und alle, die in die japanische Popkultur eintauchen m\u00f6chten. Mit seinen spezialisierten Gesch\u00e4ften, lebendigen Arcaden und einzigartigen Caf\u00e9s bietet der Stadtteil ein unverwechselbares Erlebnis. Ob beim St\u00f6bern nach seltenen Sammlerst\u00fccken oder beim Genie\u00dfen eines thematisierten Kaffees \u2013 Nippombashi hat f\u00fcr jeden etwas zu bieten.<\/p>\n<\/div><\/div><\/div><\/div><div class=\"et_pb_row_131 et_pb_row et_block_row\"><div class=\"et_pb_column_170 et_pb_column et_pb_column_4_4 et-last-child et_block_column et_pb_css_mix_blend_mode_passthrough\"><div class=\"et_pb_text_80 et_pb_text et_pb_bg_layout_light et_pb_module et_block_module\"><div class=\"et_pb_text_inner\"><h3>Fazit:<\/h3>\n<\/div><\/div><div class=\"et_pb_text_81 et_pb_text et_pb_bg_layout_light et_pb_module et_block_module\"><div class=\"et_pb_text_inner\"><p>F\u00fcnf Tage in Kyoto, Nara und Osaka bieten einen guten Einblick in die verschiedenen kulturellen, historischen aber auch modernen Facetten Japans.<\/p>\n<p>In f\u00fcnf Tagen l\u00e4sst sich bei Weitem nicht jedes Detail besichtigen, dennoch bekommt man einen faszinierenden \u00dcberblick, was das Land alles zu bieten hat und wo die Besonderheiten liegen.<\/p>\n<p>Zudem bieten die St\u00e4dte das perfekte Ma\u00df an Abwechslung und sind als Reiseziele neben Tokio absolut empfehlenswert.<\/p>\n<\/div><\/div><\/div><\/div><\/div>\n<!-- AddThis Advanced Settings generic via filter on the_content --><!-- AddThis Share Buttons generic via filter on the_content -->","protected":false},"excerpt":{"rendered":"<p><!-- AddThis Advanced Settings generic via filter on get_the_excerpt --><!-- AddThis Share Buttons generic via filter on get_the_excerpt --><\/p>\n","protected":false},"author":1,"featured_media":9613,"comment_status":"open","ping_status":"open","sticky":false,"template":"","format":"standard","meta":{"_et_pb_use_builder":"on","_et_pb_old_content":"","_et_gb_content_width":"","footnotes":""},"categories":[580,1],"tags":[],"class_list":["post-9675","post","type-post","status-publish","format-standard","has-post-thumbnail","hentry","category-japan","category-blog"],"yoast_head":"<!-- This site is optimized with the Yoast SEO Premium plugin v27.5 (Yoast SEO v27.5) - https:\/\/yoast.com\/product\/yoast-seo-premium-wordpress\/ -->\n<title>Fotografie, Reisen &amp; mehr &#8902; Kyoto, Nara und Osaka<\/title>\n<meta name=\"description\" content=\"In f\u00fcnf Tagen die unterschiedlichen kulturellen Facetten von Kyoto, Nara und Osaka erleben und mehr \u00fcber Japan erkunden\" \/>\n<meta name=\"robots\" content=\"index, follow, max-snippet:-1, max-image-preview:large, max-video-preview:-1\" \/>\n<link rel=\"canonical\" href=\"https:\/\/msphotographics.de\/de\/kyoto-nara-und-osaka\/\" \/>\n<meta property=\"og:locale\" content=\"de_DE\" \/>\n<meta property=\"og:type\" content=\"article\" \/>\n<meta property=\"og:title\" content=\"Kyoto, Nara und Osaka\" \/>\n<meta property=\"og:url\" content=\"https:\/\/msphotographics.de\/de\/kyoto-nara-und-osaka\/\" \/>\n<meta property=\"og:site_name\" content=\"Fotografie, Reisen &amp; mehr\" \/>\n<meta property=\"article:published_time\" content=\"2025-07-01T10:03:15+00:00\" \/>\n<meta property=\"article:modified_time\" content=\"2026-05-03T03:29:53+00:00\" \/>\n<meta property=\"og:image\" content=\"https:\/\/msphotographics.de\/wp-content\/uploads\/2025\/06\/A4A4803.jpg\" \/>\n\t<meta property=\"og:image:width\" content=\"1920\" \/>\n\t<meta property=\"og:image:height\" content=\"1280\" \/>\n\t<meta property=\"og:image:type\" content=\"image\/jpeg\" \/>\n<meta name=\"author\" content=\"M.S.Photographics\" \/>\n<meta name=\"twitter:card\" content=\"summary_large_image\" \/>\n<meta name=\"twitter:label1\" content=\"Verfasst von\" \/>\n\t<meta name=\"twitter:data1\" content=\"M.S.Photographics\" \/>\n\t<meta name=\"twitter:label2\" content=\"Gesch\u00e4tzte Lesezeit\" \/>\n\t<meta name=\"twitter:data2\" content=\"46\u00a0Minuten\" \/>\n<script type=\"application\/ld+json\" class=\"yoast-schema-graph\">{\"@context\":\"https:\\\/\\\/schema.org\",\"@graph\":[{\"@type\":\"Article\",\"@id\":\"https:\\\/\\\/msphotographics.de\\\/kyoto-nara-und-osaka\\\/#article\",\"isPartOf\":{\"@id\":\"https:\\\/\\\/msphotographics.de\\\/kyoto-nara-und-osaka\\\/\"},\"author\":{\"name\":\"M.S.Photographics\",\"@id\":\"https:\\\/\\\/msphotographics.de\\\/de\\\/#\\\/schema\\\/person\\\/995947ba8b7b2717c6f11f1b14b45e78\"},\"headline\":\"Kyoto, Nara und Osaka\",\"datePublished\":\"2025-07-01T10:03:15+00:00\",\"dateModified\":\"2026-05-03T03:29:53+00:00\",\"mainEntityOfPage\":{\"@id\":\"https:\\\/\\\/msphotographics.de\\\/kyoto-nara-und-osaka\\\/\"},\"wordCount\":200,\"commentCount\":0,\"publisher\":{\"@id\":\"https:\\\/\\\/msphotographics.de\\\/de\\\/#\\\/schema\\\/person\\\/995947ba8b7b2717c6f11f1b14b45e78\"},\"image\":{\"@id\":\"https:\\\/\\\/msphotographics.de\\\/kyoto-nara-und-osaka\\\/#primaryimage\"},\"thumbnailUrl\":\"https:\\\/\\\/msphotographics.de\\\/wp-content\\\/uploads\\\/2025\\\/06\\\/A4A4803.jpg\",\"articleSection\":[\"Japan\",\"Blog\"],\"inLanguage\":\"de\",\"potentialAction\":[{\"@type\":\"CommentAction\",\"name\":\"Comment\",\"target\":[\"https:\\\/\\\/msphotographics.de\\\/kyoto-nara-und-osaka\\\/#respond\"]}]},{\"@type\":\"WebPage\",\"@id\":\"https:\\\/\\\/msphotographics.de\\\/kyoto-nara-und-osaka\\\/\",\"url\":\"https:\\\/\\\/msphotographics.de\\\/kyoto-nara-und-osaka\\\/\",\"name\":\"Fotografie, Reisen &amp; mehr &#8902; Kyoto, Nara und Osaka\",\"isPartOf\":{\"@id\":\"https:\\\/\\\/msphotographics.de\\\/de\\\/#website\"},\"primaryImageOfPage\":{\"@id\":\"https:\\\/\\\/msphotographics.de\\\/kyoto-nara-und-osaka\\\/#primaryimage\"},\"image\":{\"@id\":\"https:\\\/\\\/msphotographics.de\\\/kyoto-nara-und-osaka\\\/#primaryimage\"},\"thumbnailUrl\":\"https:\\\/\\\/msphotographics.de\\\/wp-content\\\/uploads\\\/2025\\\/06\\\/A4A4803.jpg\",\"datePublished\":\"2025-07-01T10:03:15+00:00\",\"dateModified\":\"2026-05-03T03:29:53+00:00\",\"description\":\"In f\u00fcnf Tagen die unterschiedlichen kulturellen Facetten von Kyoto, Nara und Osaka erleben und mehr \u00fcber Japan erkunden\",\"breadcrumb\":{\"@id\":\"https:\\\/\\\/msphotographics.de\\\/kyoto-nara-und-osaka\\\/#breadcrumb\"},\"inLanguage\":\"de\",\"potentialAction\":[{\"@type\":\"ReadAction\",\"target\":[\"https:\\\/\\\/msphotographics.de\\\/kyoto-nara-und-osaka\\\/\"]}]},{\"@type\":\"ImageObject\",\"inLanguage\":\"de\",\"@id\":\"https:\\\/\\\/msphotographics.de\\\/kyoto-nara-und-osaka\\\/#primaryimage\",\"url\":\"https:\\\/\\\/msphotographics.de\\\/wp-content\\\/uploads\\\/2025\\\/06\\\/A4A4803.jpg\",\"contentUrl\":\"https:\\\/\\\/msphotographics.de\\\/wp-content\\\/uploads\\\/2025\\\/06\\\/A4A4803.jpg\",\"width\":1920,\"height\":1280},{\"@type\":\"BreadcrumbList\",\"@id\":\"https:\\\/\\\/msphotographics.de\\\/kyoto-nara-und-osaka\\\/#breadcrumb\",\"itemListElement\":[{\"@type\":\"ListItem\",\"position\":1,\"name\":\"Startseite\",\"item\":\"https:\\\/\\\/msphotographics.de\\\/\"},{\"@type\":\"ListItem\",\"position\":2,\"name\":\"Kyoto, Nara und Osaka\"}]},{\"@type\":\"WebSite\",\"@id\":\"https:\\\/\\\/msphotographics.de\\\/de\\\/#website\",\"url\":\"https:\\\/\\\/msphotographics.de\\\/de\\\/\",\"name\":\"Fotografie, Reisen &amp; mehr\",\"description\":\"msphotographics.de \u2013 Fotografie, Reisen &amp; mehr\",\"publisher\":{\"@id\":\"https:\\\/\\\/msphotographics.de\\\/de\\\/#\\\/schema\\\/person\\\/995947ba8b7b2717c6f11f1b14b45e78\"},\"potentialAction\":[{\"@type\":\"SearchAction\",\"target\":{\"@type\":\"EntryPoint\",\"urlTemplate\":\"https:\\\/\\\/msphotographics.de\\\/de\\\/?s={search_term_string}\"},\"query-input\":{\"@type\":\"PropertyValueSpecification\",\"valueRequired\":true,\"valueName\":\"search_term_string\"}}],\"inLanguage\":\"de\"},{\"@type\":[\"Person\",\"Organization\"],\"@id\":\"https:\\\/\\\/msphotographics.de\\\/de\\\/#\\\/schema\\\/person\\\/995947ba8b7b2717c6f11f1b14b45e78\",\"name\":\"M.S.Photographics\",\"image\":{\"@type\":\"ImageObject\",\"inLanguage\":\"de\",\"@id\":\"https:\\\/\\\/secure.gravatar.com\\\/avatar\\\/3058451759438ba90a082fe154ccc9e73b6793f476dacac396b9545b99eff8a3?s=96&d=mm&r=g\",\"url\":\"https:\\\/\\\/secure.gravatar.com\\\/avatar\\\/3058451759438ba90a082fe154ccc9e73b6793f476dacac396b9545b99eff8a3?s=96&d=mm&r=g\",\"contentUrl\":\"https:\\\/\\\/secure.gravatar.com\\\/avatar\\\/3058451759438ba90a082fe154ccc9e73b6793f476dacac396b9545b99eff8a3?s=96&d=mm&r=g\",\"caption\":\"M.S.Photographics\"},\"logo\":{\"@id\":\"https:\\\/\\\/secure.gravatar.com\\\/avatar\\\/3058451759438ba90a082fe154ccc9e73b6793f476dacac396b9545b99eff8a3?s=96&d=mm&r=g\"},\"sameAs\":[\"https:\\\/\\\/msphotographics.de\",\"https:\\\/\\\/www.instagram.com\\\/m.s.photographics\\\/\",\"https:\\\/\\\/www.youtube.com\\\/channel\\\/UC3KuRDk11lqPgeInWMM1daQ\"]}]}<\/script>\n<!-- \/ Yoast SEO Premium plugin. -->","yoast_head_json":{"title":"Fotografie, Reisen &amp; mehr &#8902; Kyoto, Nara und Osaka","description":"In f\u00fcnf Tagen die unterschiedlichen kulturellen Facetten von Kyoto, Nara und Osaka erleben und mehr \u00fcber Japan erkunden","robots":{"index":"index","follow":"follow","max-snippet":"max-snippet:-1","max-image-preview":"max-image-preview:large","max-video-preview":"max-video-preview:-1"},"canonical":"https:\/\/msphotographics.de\/de\/kyoto-nara-und-osaka\/","og_locale":"de_DE","og_type":"article","og_title":"Kyoto, Nara und Osaka","og_url":"https:\/\/msphotographics.de\/de\/kyoto-nara-und-osaka\/","og_site_name":"Fotografie, Reisen &amp; mehr","article_published_time":"2025-07-01T10:03:15+00:00","article_modified_time":"2026-05-03T03:29:53+00:00","og_image":[{"width":1920,"height":1280,"url":"https:\/\/msphotographics.de\/wp-content\/uploads\/2025\/06\/A4A4803.jpg","type":"image\/jpeg"}],"author":"M.S.Photographics","twitter_card":"summary_large_image","twitter_misc":{"Verfasst von":"M.S.Photographics","Gesch\u00e4tzte Lesezeit":"46\u00a0Minuten"},"schema":{"@context":"https:\/\/schema.org","@graph":[{"@type":"Article","@id":"https:\/\/msphotographics.de\/kyoto-nara-und-osaka\/#article","isPartOf":{"@id":"https:\/\/msphotographics.de\/kyoto-nara-und-osaka\/"},"author":{"name":"M.S.Photographics","@id":"https:\/\/msphotographics.de\/de\/#\/schema\/person\/995947ba8b7b2717c6f11f1b14b45e78"},"headline":"Kyoto, Nara und Osaka","datePublished":"2025-07-01T10:03:15+00:00","dateModified":"2026-05-03T03:29:53+00:00","mainEntityOfPage":{"@id":"https:\/\/msphotographics.de\/kyoto-nara-und-osaka\/"},"wordCount":200,"commentCount":0,"publisher":{"@id":"https:\/\/msphotographics.de\/de\/#\/schema\/person\/995947ba8b7b2717c6f11f1b14b45e78"},"image":{"@id":"https:\/\/msphotographics.de\/kyoto-nara-und-osaka\/#primaryimage"},"thumbnailUrl":"https:\/\/msphotographics.de\/wp-content\/uploads\/2025\/06\/A4A4803.jpg","articleSection":["Japan","Blog"],"inLanguage":"de","potentialAction":[{"@type":"CommentAction","name":"Comment","target":["https:\/\/msphotographics.de\/kyoto-nara-und-osaka\/#respond"]}]},{"@type":"WebPage","@id":"https:\/\/msphotographics.de\/kyoto-nara-und-osaka\/","url":"https:\/\/msphotographics.de\/kyoto-nara-und-osaka\/","name":"Fotografie, Reisen &amp; mehr &#8902; Kyoto, Nara und Osaka","isPartOf":{"@id":"https:\/\/msphotographics.de\/de\/#website"},"primaryImageOfPage":{"@id":"https:\/\/msphotographics.de\/kyoto-nara-und-osaka\/#primaryimage"},"image":{"@id":"https:\/\/msphotographics.de\/kyoto-nara-und-osaka\/#primaryimage"},"thumbnailUrl":"https:\/\/msphotographics.de\/wp-content\/uploads\/2025\/06\/A4A4803.jpg","datePublished":"2025-07-01T10:03:15+00:00","dateModified":"2026-05-03T03:29:53+00:00","description":"In f\u00fcnf Tagen die unterschiedlichen kulturellen Facetten von Kyoto, Nara und Osaka erleben und mehr \u00fcber Japan erkunden","breadcrumb":{"@id":"https:\/\/msphotographics.de\/kyoto-nara-und-osaka\/#breadcrumb"},"inLanguage":"de","potentialAction":[{"@type":"ReadAction","target":["https:\/\/msphotographics.de\/kyoto-nara-und-osaka\/"]}]},{"@type":"ImageObject","inLanguage":"de","@id":"https:\/\/msphotographics.de\/kyoto-nara-und-osaka\/#primaryimage","url":"https:\/\/msphotographics.de\/wp-content\/uploads\/2025\/06\/A4A4803.jpg","contentUrl":"https:\/\/msphotographics.de\/wp-content\/uploads\/2025\/06\/A4A4803.jpg","width":1920,"height":1280},{"@type":"BreadcrumbList","@id":"https:\/\/msphotographics.de\/kyoto-nara-und-osaka\/#breadcrumb","itemListElement":[{"@type":"ListItem","position":1,"name":"Startseite","item":"https:\/\/msphotographics.de\/"},{"@type":"ListItem","position":2,"name":"Kyoto, Nara und Osaka"}]},{"@type":"WebSite","@id":"https:\/\/msphotographics.de\/de\/#website","url":"https:\/\/msphotographics.de\/de\/","name":"Fotografie, Reisen &amp; mehr","description":"msphotographics.de \u2013 Fotografie, Reisen &amp; mehr","publisher":{"@id":"https:\/\/msphotographics.de\/de\/#\/schema\/person\/995947ba8b7b2717c6f11f1b14b45e78"},"potentialAction":[{"@type":"SearchAction","target":{"@type":"EntryPoint","urlTemplate":"https:\/\/msphotographics.de\/de\/?s={search_term_string}"},"query-input":{"@type":"PropertyValueSpecification","valueRequired":true,"valueName":"search_term_string"}}],"inLanguage":"de"},{"@type":["Person","Organization"],"@id":"https:\/\/msphotographics.de\/de\/#\/schema\/person\/995947ba8b7b2717c6f11f1b14b45e78","name":"M.S.Photographics","image":{"@type":"ImageObject","inLanguage":"de","@id":"https:\/\/secure.gravatar.com\/avatar\/3058451759438ba90a082fe154ccc9e73b6793f476dacac396b9545b99eff8a3?s=96&d=mm&r=g","url":"https:\/\/secure.gravatar.com\/avatar\/3058451759438ba90a082fe154ccc9e73b6793f476dacac396b9545b99eff8a3?s=96&d=mm&r=g","contentUrl":"https:\/\/secure.gravatar.com\/avatar\/3058451759438ba90a082fe154ccc9e73b6793f476dacac396b9545b99eff8a3?s=96&d=mm&r=g","caption":"M.S.Photographics"},"logo":{"@id":"https:\/\/secure.gravatar.com\/avatar\/3058451759438ba90a082fe154ccc9e73b6793f476dacac396b9545b99eff8a3?s=96&d=mm&r=g"},"sameAs":["https:\/\/msphotographics.de","https:\/\/www.instagram.com\/m.s.photographics\/","https:\/\/www.youtube.com\/channel\/UC3KuRDk11lqPgeInWMM1daQ"]}]}},"_links":{"self":[{"href":"https:\/\/msphotographics.de\/de\/wp-json\/wp\/v2\/posts\/9675","targetHints":{"allow":["GET"]}}],"collection":[{"href":"https:\/\/msphotographics.de\/de\/wp-json\/wp\/v2\/posts"}],"about":[{"href":"https:\/\/msphotographics.de\/de\/wp-json\/wp\/v2\/types\/post"}],"author":[{"embeddable":true,"href":"https:\/\/msphotographics.de\/de\/wp-json\/wp\/v2\/users\/1"}],"replies":[{"embeddable":true,"href":"https:\/\/msphotographics.de\/de\/wp-json\/wp\/v2\/comments?post=9675"}],"version-history":[{"count":1,"href":"https:\/\/msphotographics.de\/de\/wp-json\/wp\/v2\/posts\/9675\/revisions"}],"predecessor-version":[{"id":11111,"href":"https:\/\/msphotographics.de\/de\/wp-json\/wp\/v2\/posts\/9675\/revisions\/11111"}],"wp:featuredmedia":[{"embeddable":true,"href":"https:\/\/msphotographics.de\/de\/wp-json\/wp\/v2\/media\/9613"}],"wp:attachment":[{"href":"https:\/\/msphotographics.de\/de\/wp-json\/wp\/v2\/media?parent=9675"}],"wp:term":[{"taxonomy":"category","embeddable":true,"href":"https:\/\/msphotographics.de\/de\/wp-json\/wp\/v2\/categories?post=9675"},{"taxonomy":"post_tag","embeddable":true,"href":"https:\/\/msphotographics.de\/de\/wp-json\/wp\/v2\/tags?post=9675"}],"curies":[{"name":"wp","href":"https:\/\/api.w.org\/{rel}","templated":true}]}}