{"id":6487,"date":"2022-07-08T12:00:00","date_gmt":"2022-07-08T10:00:00","guid":{"rendered":"https:\/\/msphotographics.de\/?p=6487"},"modified":"2023-02-10T03:11:26","modified_gmt":"2023-02-10T02:11:26","slug":"staedtereise-spanien-mit-der-bahn-sevilla","status":"publish","type":"post","link":"https:\/\/msphotographics.de\/en\/staedtereise-spanien-mit-der-bahn-sevilla\/","title":{"rendered":"City trip Spain by train \u2013 Seville"},"content":{"rendered":"\n\n\n[et_pb_section fb_built=&#8220;1&#8243; _builder_version=&#8220;4.16&#8243; _module_preset=&#8220;default&#8220; global_colors_info=&#8220;{}&#8220; theme_builder_area=&#8220;post_content&#8220;][et_pb_row _builder_version=&#8220;4.16&#8243; _module_preset=&#8220;default&#8220; global_colors_info=&#8220;{}&#8220; theme_builder_area=&#8220;post_content&#8220;][et_pb_column type=&#8220;4_4&#8243; _builder_version=&#8220;4.16&#8243; _module_preset=&#8220;default&#8220; global_colors_info=&#8220;{}&#8220; theme_builder_area=&#8220;post_content&#8220;][et_pb_text _builder_version=&#8220;4.17.4&#8243; _module_preset=&#8220;default&#8220; header_font=&#8220;Roboto|700|||||||&#8220; header_2_font=&#8220;Roboto|700|||||||&#8220; header_3_font=&#8220;Roboto|700|||||||&#8220; global_colors_info=&#8220;{}&#8220; theme_builder_area=&#8220;post_content&#8220;]<h3>St\u00e4dtereise Spanien mit der Bahn &#8211; Reiseplanung:<\/h3>[\/et_pb_text][et_pb_text _builder_version=&#8220;4.17.4&#8243; _module_preset=&#8220;default&#8220; text_font=&#8220;Roboto|500|||||||&#8220; text_font_size=&#8220;16px&#8220; custom_padding=&#8220;0px|||||&#8220; global_colors_info=&#8220;{}&#8220; theme_builder_area=&#8220;post_content&#8220;]F\u00fcr die St\u00e4dtereise mit der Bahn durch Spanien war eine Woche geplant. Die Anreise nach Barcelona, dem Ausgangspunkt der Tour, erfolgte mit dem Flugzeug, von Deutschland aus.\n\nVon <a href=\"https:\/\/msphotographics.de\/de\/staedtereise-spanien-mit-der-bahn-barcelona\/\">Barcelona<\/a> geht es, nach zweit\u00e4gigem Aufenthalt, mit der Bahn \u00fcber <a href=\"https:\/\/msphotographics.de\/de\/?p=6482\/\">Granada<\/a> und <a href=\"https:\/\/msphotographics.de\/de\/?p=6485\/\">C\u00f3rdoba<\/a> nach <a href=\"https:\/\/msphotographics.de\/de\/?p=6487\/\">Sevilla<\/a>.\n\nDie <a href=\"https:\/\/www.renfe.com\/es\/en\">Spanische Bahn<\/a> bietet f\u00fcr St\u00e4dtereisen spezielle P\u00e4sse an, mit denen mehrere Fahrten in verschiedenen Zugtypen kombiniert werden k\u00f6nnen. Das macht eine Reise angenehm und kosteng\u00fcnstig.[\/et_pb_text][\/et_pb_column][\/et_pb_row][et_pb_row _builder_version=&#8220;4.16&#8243; _module_preset=&#8220;default&#8220; global_colors_info=&#8220;{}&#8220; theme_builder_area=&#8220;post_content&#8220;][et_pb_column type=&#8220;4_4&#8243; _builder_version=&#8220;4.16&#8243; _module_preset=&#8220;default&#8220; global_colors_info=&#8220;{}&#8220; theme_builder_area=&#8220;post_content&#8220;][et_pb_text _builder_version=&#8220;4.17.4&#8243; _module_preset=&#8220;default&#8220; header_font=&#8220;Roboto|700|||||||&#8220; header_2_font=&#8220;Roboto|700|||||||&#8220; header_3_font=&#8220;Roboto|700|||||||&#8220; global_colors_info=&#8220;{}&#8220; theme_builder_area=&#8220;post_content&#8220;]<h3>Ankunft in Sevilla:<\/h3>[\/et_pb_text][dsm_embed_google_map address=&#8220;Fernando III Sevilla, Spanien&#8220; zoom=&#8220;14&#8243; _builder_version=&#8220;4.17.4&#8243; _module_preset=&#8220;default&#8220; link_option_url=&#8220;<iframe src=%22https:\/\/www.google.com\/maps\/embed?pb=!1m18!1m12!1m3!1d64509.29969582769!2d127.44873395306291!3d42.090590809438595!2m3!1f0!2f0!3f0!3m2!1i1024!2i768!4f13.1!3m3!1m2!1s0x5e349d54d30ad683%3A0xb6d718c30323a170!2sChangbai%20Mountain%20Wanda%20Holiday%20Holiday%20Hotel%20Parking%20Lot!5e1!3m2!1sde!2s!4v1632408277628!5m2!1sde!2s%22 width=%22600%22 height=%22450%22 style=%22border:0;%22 allowfullscreen=%22%22 loading=%22lazy%22><\/iframe>&#8220; border_radii=&#8220;on|8px|8px|8px|8px&#8220; box_shadow_style=&#8220;preset3&#8243; box_shadow_vertical=&#8220;16px&#8220; box_shadow_blur=&#8220;96px&#8220; box_shadow_spread=&#8220;-24px&#8220; global_colors_info=&#8220;{}&#8220; theme_builder_area=&#8220;post_content&#8220;][\/dsm_embed_google_map][\/et_pb_column][\/et_pb_row][et_pb_row _builder_version=&#8220;4.17.4&#8243; _module_preset=&#8220;default&#8220; global_colors_info=&#8220;{}&#8220; theme_builder_area=&#8220;post_content&#8220;][et_pb_column type=&#8220;4_4&#8243; _builder_version=&#8220;4.16&#8243; _module_preset=&#8220;default&#8220; global_colors_info=&#8220;{}&#8220; theme_builder_area=&#8220;post_content&#8220;][et_pb_image src=&#8220;https:\/\/msphotographics.de\/wp-content\/uploads\/2022\/06\/IMG_9703.jpg&#8220; title_text=&#8220;IMG_9703&#8243; show_in_lightbox=&#8220;on&#8220; use_overlay=&#8220;on&#8220; overlay_icon_color=&#8220;#000000&#8243; hover_overlay_color=&#8220;rgba(0,0,0,0.2)&#8220; _builder_version=&#8220;4.17.4&#8243; border_radii=&#8220;on|8px|8px|8px|8px&#8220; box_shadow_style=&#8220;preset3&#8243; box_shadow_vertical=&#8220;16px&#8220; box_shadow_blur=&#8220;96px&#8220; box_shadow_spread=&#8220;-24px&#8220; global_colors_info=&#8220;{}&#8220; theme_builder_area=&#8220;post_content&#8220;][\/et_pb_image][\/et_pb_column][\/et_pb_row][et_pb_row _builder_version=&#8220;4.16&#8243; _module_preset=&#8220;default&#8220; global_colors_info=&#8220;{}&#8220; theme_builder_area=&#8220;post_content&#8220;][et_pb_column type=&#8220;4_4&#8243; _builder_version=&#8220;4.16&#8243; _module_preset=&#8220;default&#8220; global_colors_info=&#8220;{}&#8220; theme_builder_area=&#8220;post_content&#8220;][et_pb_text _builder_version=&#8220;4.17.4&#8243; _module_preset=&#8220;default&#8220; text_font=&#8220;Roboto||||||||&#8220; text_font_size=&#8220;16px&#8220; global_colors_info=&#8220;{}&#8220; theme_builder_area=&#8220;post_content&#8220;]<p>In Sevilla habe ich f\u00fcr zwei \u00dcbernachtungen das <a href=\"https:\/\/www.booking.com\/hotel\/es\/fernando3.de.html?aid=304142&amp;label=gen173nr-1FCAEoggI46AdIM1gEaFCIAQGYAQe4ARfIAQ_YAQHoAQH4AQuIAgGoAgO4Armm4JUGwAIB0gIkOGM2MTE3ZTMtMzJlNi00ZTA5LWFmN2QtMTgwNzk2MmViZjE52AIG4AIB&amp;sid=64a704ec0df6e6cee887e682a3604812&amp;dest_id=90213;dest_type=hotel;dist=0;group_adults=2;group_children=0;hapos=1;hpos=1;no_rooms=1;req_adults=2;req_children=0;room1=A%2CA;sb_price_type=total;sr_order=popularity;srepoch=1656230877;srpvid=938c392d764700f3;type=total;ucfs=1&amp;#hotelTmpl\">Hotel Fernando III<\/a> gebucht. Es liegt im historischen Stadtviertel Santa Cruz und ist vom Bahnhof nur einen guten Kilometer entfernt.<\/p>\n<p>Einige Sehensw\u00fcrdigkeiten, wie die G\u00e4rten des Alc\u00e1zer befinden sich in unmittelbarer N\u00e4he.<\/p>[\/et_pb_text][\/et_pb_column][\/et_pb_row][et_pb_row column_structure=&#8220;1_2,1_2&#8243; _builder_version=&#8220;4.17.4&#8243; _module_preset=&#8220;default&#8220; global_colors_info=&#8220;{}&#8220; theme_builder_area=&#8220;post_content&#8220;][et_pb_column type=&#8220;1_2&#8243; _builder_version=&#8220;4.17.4&#8243; _module_preset=&#8220;default&#8220; global_colors_info=&#8220;{}&#8220; theme_builder_area=&#8220;post_content&#8220;][et_pb_image src=&#8220;https:\/\/msphotographics.de\/wp-content\/uploads\/2022\/06\/IMG_9708.jpg&#8220; title_text=&#8220;IMG_9708&#8243; show_in_lightbox=&#8220;on&#8220; use_overlay=&#8220;on&#8220; overlay_icon_color=&#8220;#000000&#8243; hover_overlay_color=&#8220;rgba(0,0,0,0.2)&#8220; _builder_version=&#8220;4.17.4&#8243; border_radii=&#8220;on|8px|8px|8px|8px&#8220; box_shadow_style=&#8220;preset3&#8243; box_shadow_vertical=&#8220;16px&#8220; box_shadow_blur=&#8220;96px&#8220; box_shadow_spread=&#8220;-24px&#8220; global_colors_info=&#8220;{}&#8220; theme_builder_area=&#8220;post_content&#8220;][\/et_pb_image][\/et_pb_column][et_pb_column type=&#8220;1_2&#8243; _builder_version=&#8220;4.17.4&#8243; _module_preset=&#8220;default&#8220; global_colors_info=&#8220;{}&#8220; theme_builder_area=&#8220;post_content&#8220;][et_pb_image src=&#8220;https:\/\/msphotographics.de\/wp-content\/uploads\/2022\/06\/IMG_9706.jpg&#8220; title_text=&#8220;IMG_9706&#8243; show_in_lightbox=&#8220;on&#8220; use_overlay=&#8220;on&#8220; overlay_icon_color=&#8220;#000000&#8243; hover_overlay_color=&#8220;rgba(0,0,0,0.2)&#8220; _builder_version=&#8220;4.17.4&#8243; border_radii=&#8220;on|8px|8px|8px|8px&#8220; box_shadow_style=&#8220;preset3&#8243; box_shadow_vertical=&#8220;16px&#8220; box_shadow_blur=&#8220;96px&#8220; box_shadow_spread=&#8220;-24px&#8220; global_colors_info=&#8220;{}&#8220; theme_builder_area=&#8220;post_content&#8220;][\/et_pb_image][\/et_pb_column][\/et_pb_row][et_pb_row _builder_version=&#8220;4.16&#8243; _module_preset=&#8220;default&#8220; global_colors_info=&#8220;{}&#8220; theme_builder_area=&#8220;post_content&#8220;][et_pb_column type=&#8220;4_4&#8243; _builder_version=&#8220;4.16&#8243; _module_preset=&#8220;default&#8220; global_colors_info=&#8220;{}&#8220; theme_builder_area=&#8220;post_content&#8220;][et_pb_text _builder_version=&#8220;4.17.4&#8243; _module_preset=&#8220;default&#8220; text_font=&#8220;Roboto||||||||&#8220; text_font_size=&#8220;16px&#8220; global_colors_info=&#8220;{}&#8220; theme_builder_area=&#8220;post_content&#8220;]<p>Die Unterkunft verf\u00fcgt \u00fcber eine Dachterrasse mit Swimmingpool und herrlichem Ausblick \u00fcber die D\u00e4cher Sevillas. Leider ist der Pool nur w\u00e4hrend der Sommermonate, von Juni bis September, ge\u00f6ffnet. Denn, auf Grund der hei\u00dfen Sommermonate ist attraktivste Zeit, die Stadt zu besuchen, eigentlich der Fr\u00fchling.<\/p>\n<p>Das im Preis enthaltene Fr\u00fchst\u00fccksbuffet ist reichhaltig, frisch und lecker.<\/p>[\/et_pb_text][\/et_pb_column][\/et_pb_row][et_pb_row _builder_version=&#8220;4.16&#8243; _module_preset=&#8220;default&#8220; global_colors_info=&#8220;{}&#8220; theme_builder_area=&#8220;post_content&#8220;][et_pb_column type=&#8220;4_4&#8243; _builder_version=&#8220;4.16&#8243; _module_preset=&#8220;default&#8220; global_colors_info=&#8220;{}&#8220; theme_builder_area=&#8220;post_content&#8220;][et_pb_text _builder_version=&#8220;4.17.4&#8243; _module_preset=&#8220;default&#8220; header_font=&#8220;Roboto|700|||||||&#8220; header_2_font=&#8220;Roboto|700|||||||&#8220; header_3_font=&#8220;Roboto|700|||||||&#8220; global_colors_info=&#8220;{}&#8220; theme_builder_area=&#8220;post_content&#8220;]<h3>Zu Fu\u00df durch Sevilla:<\/h3>[\/et_pb_text][\/et_pb_column][\/et_pb_row][et_pb_row column_structure=&#8220;1_2,1_2&#8243; _builder_version=&#8220;4.16&#8243; _module_preset=&#8220;default&#8220; global_colors_info=&#8220;{}&#8220; theme_builder_area=&#8220;post_content&#8220;][et_pb_column type=&#8220;1_2&#8243; _builder_version=&#8220;4.16&#8243; _module_preset=&#8220;default&#8220; global_colors_info=&#8220;{}&#8220; theme_builder_area=&#8220;post_content&#8220;][et_pb_image src=&#8220;https:\/\/msphotographics.de\/wp-content\/uploads\/2022\/06\/IMG_9548.jpg&#8220; title_text=&#8220;IMG_9548&#8243; show_in_lightbox=&#8220;on&#8220; use_overlay=&#8220;on&#8220; overlay_icon_color=&#8220;#000000&#8243; hover_overlay_color=&#8220;rgba(0,0,0,0.2)&#8220; _builder_version=&#8220;4.17.4&#8243; border_radii=&#8220;on|8px|8px|8px|8px&#8220; box_shadow_style=&#8220;preset3&#8243; box_shadow_vertical=&#8220;16px&#8220; box_shadow_blur=&#8220;96px&#8220; box_shadow_spread=&#8220;-24px&#8220; global_colors_info=&#8220;{}&#8220; theme_builder_area=&#8220;post_content&#8220;][\/et_pb_image][\/et_pb_column][et_pb_column type=&#8220;1_2&#8243; _builder_version=&#8220;4.16&#8243; _module_preset=&#8220;default&#8220; global_colors_info=&#8220;{}&#8220; theme_builder_area=&#8220;post_content&#8220;][et_pb_image src=&#8220;https:\/\/msphotographics.de\/wp-content\/uploads\/2022\/06\/IMG_9577.jpg&#8220; title_text=&#8220;IMG_9577&#8243; show_in_lightbox=&#8220;on&#8220; use_overlay=&#8220;on&#8220; overlay_icon_color=&#8220;#000000&#8243; hover_overlay_color=&#8220;rgba(0,0,0,0.2)&#8220; _builder_version=&#8220;4.17.4&#8243; border_radii=&#8220;on|8px|8px|8px|8px&#8220; box_shadow_style=&#8220;preset3&#8243; box_shadow_vertical=&#8220;16px&#8220; box_shadow_blur=&#8220;96px&#8220; box_shadow_spread=&#8220;-24px&#8220; global_colors_info=&#8220;{}&#8220; theme_builder_area=&#8220;post_content&#8220;][\/et_pb_image][\/et_pb_column][\/et_pb_row][et_pb_row _builder_version=&#8220;4.16&#8243; _module_preset=&#8220;default&#8220; global_colors_info=&#8220;{}&#8220; theme_builder_area=&#8220;post_content&#8220;][et_pb_column type=&#8220;4_4&#8243; _builder_version=&#8220;4.16&#8243; _module_preset=&#8220;default&#8220; global_colors_info=&#8220;{}&#8220; theme_builder_area=&#8220;post_content&#8220;][et_pb_text _builder_version=&#8220;4.17.4&#8243; _module_preset=&#8220;default&#8220; text_font=&#8220;Roboto||||||||&#8220; text_font_size=&#8220;16px&#8220; global_colors_info=&#8220;{}&#8220; theme_builder_area=&#8220;post_content&#8220;]<p>Obwohl es in Sevilla eine U-Bahn gibt, sollte man die Altstadt m\u00f6glichst zu Fu\u00df erkunden. Es gibt reichlich zu entdecken, was bei der Fahrt im Untergrund nicht m\u00f6glich ist. Zudem kann man an der Oberfl\u00e4che das traumhafte, sommerliche Wetter genie\u00dfen.<\/p>[\/et_pb_text][\/et_pb_column][\/et_pb_row][et_pb_row column_structure=&#8220;1_2,1_2&#8243; _builder_version=&#8220;4.17.4&#8243; _module_preset=&#8220;default&#8220; global_colors_info=&#8220;{}&#8220; theme_builder_area=&#8220;post_content&#8220;][et_pb_column type=&#8220;1_2&#8243; _builder_version=&#8220;4.16&#8243; _module_preset=&#8220;default&#8220; global_colors_info=&#8220;{}&#8220; theme_builder_area=&#8220;post_content&#8220;][et_pb_image src=&#8220;https:\/\/msphotographics.de\/wp-content\/uploads\/2022\/06\/IMG_9549.jpg&#8220; title_text=&#8220;IMG_9549&#8243; show_in_lightbox=&#8220;on&#8220; use_overlay=&#8220;on&#8220; overlay_icon_color=&#8220;#000000&#8243; hover_overlay_color=&#8220;rgba(0,0,0,0.2)&#8220; _builder_version=&#8220;4.17.4&#8243; border_radii=&#8220;on|8px|8px|8px|8px&#8220; box_shadow_style=&#8220;preset3&#8243; box_shadow_vertical=&#8220;16px&#8220; box_shadow_blur=&#8220;96px&#8220; box_shadow_spread=&#8220;-24px&#8220; global_colors_info=&#8220;{}&#8220; theme_builder_area=&#8220;post_content&#8220;][\/et_pb_image][\/et_pb_column][et_pb_column type=&#8220;1_2&#8243; _builder_version=&#8220;4.16&#8243; _module_preset=&#8220;default&#8220; global_colors_info=&#8220;{}&#8220; theme_builder_area=&#8220;post_content&#8220;][et_pb_image src=&#8220;https:\/\/msphotographics.de\/wp-content\/uploads\/2022\/06\/IMG_9566.jpg&#8220; title_text=&#8220;IMG_9566&#8243; show_in_lightbox=&#8220;on&#8220; use_overlay=&#8220;on&#8220; overlay_icon_color=&#8220;#000000&#8243; hover_overlay_color=&#8220;rgba(0,0,0,0.2)&#8220; _builder_version=&#8220;4.17.4&#8243; border_radii=&#8220;on|8px|8px|8px|8px&#8220; box_shadow_style=&#8220;preset3&#8243; box_shadow_vertical=&#8220;16px&#8220; box_shadow_blur=&#8220;96px&#8220; box_shadow_spread=&#8220;-24px&#8220; global_colors_info=&#8220;{}&#8220; theme_builder_area=&#8220;post_content&#8220;][\/et_pb_image][et_pb_image src=&#8220;https:\/\/msphotographics.de\/wp-content\/uploads\/2022\/06\/IMG_9897.jpg&#8220; title_text=&#8220;IMG_9897&#8243; show_in_lightbox=&#8220;on&#8220; use_overlay=&#8220;on&#8220; overlay_icon_color=&#8220;#000000&#8243; hover_overlay_color=&#8220;rgba(0,0,0,0.2)&#8220; _builder_version=&#8220;4.17.4&#8243; custom_margin=&#8220;76px||||false|false&#8220; border_radii=&#8220;on|8px|8px|8px|8px&#8220; box_shadow_style=&#8220;preset3&#8243; box_shadow_vertical=&#8220;16px&#8220; box_shadow_blur=&#8220;96px&#8220; box_shadow_spread=&#8220;-24px&#8220; global_colors_info=&#8220;{}&#8220; theme_builder_area=&#8220;post_content&#8220;][\/et_pb_image][\/et_pb_column][\/et_pb_row][et_pb_row _builder_version=&#8220;4.17.4&#8243; _module_preset=&#8220;default&#8220; global_colors_info=&#8220;{}&#8220; theme_builder_area=&#8220;post_content&#8220;][et_pb_column type=&#8220;4_4&#8243; _builder_version=&#8220;4.17.4&#8243; _module_preset=&#8220;default&#8220; global_colors_info=&#8220;{}&#8220; theme_builder_area=&#8220;post_content&#8220;][et_pb_text _builder_version=&#8220;4.17.4&#8243; _module_preset=&#8220;default&#8220; text_font=&#8220;Roboto||||||||&#8220; text_font_size=&#8220;16px&#8220; global_colors_info=&#8220;{}&#8220; theme_builder_area=&#8220;post_content&#8220;]<p>Besonders in den schmalen, gepflasterten Stra\u00dfen kann man viel vom Flair der Hauptstadt Andalusiens mitbekommen.<\/p>[\/et_pb_text][\/et_pb_column][\/et_pb_row][et_pb_row _builder_version=&#8220;4.16&#8243; _module_preset=&#8220;default&#8220; global_colors_info=&#8220;{}&#8220; theme_builder_area=&#8220;post_content&#8220;][et_pb_column type=&#8220;4_4&#8243; _builder_version=&#8220;4.16&#8243; _module_preset=&#8220;default&#8220; global_colors_info=&#8220;{}&#8220; theme_builder_area=&#8220;post_content&#8220;][et_pb_text _builder_version=&#8220;4.17.4&#8243; _module_preset=&#8220;default&#8220; header_font=&#8220;Roboto|700|||||||&#8220; header_2_font=&#8220;Roboto|700|||||||&#8220; header_3_font=&#8220;Roboto|700|||||||&#8220; global_colors_info=&#8220;{}&#8220; theme_builder_area=&#8220;post_content&#8220;]<h3>Die G\u00e4rten des Alc\u00e1zar:<\/h3>[\/et_pb_text][dsm_embed_google_map address=&#8220;Alcazar Sevilla, Spanien&#8220; zoom=&#8220;12&#8243; _builder_version=&#8220;4.17.4&#8243; _module_preset=&#8220;default&#8220; link_option_url=&#8220;<iframe src=%22https:\/\/www.google.com\/maps\/embed?pb=!1m18!1m12!1m3!1d64509.29969582769!2d127.44873395306291!3d42.090590809438595!2m3!1f0!2f0!3f0!3m2!1i1024!2i768!4f13.1!3m3!1m2!1s0x5e349d54d30ad683%3A0xb6d718c30323a170!2sChangbai%20Mountain%20Wanda%20Holiday%20Holiday%20Hotel%20Parking%20Lot!5e1!3m2!1sde!2s!4v1632408277628!5m2!1sde!2s%22 width=%22600%22 height=%22450%22 style=%22border:0;%22 allowfullscreen=%22%22 loading=%22lazy%22><\/iframe>&#8220; border_radii=&#8220;on|8px|8px|8px|8px&#8220; box_shadow_style=&#8220;preset3&#8243; box_shadow_vertical=&#8220;16px&#8220; box_shadow_blur=&#8220;96px&#8220; box_shadow_spread=&#8220;-24px&#8220; global_colors_info=&#8220;{}&#8220; theme_builder_area=&#8220;post_content&#8220;][\/dsm_embed_google_map][\/et_pb_column][\/et_pb_row][et_pb_row _builder_version=&#8220;4.17.4&#8243; _module_preset=&#8220;default&#8220; global_colors_info=&#8220;{}&#8220; theme_builder_area=&#8220;post_content&#8220;][et_pb_column type=&#8220;4_4&#8243; _builder_version=&#8220;4.16&#8243; _module_preset=&#8220;default&#8220; global_colors_info=&#8220;{}&#8220; theme_builder_area=&#8220;post_content&#8220;][et_pb_image src=&#8220;https:\/\/msphotographics.de\/wp-content\/uploads\/2022\/06\/IMG_9582.jpg&#8220; title_text=&#8220;IMG_9582&#8243; show_in_lightbox=&#8220;on&#8220; use_overlay=&#8220;on&#8220; overlay_icon_color=&#8220;#000000&#8243; hover_overlay_color=&#8220;rgba(0,0,0,0.2)&#8220; _builder_version=&#8220;4.17.4&#8243; border_radii=&#8220;on|8px|8px|8px|8px&#8220; box_shadow_style=&#8220;preset3&#8243; box_shadow_vertical=&#8220;16px&#8220; box_shadow_blur=&#8220;96px&#8220; box_shadow_spread=&#8220;-24px&#8220; global_colors_info=&#8220;{}&#8220; theme_builder_area=&#8220;post_content&#8220;][\/et_pb_image][\/et_pb_column][\/et_pb_row][et_pb_row _builder_version=&#8220;4.16&#8243; _module_preset=&#8220;default&#8220; global_colors_info=&#8220;{}&#8220; theme_builder_area=&#8220;post_content&#8220;][et_pb_column type=&#8220;4_4&#8243; _builder_version=&#8220;4.16&#8243; _module_preset=&#8220;default&#8220; global_colors_info=&#8220;{}&#8220; theme_builder_area=&#8220;post_content&#8220;][et_pb_text _builder_version=&#8220;4.17.4&#8243; _module_preset=&#8220;default&#8220; text_font=&#8220;Roboto||||||||&#8220; text_font_size=&#8220;16px&#8220; global_colors_info=&#8220;{}&#8220; theme_builder_area=&#8220;post_content&#8220;]<p>Der mittelalterliche K\u00f6nigspalast <a href=\"https:\/\/de.wikipedia.org\/wiki\/Alc%C3%A1zar_(Sevilla)\">Alc\u00e1zar<\/a> und seine G\u00e4rten sind eine der bedeutendsten Sehensw\u00fcrdigkeiten Sevillas.<\/p>\n<p>Der Gro\u00dfteil der heute noch erhaltenen Anlage wurde ab 1364 auf maurischen Ruinen im Mud\u00e9jar-Architekturstil errichtet. Es ist heute eines der am besten erhaltenen Bauwerke dieser Stilrichtung und wurde 1987 zum UNESCO Welterbe ernannt.<\/p>[\/et_pb_text][\/et_pb_column][\/et_pb_row][et_pb_row column_structure=&#8220;1_4,1_4,1_4,1_4&#8243; _builder_version=&#8220;4.17.4&#8243; _module_preset=&#8220;default&#8220; global_colors_info=&#8220;{}&#8220; theme_builder_area=&#8220;post_content&#8220;][et_pb_column type=&#8220;1_4&#8243; _builder_version=&#8220;4.16&#8243; _module_preset=&#8220;default&#8220; global_colors_info=&#8220;{}&#8220; theme_builder_area=&#8220;post_content&#8220;][et_pb_image src=&#8220;https:\/\/msphotographics.de\/wp-content\/uploads\/2022\/06\/IMG_9621.jpg&#8220; title_text=&#8220;IMG_9621&#8243; show_in_lightbox=&#8220;on&#8220; use_overlay=&#8220;on&#8220; overlay_icon_color=&#8220;#000000&#8243; hover_overlay_color=&#8220;rgba(0,0,0,0.2)&#8220; _builder_version=&#8220;4.17.4&#8243; border_radii=&#8220;on|8px|8px|8px|8px&#8220; box_shadow_style=&#8220;preset3&#8243; box_shadow_vertical=&#8220;16px&#8220; box_shadow_blur=&#8220;96px&#8220; box_shadow_spread=&#8220;-24px&#8220; global_colors_info=&#8220;{}&#8220; theme_builder_area=&#8220;post_content&#8220;][\/et_pb_image][\/et_pb_column][et_pb_column type=&#8220;1_4&#8243; _builder_version=&#8220;4.16&#8243; _module_preset=&#8220;default&#8220; global_colors_info=&#8220;{}&#8220; theme_builder_area=&#8220;post_content&#8220;][et_pb_image src=&#8220;https:\/\/msphotographics.de\/wp-content\/uploads\/2022\/06\/IMG_9624.jpg&#8220; title_text=&#8220;IMG_9624&#8243; show_in_lightbox=&#8220;on&#8220; use_overlay=&#8220;on&#8220; overlay_icon_color=&#8220;#000000&#8243; hover_overlay_color=&#8220;rgba(0,0,0,0.2)&#8220; _builder_version=&#8220;4.17.4&#8243; border_radii=&#8220;on|8px|8px|8px|8px&#8220; box_shadow_style=&#8220;preset3&#8243; box_shadow_vertical=&#8220;16px&#8220; box_shadow_blur=&#8220;96px&#8220; box_shadow_spread=&#8220;-24px&#8220; global_colors_info=&#8220;{}&#8220; theme_builder_area=&#8220;post_content&#8220;][\/et_pb_image][\/et_pb_column][et_pb_column type=&#8220;1_4&#8243; _builder_version=&#8220;4.16&#8243; _module_preset=&#8220;default&#8220; global_colors_info=&#8220;{}&#8220; theme_builder_area=&#8220;post_content&#8220;][et_pb_image src=&#8220;https:\/\/msphotographics.de\/wp-content\/uploads\/2022\/06\/IMG_9586.jpg&#8220; title_text=&#8220;IMG_9586&#8243; show_in_lightbox=&#8220;on&#8220; use_overlay=&#8220;on&#8220; overlay_icon_color=&#8220;#000000&#8243; hover_overlay_color=&#8220;rgba(0,0,0,0.2)&#8220; _builder_version=&#8220;4.17.4&#8243; border_radii=&#8220;on|8px|8px|8px|8px&#8220; box_shadow_style=&#8220;preset3&#8243; box_shadow_vertical=&#8220;16px&#8220; box_shadow_blur=&#8220;96px&#8220; box_shadow_spread=&#8220;-24px&#8220; global_colors_info=&#8220;{}&#8220; theme_builder_area=&#8220;post_content&#8220;][\/et_pb_image][\/et_pb_column][et_pb_column type=&#8220;1_4&#8243; _builder_version=&#8220;4.16&#8243; _module_preset=&#8220;default&#8220; global_colors_info=&#8220;{}&#8220; theme_builder_area=&#8220;post_content&#8220;][et_pb_image src=&#8220;https:\/\/msphotographics.de\/wp-content\/uploads\/2022\/06\/IMG_9619.jpg&#8220; title_text=&#8220;IMG_9619&#8243; show_in_lightbox=&#8220;on&#8220; use_overlay=&#8220;on&#8220; overlay_icon_color=&#8220;#000000&#8243; hover_overlay_color=&#8220;rgba(0,0,0,0.2)&#8220; _builder_version=&#8220;4.17.4&#8243; border_radii=&#8220;on|8px|8px|8px|8px&#8220; box_shadow_style=&#8220;preset3&#8243; box_shadow_vertical=&#8220;16px&#8220; box_shadow_blur=&#8220;96px&#8220; box_shadow_spread=&#8220;-24px&#8220; global_colors_info=&#8220;{}&#8220; theme_builder_area=&#8220;post_content&#8220;][\/et_pb_image][\/et_pb_column][\/et_pb_row][et_pb_row _builder_version=&#8220;4.16&#8243; _module_preset=&#8220;default&#8220; global_colors_info=&#8220;{}&#8220; theme_builder_area=&#8220;post_content&#8220;][et_pb_column type=&#8220;4_4&#8243; _builder_version=&#8220;4.16&#8243; _module_preset=&#8220;default&#8220; global_colors_info=&#8220;{}&#8220; theme_builder_area=&#8220;post_content&#8220;][et_pb_text _builder_version=&#8220;4.17.4&#8243; _module_preset=&#8220;default&#8220; text_font=&#8220;Roboto||||||||&#8220; text_font_size=&#8220;16px&#8220; hover_enabled=&#8220;0&#8243; global_colors_info=&#8220;{}&#8220; theme_builder_area=&#8220;post_content&#8220; sticky_enabled=&#8220;0&#8243;]<p>Die G\u00e4rten wurden, verglichen mit den Bauwerken, deutlich sp\u00e4ter gestaltet und haben sich im Laufe der Zeit mehrfach ver\u00e4ndert.<\/p>[\/et_pb_text][\/et_pb_column][\/et_pb_row][et_pb_row column_structure=&#8220;1_2,1_2&#8243; _builder_version=&#8220;4.17.4&#8243; _module_preset=&#8220;default&#8220; global_colors_info=&#8220;{}&#8220; theme_builder_area=&#8220;post_content&#8220;][et_pb_column type=&#8220;1_2&#8243; _builder_version=&#8220;4.16&#8243; _module_preset=&#8220;default&#8220; global_colors_info=&#8220;{}&#8220; theme_builder_area=&#8220;post_content&#8220;][et_pb_image src=&#8220;https:\/\/msphotographics.de\/wp-content\/uploads\/2022\/06\/IMG_9669.jpg&#8220; title_text=&#8220;IMG_9669&#8243; show_in_lightbox=&#8220;on&#8220; use_overlay=&#8220;on&#8220; overlay_icon_color=&#8220;#000000&#8243; hover_overlay_color=&#8220;rgba(0,0,0,0.2)&#8220; _builder_version=&#8220;4.17.4&#8243; border_radii=&#8220;on|8px|8px|8px|8px&#8220; box_shadow_style=&#8220;preset3&#8243; box_shadow_vertical=&#8220;16px&#8220; box_shadow_blur=&#8220;96px&#8220; box_shadow_spread=&#8220;-24px&#8220; global_colors_info=&#8220;{}&#8220; theme_builder_area=&#8220;post_content&#8220;][\/et_pb_image][\/et_pb_column][et_pb_column type=&#8220;1_2&#8243; _builder_version=&#8220;4.16&#8243; _module_preset=&#8220;default&#8220; global_colors_info=&#8220;{}&#8220; theme_builder_area=&#8220;post_content&#8220;][et_pb_image src=&#8220;https:\/\/msphotographics.de\/wp-content\/uploads\/2022\/06\/IMG_9660.jpg&#8220; title_text=&#8220;IMG_9660&#8243; show_in_lightbox=&#8220;on&#8220; use_overlay=&#8220;on&#8220; overlay_icon_color=&#8220;#000000&#8243; hover_overlay_color=&#8220;rgba(0,0,0,0.2)&#8220; _builder_version=&#8220;4.17.4&#8243; border_radii=&#8220;on|8px|8px|8px|8px&#8220; box_shadow_style=&#8220;preset3&#8243; box_shadow_vertical=&#8220;16px&#8220; box_shadow_blur=&#8220;96px&#8220; box_shadow_spread=&#8220;-24px&#8220; global_colors_info=&#8220;{}&#8220; theme_builder_area=&#8220;post_content&#8220;][\/et_pb_image][\/et_pb_column][\/et_pb_row][et_pb_row _builder_version=&#8220;4.16&#8243; _module_preset=&#8220;default&#8220; global_colors_info=&#8220;{}&#8220; theme_builder_area=&#8220;post_content&#8220;][et_pb_column type=&#8220;4_4&#8243; _builder_version=&#8220;4.16&#8243; _module_preset=&#8220;default&#8220; global_colors_info=&#8220;{}&#8220; theme_builder_area=&#8220;post_content&#8220;][et_pb_text _builder_version=&#8220;4.17.4&#8243; _module_preset=&#8220;default&#8220; text_font=&#8220;Roboto||||||||&#8220; text_font_size=&#8220;16px&#8220; global_colors_info=&#8220;{}&#8220; theme_builder_area=&#8220;post_content&#8220;]Ein Ausblick in ein Paradies aus Palmen und den lila bl\u00fchenden Jacaranda B\u00e4umen. Bei einem Spaziergang durch die Anlage f\u00fchlt man sich wie in einer anderen Zeit. \n\nVon der Hektik der Gegenwart ist hier nichts zu sp\u00fcren.[\/et_pb_text][\/et_pb_column][\/et_pb_row][et_pb_row _builder_version=&#8220;4.17.4&#8243; _module_preset=&#8220;default&#8220; global_colors_info=&#8220;{}&#8220; theme_builder_area=&#8220;post_content&#8220;][et_pb_column type=&#8220;4_4&#8243; _builder_version=&#8220;4.16&#8243; _module_preset=&#8220;default&#8220; global_colors_info=&#8220;{}&#8220; theme_builder_area=&#8220;post_content&#8220;][et_pb_image src=&#8220;https:\/\/msphotographics.de\/wp-content\/uploads\/2022\/06\/IMG_9608.jpg&#8220; title_text=&#8220;IMG_9608&#8243; show_in_lightbox=&#8220;on&#8220; use_overlay=&#8220;on&#8220; overlay_icon_color=&#8220;#000000&#8243; hover_overlay_color=&#8220;rgba(0,0,0,0.2)&#8220; _builder_version=&#8220;4.17.4&#8243; border_radii=&#8220;on|8px|8px|8px|8px&#8220; box_shadow_style=&#8220;preset3&#8243; box_shadow_vertical=&#8220;16px&#8220; box_shadow_blur=&#8220;96px&#8220; box_shadow_spread=&#8220;-24px&#8220; global_colors_info=&#8220;{}&#8220; theme_builder_area=&#8220;post_content&#8220;][\/et_pb_image][\/et_pb_column][\/et_pb_row][et_pb_row _builder_version=&#8220;4.16&#8243; _module_preset=&#8220;default&#8220; global_colors_info=&#8220;{}&#8220; theme_builder_area=&#8220;post_content&#8220;][et_pb_column type=&#8220;4_4&#8243; _builder_version=&#8220;4.16&#8243; _module_preset=&#8220;default&#8220; global_colors_info=&#8220;{}&#8220; theme_builder_area=&#8220;post_content&#8220;][et_pb_text _builder_version=&#8220;4.17.4&#8243; _module_preset=&#8220;default&#8220; text_font=&#8220;Roboto||||||||&#8220; text_font_size=&#8220;16px&#8220; global_colors_info=&#8220;{}&#8220; theme_builder_area=&#8220;post_content&#8220;]<p>Um die pr\u00e4chtige, lila Bl\u00fcte der Jacaranda B\u00e4ume zu erleben, muss man Sevilla im Mai besuchen. Sie verleihen der Altstadt und dem Alc\u00e1zar eine ganz besondere Atmosph\u00e4re.<\/p>[\/et_pb_text][\/et_pb_column][\/et_pb_row][et_pb_row _builder_version=&#8220;4.16&#8243; _module_preset=&#8220;default&#8220; global_colors_info=&#8220;{}&#8220; theme_builder_area=&#8220;post_content&#8220;][et_pb_column type=&#8220;4_4&#8243; _builder_version=&#8220;4.16&#8243; _module_preset=&#8220;default&#8220; global_colors_info=&#8220;{}&#8220; theme_builder_area=&#8220;post_content&#8220;][et_pb_text _builder_version=&#8220;4.17.4&#8243; _module_preset=&#8220;default&#8220; header_font=&#8220;Roboto|700|||||||&#8220; header_2_font=&#8220;Roboto|700|||||||&#8220; header_3_font=&#8220;Roboto|700|||||||&#8220; global_colors_info=&#8220;{}&#8220; theme_builder_area=&#8220;post_content&#8220;]<h3>Die Giralda, der Glockenturm der Kathedrale von Sevilla:<\/h3>[\/et_pb_text][dsm_embed_google_map address=&#8220;Giralda, Sevilla, Spanien&#8220; zoom=&#8220;12&#8243; _builder_version=&#8220;4.17.4&#8243; _module_preset=&#8220;default&#8220; link_option_url=&#8220;<iframe src=%22https:\/\/www.google.com\/maps\/embed?pb=!1m18!1m12!1m3!1d64509.29969582769!2d127.44873395306291!3d42.090590809438595!2m3!1f0!2f0!3f0!3m2!1i1024!2i768!4f13.1!3m3!1m2!1s0x5e349d54d30ad683%3A0xb6d718c30323a170!2sChangbai%20Mountain%20Wanda%20Holiday%20Holiday%20Hotel%20Parking%20Lot!5e1!3m2!1sde!2s!4v1632408277628!5m2!1sde!2s%22 width=%22600%22 height=%22450%22 style=%22border:0;%22 allowfullscreen=%22%22 loading=%22lazy%22><\/iframe>&#8220; border_radii=&#8220;on|8px|8px|8px|8px&#8220; box_shadow_style=&#8220;preset3&#8243; box_shadow_vertical=&#8220;16px&#8220; box_shadow_blur=&#8220;96px&#8220; box_shadow_spread=&#8220;-24px&#8220; global_colors_info=&#8220;{}&#8220; theme_builder_area=&#8220;post_content&#8220;][\/dsm_embed_google_map][\/et_pb_column][\/et_pb_row][et_pb_row column_structure=&#8220;1_2,1_2&#8243; _builder_version=&#8220;4.16&#8243; _module_preset=&#8220;default&#8220; global_colors_info=&#8220;{}&#8220; theme_builder_area=&#8220;post_content&#8220;][et_pb_column type=&#8220;1_2&#8243; _builder_version=&#8220;4.16&#8243; _module_preset=&#8220;default&#8220; global_colors_info=&#8220;{}&#8220; theme_builder_area=&#8220;post_content&#8220;][et_pb_image src=&#8220;https:\/\/msphotographics.de\/wp-content\/uploads\/2022\/06\/IMG_9701.jpg&#8220; title_text=&#8220;IMG_9701&#8243; show_in_lightbox=&#8220;on&#8220; use_overlay=&#8220;on&#8220; overlay_icon_color=&#8220;#000000&#8243; hover_overlay_color=&#8220;rgba(0,0,0,0.2)&#8220; _builder_version=&#8220;4.17.4&#8243; border_radii=&#8220;on|8px|8px|8px|8px&#8220; box_shadow_style=&#8220;preset3&#8243; box_shadow_vertical=&#8220;16px&#8220; box_shadow_blur=&#8220;96px&#8220; box_shadow_spread=&#8220;-24px&#8220; global_colors_info=&#8220;{}&#8220; theme_builder_area=&#8220;post_content&#8220;][\/et_pb_image][\/et_pb_column][et_pb_column type=&#8220;1_2&#8243; _builder_version=&#8220;4.16&#8243; _module_preset=&#8220;default&#8220; global_colors_info=&#8220;{}&#8220; theme_builder_area=&#8220;post_content&#8220;][et_pb_image src=&#8220;https:\/\/msphotographics.de\/wp-content\/uploads\/2022\/06\/IMG_9688.jpg&#8220; title_text=&#8220;IMG_9688&#8243; show_in_lightbox=&#8220;on&#8220; use_overlay=&#8220;on&#8220; overlay_icon_color=&#8220;#000000&#8243; hover_overlay_color=&#8220;rgba(0,0,0,0.2)&#8220; _builder_version=&#8220;4.17.4&#8243; border_radii=&#8220;on|8px|8px|8px|8px&#8220; box_shadow_style=&#8220;preset3&#8243; box_shadow_vertical=&#8220;16px&#8220; box_shadow_blur=&#8220;96px&#8220; box_shadow_spread=&#8220;-24px&#8220; global_colors_info=&#8220;{}&#8220; theme_builder_area=&#8220;post_content&#8220;][\/et_pb_image][et_pb_image src=&#8220;https:\/\/msphotographics.de\/wp-content\/uploads\/2022\/06\/IMG_9685.jpg&#8220; title_text=&#8220;IMG_9685&#8243; show_in_lightbox=&#8220;on&#8220; use_overlay=&#8220;on&#8220; overlay_icon_color=&#8220;#000000&#8243; hover_overlay_color=&#8220;rgba(0,0,0,0.2)&#8220; _builder_version=&#8220;4.17.4&#8243; custom_margin=&#8220;76px||||false|false&#8220; border_radii=&#8220;on|8px|8px|8px|8px&#8220; box_shadow_style=&#8220;preset3&#8243; box_shadow_vertical=&#8220;16px&#8220; box_shadow_blur=&#8220;96px&#8220; box_shadow_spread=&#8220;-24px&#8220; global_colors_info=&#8220;{}&#8220; theme_builder_area=&#8220;post_content&#8220;][\/et_pb_image][\/et_pb_column][\/et_pb_row][et_pb_row _builder_version=&#8220;4.16&#8243; _module_preset=&#8220;default&#8220; global_colors_info=&#8220;{}&#8220; theme_builder_area=&#8220;post_content&#8220;][et_pb_column type=&#8220;4_4&#8243; _builder_version=&#8220;4.16&#8243; _module_preset=&#8220;default&#8220; global_colors_info=&#8220;{}&#8220; theme_builder_area=&#8220;post_content&#8220;][et_pb_text _builder_version=&#8220;4.17.4&#8243; _module_preset=&#8220;default&#8220; text_font=&#8220;Roboto||||||||&#8220; text_font_size=&#8220;16px&#8220; custom_padding=&#8220;0px|||||&#8220; global_colors_info=&#8220;{}&#8220; theme_builder_area=&#8220;post_content&#8220;]Das ehemalige Minarett, die <a href=\"https:\/\/de.wikipedia.org\/wiki\/Giralda\">Giralda<\/a> der Hauptmoschee, was heute dem Glockenturm der Kathedrale von Sevilla entspricht ist schon von weitem durch die engen Gassen zu sehen.[\/et_pb_text][\/et_pb_column][\/et_pb_row][et_pb_row _builder_version=&#8220;4.17.4&#8243; _module_preset=&#8220;default&#8220; global_colors_info=&#8220;{}&#8220; theme_builder_area=&#8220;post_content&#8220;][et_pb_column type=&#8220;4_4&#8243; _builder_version=&#8220;4.16&#8243; _module_preset=&#8220;default&#8220; global_colors_info=&#8220;{}&#8220; theme_builder_area=&#8220;post_content&#8220;][et_pb_image src=&#8220;https:\/\/msphotographics.de\/wp-content\/uploads\/2022\/06\/IMG_9686.jpg&#8220; title_text=&#8220;IMG_9686&#8243; show_in_lightbox=&#8220;on&#8220; use_overlay=&#8220;on&#8220; overlay_icon_color=&#8220;#000000&#8243; hover_overlay_color=&#8220;rgba(0,0,0,0.2)&#8220; _builder_version=&#8220;4.17.4&#8243; border_radii=&#8220;on|8px|8px|8px|8px&#8220; box_shadow_style=&#8220;preset3&#8243; box_shadow_vertical=&#8220;16px&#8220; box_shadow_blur=&#8220;96px&#8220; box_shadow_spread=&#8220;-24px&#8220; global_colors_info=&#8220;{}&#8220; theme_builder_area=&#8220;post_content&#8220;][\/et_pb_image][\/et_pb_column][\/et_pb_row][et_pb_row _builder_version=&#8220;4.16&#8243; _module_preset=&#8220;default&#8220; global_colors_info=&#8220;{}&#8220; theme_builder_area=&#8220;post_content&#8220;][et_pb_column type=&#8220;4_4&#8243; _builder_version=&#8220;4.16&#8243; _module_preset=&#8220;default&#8220; global_colors_info=&#8220;{}&#8220; theme_builder_area=&#8220;post_content&#8220;][et_pb_text _builder_version=&#8220;4.17.4&#8243; _module_preset=&#8220;default&#8220; text_font=&#8220;Roboto||||||||&#8220; text_font_size=&#8220;16px&#8220; custom_padding=&#8220;0px|||||&#8220; global_colors_info=&#8220;{}&#8220; theme_builder_area=&#8220;post_content&#8220;]<p>Von oben hat man einen herrlichen Ausblick \u00fcber die Innenstadt.<\/p>[\/et_pb_text][\/et_pb_column][\/et_pb_row][et_pb_row _builder_version=&#8220;4.16&#8243; _module_preset=&#8220;default&#8220; global_colors_info=&#8220;{}&#8220; theme_builder_area=&#8220;post_content&#8220;][et_pb_column type=&#8220;4_4&#8243; _builder_version=&#8220;4.16&#8243; _module_preset=&#8220;default&#8220; global_colors_info=&#8220;{}&#8220; theme_builder_area=&#8220;post_content&#8220;][et_pb_text _builder_version=&#8220;4.17.4&#8243; _module_preset=&#8220;default&#8220; header_font=&#8220;Roboto|700|||||||&#8220; header_2_font=&#8220;Roboto|700|||||||&#8220; header_3_font=&#8220;Roboto|700|||||||&#8220; hover_enabled=&#8220;0&#8243; global_colors_info=&#8220;{}&#8220; theme_builder_area=&#8220;post_content&#8220; sticky_enabled=&#8220;0&#8243;]<h3>Die Plaza de Toros Sevilla:<\/h3>[\/et_pb_text][dsm_embed_google_map address=&#8220;Plaza de toros, Sevilla, Spanien&#8220; zoom=&#8220;12&#8243; _builder_version=&#8220;4.17.4&#8243; _module_preset=&#8220;default&#8220; link_option_url=&#8220;<iframe src=%22https:\/\/www.google.com\/maps\/embed?pb=!1m18!1m12!1m3!1d64509.29969582769!2d127.44873395306291!3d42.090590809438595!2m3!1f0!2f0!3f0!3m2!1i1024!2i768!4f13.1!3m3!1m2!1s0x5e349d54d30ad683%3A0xb6d718c30323a170!2sChangbai%20Mountain%20Wanda%20Holiday%20Holiday%20Hotel%20Parking%20Lot!5e1!3m2!1sde!2s!4v1632408277628!5m2!1sde!2s%22 width=%22600%22 height=%22450%22 style=%22border:0;%22 allowfullscreen=%22%22 loading=%22lazy%22><\/iframe>&#8220; border_radii=&#8220;on|8px|8px|8px|8px&#8220; box_shadow_style=&#8220;preset3&#8243; box_shadow_vertical=&#8220;16px&#8220; box_shadow_blur=&#8220;96px&#8220; box_shadow_spread=&#8220;-24px&#8220; global_colors_info=&#8220;{}&#8220; theme_builder_area=&#8220;post_content&#8220;][\/dsm_embed_google_map][\/et_pb_column][\/et_pb_row][et_pb_row _builder_version=&#8220;4.17.4&#8243; _module_preset=&#8220;default&#8220; global_colors_info=&#8220;{}&#8220; theme_builder_area=&#8220;post_content&#8220;][et_pb_column type=&#8220;4_4&#8243; _builder_version=&#8220;4.16&#8243; _module_preset=&#8220;default&#8220; global_colors_info=&#8220;{}&#8220; theme_builder_area=&#8220;post_content&#8220;][et_pb_image src=&#8220;https:\/\/msphotographics.de\/wp-content\/uploads\/2022\/06\/IMG_9720.jpg&#8220; title_text=&#8220;IMG_9720&#8243; show_in_lightbox=&#8220;on&#8220; use_overlay=&#8220;on&#8220; overlay_icon_color=&#8220;#000000&#8243; hover_overlay_color=&#8220;rgba(0,0,0,0.2)&#8220; _builder_version=&#8220;4.17.4&#8243; border_radii=&#8220;on|8px|8px|8px|8px&#8220; box_shadow_style=&#8220;preset3&#8243; box_shadow_vertical=&#8220;16px&#8220; box_shadow_blur=&#8220;96px&#8220; box_shadow_spread=&#8220;-24px&#8220; global_colors_info=&#8220;{}&#8220; theme_builder_area=&#8220;post_content&#8220;][\/et_pb_image][\/et_pb_column][\/et_pb_row][et_pb_row _builder_version=&#8220;4.16&#8243; _module_preset=&#8220;default&#8220; global_colors_info=&#8220;{}&#8220; theme_builder_area=&#8220;post_content&#8220;][et_pb_column type=&#8220;4_4&#8243; _builder_version=&#8220;4.16&#8243; _module_preset=&#8220;default&#8220; global_colors_info=&#8220;{}&#8220; theme_builder_area=&#8220;post_content&#8220;][et_pb_text _builder_version=&#8220;4.17.4&#8243; _module_preset=&#8220;default&#8220; text_font=&#8220;Roboto||||||||&#8220; text_font_size=&#8220;16px&#8220; global_colors_info=&#8220;{}&#8220; theme_builder_area=&#8220;post_content&#8220;]<p>Die <a href=\"https:\/\/sevillatipps.de\/stierkampfarena.html\">Plaza de Toros Sevilla<\/a> ist Spaniens gr\u00f6\u00dfte und bedeutendste Stierkampfarena. Sie wurde im 18. Jahrhundert erbaut und bietet 13.000 Zuschauern Platz.<\/p>[\/et_pb_text][\/et_pb_column][\/et_pb_row][et_pb_row column_structure=&#8220;1_2,1_2&#8243; _builder_version=&#8220;4.17.4&#8243; _module_preset=&#8220;default&#8220; global_colors_info=&#8220;{}&#8220; theme_builder_area=&#8220;post_content&#8220;][et_pb_column type=&#8220;1_2&#8243; _builder_version=&#8220;4.16&#8243; _module_preset=&#8220;default&#8220; global_colors_info=&#8220;{}&#8220; theme_builder_area=&#8220;post_content&#8220;][et_pb_image src=&#8220;https:\/\/msphotographics.de\/wp-content\/uploads\/2022\/06\/IMG_9754.jpg&#8220; title_text=&#8220;IMG_9754&#8243; show_in_lightbox=&#8220;on&#8220; use_overlay=&#8220;on&#8220; overlay_icon_color=&#8220;#000000&#8243; hover_overlay_color=&#8220;rgba(0,0,0,0.2)&#8220; _builder_version=&#8220;4.17.4&#8243; border_radii=&#8220;on|8px|8px|8px|8px&#8220; box_shadow_style=&#8220;preset3&#8243; box_shadow_vertical=&#8220;16px&#8220; box_shadow_blur=&#8220;96px&#8220; box_shadow_spread=&#8220;-24px&#8220; global_colors_info=&#8220;{}&#8220; theme_builder_area=&#8220;post_content&#8220;][\/et_pb_image][et_pb_image src=&#8220;https:\/\/msphotographics.de\/wp-content\/uploads\/2022\/06\/IMG_9735.jpg&#8220; title_text=&#8220;IMG_9735&#8243; show_in_lightbox=&#8220;on&#8220; use_overlay=&#8220;on&#8220; overlay_icon_color=&#8220;#000000&#8243; hover_overlay_color=&#8220;rgba(0,0,0,0.2)&#8220; _builder_version=&#8220;4.17.4&#8243; custom_margin=&#8220;76px||||false|false&#8220; border_radii=&#8220;on|8px|8px|8px|8px&#8220; box_shadow_style=&#8220;preset3&#8243; box_shadow_vertical=&#8220;16px&#8220; box_shadow_blur=&#8220;96px&#8220; box_shadow_spread=&#8220;-24px&#8220; global_colors_info=&#8220;{}&#8220; theme_builder_area=&#8220;post_content&#8220;][\/et_pb_image][\/et_pb_column][et_pb_column type=&#8220;1_2&#8243; _builder_version=&#8220;4.16&#8243; _module_preset=&#8220;default&#8220; global_colors_info=&#8220;{}&#8220; theme_builder_area=&#8220;post_content&#8220;][et_pb_image src=&#8220;https:\/\/msphotographics.de\/wp-content\/uploads\/2022\/06\/IMG_9751.jpg&#8220; title_text=&#8220;IMG_9751&#8243; show_in_lightbox=&#8220;on&#8220; use_overlay=&#8220;on&#8220; overlay_icon_color=&#8220;#000000&#8243; hover_overlay_color=&#8220;rgba(0,0,0,0.2)&#8220; _builder_version=&#8220;4.17.4&#8243; border_radii=&#8220;on|8px|8px|8px|8px&#8220; box_shadow_style=&#8220;preset3&#8243; box_shadow_vertical=&#8220;16px&#8220; box_shadow_blur=&#8220;96px&#8220; box_shadow_spread=&#8220;-24px&#8220; global_colors_info=&#8220;{}&#8220; theme_builder_area=&#8220;post_content&#8220;][\/et_pb_image][\/et_pb_column][\/et_pb_row][et_pb_row _builder_version=&#8220;4.16&#8243; _module_preset=&#8220;default&#8220; global_colors_info=&#8220;{}&#8220; theme_builder_area=&#8220;post_content&#8220;][et_pb_column type=&#8220;4_4&#8243; _builder_version=&#8220;4.16&#8243; _module_preset=&#8220;default&#8220; global_colors_info=&#8220;{}&#8220; theme_builder_area=&#8220;post_content&#8220;][et_pb_text _builder_version=&#8220;4.17.4&#8243; _module_preset=&#8220;default&#8220; text_font=&#8220;Roboto||||||||&#8220; text_font_size=&#8220;16px&#8220; global_colors_info=&#8220;{}&#8220; theme_builder_area=&#8220;post_content&#8220;]<p>In der Arena gibt es auch ein Museum mit vielen bedeutenden Fakten um die K\u00e4mpfe, die hier ausgetragen wurden, sowie allgemeine Informationen zum Thema Stierkampf.\u00a0<\/p>[\/et_pb_text][\/et_pb_column][\/et_pb_row][et_pb_row column_structure=&#8220;1_2,1_2&#8243; _builder_version=&#8220;4.17.4&#8243; _module_preset=&#8220;default&#8220; global_colors_info=&#8220;{}&#8220; theme_builder_area=&#8220;post_content&#8220;][et_pb_column type=&#8220;1_2&#8243; _builder_version=&#8220;4.16&#8243; _module_preset=&#8220;default&#8220; global_colors_info=&#8220;{}&#8220; theme_builder_area=&#8220;post_content&#8220;][et_pb_image src=&#8220;https:\/\/msphotographics.de\/wp-content\/uploads\/2022\/06\/IMG_9765.jpg&#8220; title_text=&#8220;IMG_9765&#8243; show_in_lightbox=&#8220;on&#8220; use_overlay=&#8220;on&#8220; overlay_icon_color=&#8220;#000000&#8243; hover_overlay_color=&#8220;rgba(0,0,0,0.2)&#8220; _builder_version=&#8220;4.17.4&#8243; border_radii=&#8220;on|8px|8px|8px|8px&#8220; box_shadow_style=&#8220;preset3&#8243; box_shadow_vertical=&#8220;16px&#8220; box_shadow_blur=&#8220;96px&#8220; box_shadow_spread=&#8220;-24px&#8220; global_colors_info=&#8220;{}&#8220; theme_builder_area=&#8220;post_content&#8220;][\/et_pb_image][\/et_pb_column][et_pb_column type=&#8220;1_2&#8243; _builder_version=&#8220;4.16&#8243; _module_preset=&#8220;default&#8220; global_colors_info=&#8220;{}&#8220; theme_builder_area=&#8220;post_content&#8220;][et_pb_image src=&#8220;https:\/\/msphotographics.de\/wp-content\/uploads\/2022\/06\/IMG_9767.jpg&#8220; title_text=&#8220;IMG_9767&#8243; show_in_lightbox=&#8220;on&#8220; use_overlay=&#8220;on&#8220; overlay_icon_color=&#8220;#000000&#8243; hover_overlay_color=&#8220;rgba(0,0,0,0.2)&#8220; _builder_version=&#8220;4.17.4&#8243; border_radii=&#8220;on|8px|8px|8px|8px&#8220; box_shadow_style=&#8220;preset3&#8243; box_shadow_vertical=&#8220;16px&#8220; box_shadow_blur=&#8220;96px&#8220; box_shadow_spread=&#8220;-24px&#8220; global_colors_info=&#8220;{}&#8220; theme_builder_area=&#8220;post_content&#8220;][\/et_pb_image][\/et_pb_column][\/et_pb_row][et_pb_row _builder_version=&#8220;4.16&#8243; _module_preset=&#8220;default&#8220; global_colors_info=&#8220;{}&#8220; theme_builder_area=&#8220;post_content&#8220;][et_pb_column type=&#8220;4_4&#8243; _builder_version=&#8220;4.16&#8243; _module_preset=&#8220;default&#8220; global_colors_info=&#8220;{}&#8220; theme_builder_area=&#8220;post_content&#8220;][et_pb_text _builder_version=&#8220;4.17.4&#8243; _module_preset=&#8220;default&#8220; text_font=&#8220;Roboto||||||||&#8220; text_font_size=&#8220;16px&#8220; global_colors_info=&#8220;{}&#8220; theme_builder_area=&#8220;post_content&#8220;]<p>Am <a href=\"https:\/\/de.wikipedia.org\/wiki\/Guadalquivir\">Guadalquivir<\/a>, dem f\u00fcnftl\u00e4ngsten Fluss Spaniens entlang, machen wir uns auf den Weg, die weiteren Sehensw\u00fcrdigkeiten Sevillas zu entdecken.<\/p>\n<p>Blickt man von der Stierkampfarena in n\u00f6rdlicher Richtung, so ist in der Ferne das Riesenrad des Freizeitparks &#8222;<a href=\"https:\/\/de.wikipedia.org\/wiki\/Isla_M%C3%A1gica\">Isla M\u00e1gica<\/a>&#8220; zu erkennen.<\/p>\n<p>Ebenfalls n\u00f6rdlich, am gegen\u00fcberliegenden Flussufer befindet sich Andalusiens h\u00f6chstes Geb\u00e4ude, der <a href=\"https:\/\/de.wikipedia.org\/wiki\/Torre_Sevilla\">Torre Sevilla<\/a>.<\/p>[\/et_pb_text][\/et_pb_column][\/et_pb_row][et_pb_row _builder_version=&#8220;4.16&#8243; _module_preset=&#8220;default&#8220; global_colors_info=&#8220;{}&#8220; theme_builder_area=&#8220;post_content&#8220;][et_pb_column type=&#8220;4_4&#8243; _builder_version=&#8220;4.16&#8243; _module_preset=&#8220;default&#8220; global_colors_info=&#8220;{}&#8220; theme_builder_area=&#8220;post_content&#8220;][et_pb_text _builder_version=&#8220;4.17.4&#8243; _module_preset=&#8220;default&#8220; header_font=&#8220;Roboto|700|||||||&#8220; header_2_font=&#8220;Roboto|700|||||||&#8220; header_3_font=&#8220;Roboto|700|||||||&#8220; global_colors_info=&#8220;{}&#8220; theme_builder_area=&#8220;post_content&#8220;]<h3>Der Torre del Oro:<\/h3>[\/et_pb_text][dsm_embed_google_map address=&#8220;Torre del Oro, Sevilla&#8220; zoom=&#8220;12&#8243; _builder_version=&#8220;4.17.4&#8243; _module_preset=&#8220;default&#8220; link_option_url=&#8220;<iframe src=%22https:\/\/www.google.com\/maps\/embed?pb=!1m18!1m12!1m3!1d64509.29969582769!2d127.44873395306291!3d42.090590809438595!2m3!1f0!2f0!3f0!3m2!1i1024!2i768!4f13.1!3m3!1m2!1s0x5e349d54d30ad683%3A0xb6d718c30323a170!2sChangbai%20Mountain%20Wanda%20Holiday%20Holiday%20Hotel%20Parking%20Lot!5e1!3m2!1sde!2s!4v1632408277628!5m2!1sde!2s%22 width=%22600%22 height=%22450%22 style=%22border:0;%22 allowfullscreen=%22%22 loading=%22lazy%22><\/iframe>&#8220; border_radii=&#8220;on|8px|8px|8px|8px&#8220; box_shadow_style=&#8220;preset3&#8243; box_shadow_vertical=&#8220;16px&#8220; box_shadow_blur=&#8220;96px&#8220; box_shadow_spread=&#8220;-24px&#8220; global_colors_info=&#8220;{}&#8220; theme_builder_area=&#8220;post_content&#8220;][\/dsm_embed_google_map][\/et_pb_column][\/et_pb_row][et_pb_row column_structure=&#8220;1_2,1_2&#8243; _builder_version=&#8220;4.17.4&#8243; _module_preset=&#8220;default&#8220; global_colors_info=&#8220;{}&#8220; theme_builder_area=&#8220;post_content&#8220;][et_pb_column type=&#8220;1_2&#8243; _builder_version=&#8220;4.16&#8243; _module_preset=&#8220;default&#8220; global_colors_info=&#8220;{}&#8220; theme_builder_area=&#8220;post_content&#8220;][et_pb_image src=&#8220;https:\/\/msphotographics.de\/wp-content\/uploads\/2022\/06\/IMG_9761.jpg&#8220; title_text=&#8220;IMG_9761&#8243; show_in_lightbox=&#8220;on&#8220; use_overlay=&#8220;on&#8220; overlay_icon_color=&#8220;#000000&#8243; hover_overlay_color=&#8220;rgba(0,0,0,0.2)&#8220; align=&#8220;center&#8220; _builder_version=&#8220;4.17.4&#8243; module_alignment=&#8220;left&#8220; border_radii=&#8220;on|8px|8px|8px|8px&#8220; box_shadow_style=&#8220;preset3&#8243; box_shadow_vertical=&#8220;16px&#8220; box_shadow_blur=&#8220;96px&#8220; box_shadow_spread=&#8220;-24px&#8220; global_colors_info=&#8220;{}&#8220; theme_builder_area=&#8220;post_content&#8220;][\/et_pb_image][\/et_pb_column][et_pb_column type=&#8220;1_2&#8243; _builder_version=&#8220;4.16&#8243; _module_preset=&#8220;default&#8220; global_colors_info=&#8220;{}&#8220; theme_builder_area=&#8220;post_content&#8220;][et_pb_image src=&#8220;https:\/\/msphotographics.de\/wp-content\/uploads\/2022\/06\/IMG_9793.jpg&#8220; title_text=&#8220;IMG_9793&#8243; show_in_lightbox=&#8220;on&#8220; use_overlay=&#8220;on&#8220; overlay_icon_color=&#8220;#000000&#8243; hover_overlay_color=&#8220;rgba(0,0,0,0.2)&#8220; align=&#8220;center&#8220; _builder_version=&#8220;4.17.4&#8243; module_alignment=&#8220;left&#8220; border_radii=&#8220;on|8px|8px|8px|8px&#8220; box_shadow_style=&#8220;preset3&#8243; box_shadow_vertical=&#8220;16px&#8220; box_shadow_blur=&#8220;96px&#8220; box_shadow_spread=&#8220;-24px&#8220; global_colors_info=&#8220;{}&#8220; theme_builder_area=&#8220;post_content&#8220;][\/et_pb_image][\/et_pb_column][\/et_pb_row][et_pb_row _builder_version=&#8220;4.16&#8243; _module_preset=&#8220;default&#8220; global_colors_info=&#8220;{}&#8220; theme_builder_area=&#8220;post_content&#8220;][et_pb_column type=&#8220;4_4&#8243; _builder_version=&#8220;4.16&#8243; _module_preset=&#8220;default&#8220; global_colors_info=&#8220;{}&#8220; theme_builder_area=&#8220;post_content&#8220;][et_pb_text _builder_version=&#8220;4.17.4&#8243; _module_preset=&#8220;default&#8220; text_font=&#8220;Roboto||||||||&#8220; text_font_size=&#8220;16px&#8220; global_colors_info=&#8220;{}&#8220; theme_builder_area=&#8220;post_content&#8220;]<p>Der <a href=\"https:\/\/de.wikipedia.org\/wiki\/Torre_del_Oro\">Torre del Oro<\/a>, \u00fcbersetzt Gold Turm, ist ein ehemals milit\u00e4risch genutzter Turm zur Verteidigung vor feindlichen Schiffen.<\/p>\n<p>Sp\u00e4ter wurde der um 1220 errichtete Turm als Lagerst\u00e4tte f\u00fcr Edelmetalle genutzt. Seit 1944 beherbergt der Torre del Oro ein Schiffahrtsmuseum, welches den Besuchern die spanische Seefahrergeschichte n\u00e4herbringt.<\/p>[\/et_pb_text][\/et_pb_column][\/et_pb_row][et_pb_row _builder_version=&#8220;4.17.4&#8243; _module_preset=&#8220;default&#8220; global_colors_info=&#8220;{}&#8220; theme_builder_area=&#8220;post_content&#8220;][et_pb_column type=&#8220;4_4&#8243; _builder_version=&#8220;4.16&#8243; _module_preset=&#8220;default&#8220; global_colors_info=&#8220;{}&#8220; theme_builder_area=&#8220;post_content&#8220;][et_pb_image src=&#8220;https:\/\/msphotographics.de\/wp-content\/uploads\/2022\/06\/IMG_9764.jpg&#8220; title_text=&#8220;IMG_9764&#8243; show_in_lightbox=&#8220;on&#8220; use_overlay=&#8220;on&#8220; overlay_icon_color=&#8220;#000000&#8243; hover_overlay_color=&#8220;rgba(0,0,0,0.2)&#8220; align=&#8220;center&#8220; _builder_version=&#8220;4.17.4&#8243; module_alignment=&#8220;left&#8220; border_radii=&#8220;on|8px|8px|8px|8px&#8220; box_shadow_style=&#8220;preset3&#8243; box_shadow_vertical=&#8220;16px&#8220; box_shadow_blur=&#8220;96px&#8220; box_shadow_spread=&#8220;-24px&#8220; global_colors_info=&#8220;{}&#8220; theme_builder_area=&#8220;post_content&#8220;][\/et_pb_image][\/et_pb_column][\/et_pb_row][et_pb_row _builder_version=&#8220;4.16&#8243; _module_preset=&#8220;default&#8220; global_colors_info=&#8220;{}&#8220; theme_builder_area=&#8220;post_content&#8220;][et_pb_column type=&#8220;4_4&#8243; _builder_version=&#8220;4.16&#8243; _module_preset=&#8220;default&#8220; global_colors_info=&#8220;{}&#8220; theme_builder_area=&#8220;post_content&#8220;][et_pb_text _builder_version=&#8220;4.17.4&#8243; _module_preset=&#8220;default&#8220; text_font=&#8220;Roboto||||||||&#8220; text_font_size=&#8220;16px&#8220; global_colors_info=&#8220;{}&#8220; theme_builder_area=&#8220;post_content&#8220;]Der Torre del Oro von der Uferpromenade aus gesehen mit dem Torre Sevilla im Hintergrund.[\/et_pb_text][\/et_pb_column][\/et_pb_row][et_pb_row _builder_version=&#8220;4.16&#8243; _module_preset=&#8220;default&#8220; global_colors_info=&#8220;{}&#8220; theme_builder_area=&#8220;post_content&#8220;][et_pb_column type=&#8220;4_4&#8243; _builder_version=&#8220;4.16&#8243; _module_preset=&#8220;default&#8220; global_colors_info=&#8220;{}&#8220; theme_builder_area=&#8220;post_content&#8220;][et_pb_text _builder_version=&#8220;4.17.4&#8243; _module_preset=&#8220;default&#8220; header_font=&#8220;Roboto|700|||||||&#8220; header_2_font=&#8220;Roboto|700|||||||&#8220; header_3_font=&#8220;Roboto|700|||||||&#8220; global_colors_info=&#8220;{}&#8220; theme_builder_area=&#8220;post_content&#8220;]<h3>Die Setas de Sevilla:<\/h3>[\/et_pb_text][dsm_embed_google_map address=&#8220;Parasol, Sevilla&#8220; zoom=&#8220;12&#8243; _builder_version=&#8220;4.17.4&#8243; _module_preset=&#8220;default&#8220; link_option_url=&#8220;<iframe src=%22https:\/\/www.google.com\/maps\/embed?pb=!1m18!1m12!1m3!1d64509.29969582769!2d127.44873395306291!3d42.090590809438595!2m3!1f0!2f0!3f0!3m2!1i1024!2i768!4f13.1!3m3!1m2!1s0x5e349d54d30ad683%3A0xb6d718c30323a170!2sChangbai%20Mountain%20Wanda%20Holiday%20Holiday%20Hotel%20Parking%20Lot!5e1!3m2!1sde!2s!4v1632408277628!5m2!1sde!2s%22 width=%22600%22 height=%22450%22 style=%22border:0;%22 allowfullscreen=%22%22 loading=%22lazy%22><\/iframe>&#8220; border_radii=&#8220;on|8px|8px|8px|8px&#8220; box_shadow_style=&#8220;preset3&#8243; box_shadow_vertical=&#8220;16px&#8220; box_shadow_blur=&#8220;96px&#8220; box_shadow_spread=&#8220;-24px&#8220; global_colors_info=&#8220;{}&#8220; theme_builder_area=&#8220;post_content&#8220;][\/dsm_embed_google_map][\/et_pb_column][\/et_pb_row][et_pb_row _builder_version=&#8220;4.17.4&#8243; _module_preset=&#8220;default&#8220; global_colors_info=&#8220;{}&#8220; theme_builder_area=&#8220;post_content&#8220;][et_pb_column type=&#8220;4_4&#8243; _builder_version=&#8220;4.16&#8243; _module_preset=&#8220;default&#8220; global_colors_info=&#8220;{}&#8220; theme_builder_area=&#8220;post_content&#8220;][et_pb_image src=&#8220;https:\/\/msphotographics.de\/wp-content\/uploads\/2022\/06\/IMG_9854.jpg&#8220; title_text=&#8220;IMG_9854&#8243; show_in_lightbox=&#8220;on&#8220; use_overlay=&#8220;on&#8220; overlay_icon_color=&#8220;#000000&#8243; hover_overlay_color=&#8220;rgba(0,0,0,0.2)&#8220; align=&#8220;center&#8220; _builder_version=&#8220;4.17.4&#8243; module_alignment=&#8220;left&#8220; border_radii=&#8220;on|8px|8px|8px|8px&#8220; box_shadow_style=&#8220;preset3&#8243; box_shadow_vertical=&#8220;16px&#8220; box_shadow_blur=&#8220;96px&#8220; box_shadow_spread=&#8220;-24px&#8220; global_colors_info=&#8220;{}&#8220; theme_builder_area=&#8220;post_content&#8220;][\/et_pb_image][\/et_pb_column][\/et_pb_row][et_pb_row _builder_version=&#8220;4.16&#8243; _module_preset=&#8220;default&#8220; global_colors_info=&#8220;{}&#8220; theme_builder_area=&#8220;post_content&#8220;][et_pb_column type=&#8220;4_4&#8243; _builder_version=&#8220;4.16&#8243; _module_preset=&#8220;default&#8220; global_colors_info=&#8220;{}&#8220; theme_builder_area=&#8220;post_content&#8220;][et_pb_text _builder_version=&#8220;4.17.4&#8243; _module_preset=&#8220;default&#8220; text_font=&#8220;Roboto||||||||&#8220; text_font_size=&#8220;16px&#8220; global_colors_info=&#8220;{}&#8220; theme_builder_area=&#8220;post_content&#8220;]<p>Die <a href=\"https:\/\/de.wikipedia.org\/wiki\/Metropol_Parasol\">Setas de Sevilla<\/a> ist eine, Pilzen nachempfundene Hybrid-Konstruktion aus Holz, Metall und Beton. Das Bauwerk spendet Schatten und bietet auf dem Dach einen Panoramaweg.<\/p>[\/et_pb_text][\/et_pb_column][\/et_pb_row][et_pb_row column_structure=&#8220;1_2,1_2&#8243; _builder_version=&#8220;4.17.4&#8243; _module_preset=&#8220;default&#8220; global_colors_info=&#8220;{}&#8220; theme_builder_area=&#8220;post_content&#8220;][et_pb_column type=&#8220;1_2&#8243; _builder_version=&#8220;4.16&#8243; _module_preset=&#8220;default&#8220; global_colors_info=&#8220;{}&#8220; theme_builder_area=&#8220;post_content&#8220;][et_pb_image src=&#8220;https:\/\/msphotographics.de\/wp-content\/uploads\/2022\/06\/IMG_9888.jpg&#8220; title_text=&#8220;IMG_9888&#8243; show_in_lightbox=&#8220;on&#8220; use_overlay=&#8220;on&#8220; overlay_icon_color=&#8220;#000000&#8243; hover_overlay_color=&#8220;rgba(0,0,0,0.2)&#8220; align=&#8220;center&#8220; _builder_version=&#8220;4.17.4&#8243; module_alignment=&#8220;left&#8220; border_radii=&#8220;on|8px|8px|8px|8px&#8220; box_shadow_style=&#8220;preset3&#8243; box_shadow_vertical=&#8220;16px&#8220; box_shadow_blur=&#8220;96px&#8220; box_shadow_spread=&#8220;-24px&#8220; global_colors_info=&#8220;{}&#8220; theme_builder_area=&#8220;post_content&#8220;][\/et_pb_image][\/et_pb_column][et_pb_column type=&#8220;1_2&#8243; _builder_version=&#8220;4.16&#8243; _module_preset=&#8220;default&#8220; global_colors_info=&#8220;{}&#8220; theme_builder_area=&#8220;post_content&#8220;][et_pb_image src=&#8220;https:\/\/msphotographics.de\/wp-content\/uploads\/2022\/06\/IMG_9877.jpg&#8220; title_text=&#8220;IMG_9877&#8243; show_in_lightbox=&#8220;on&#8220; use_overlay=&#8220;on&#8220; overlay_icon_color=&#8220;#000000&#8243; hover_overlay_color=&#8220;rgba(0,0,0,0.2)&#8220; align=&#8220;center&#8220; _builder_version=&#8220;4.17.4&#8243; module_alignment=&#8220;left&#8220; border_radii=&#8220;on|8px|8px|8px|8px&#8220; box_shadow_style=&#8220;preset3&#8243; box_shadow_vertical=&#8220;16px&#8220; box_shadow_blur=&#8220;96px&#8220; box_shadow_spread=&#8220;-24px&#8220; global_colors_info=&#8220;{}&#8220; theme_builder_area=&#8220;post_content&#8220;][\/et_pb_image][\/et_pb_column][\/et_pb_row][et_pb_row _builder_version=&#8220;4.16&#8243; _module_preset=&#8220;default&#8220; global_colors_info=&#8220;{}&#8220; theme_builder_area=&#8220;post_content&#8220;][et_pb_column type=&#8220;4_4&#8243; _builder_version=&#8220;4.16&#8243; _module_preset=&#8220;default&#8220; global_colors_info=&#8220;{}&#8220; theme_builder_area=&#8220;post_content&#8220;][et_pb_text _builder_version=&#8220;4.17.4&#8243; _module_preset=&#8220;default&#8220; text_font=&#8220;Roboto||||||||&#8220; text_font_size=&#8220;16px&#8220; global_colors_info=&#8220;{}&#8220; theme_builder_area=&#8220;post_content&#8220;]<p>Vom Dach der Setas de Sevilla hat man in alle Richtungen einen guten Blick \u00fcber die Stadt.<\/p>[\/et_pb_text][\/et_pb_column][\/et_pb_row][et_pb_row column_structure=&#8220;1_2,1_2&#8243; _builder_version=&#8220;4.17.4&#8243; _module_preset=&#8220;default&#8220; global_colors_info=&#8220;{}&#8220; theme_builder_area=&#8220;post_content&#8220;][et_pb_column type=&#8220;1_2&#8243; _builder_version=&#8220;4.16&#8243; _module_preset=&#8220;default&#8220; global_colors_info=&#8220;{}&#8220; theme_builder_area=&#8220;post_content&#8220;][et_pb_image src=&#8220;https:\/\/msphotographics.de\/wp-content\/uploads\/2022\/06\/IMG_9901.jpg&#8220; title_text=&#8220;IMG_9901&#8243; show_in_lightbox=&#8220;on&#8220; use_overlay=&#8220;on&#8220; overlay_icon_color=&#8220;#000000&#8243; hover_overlay_color=&#8220;rgba(0,0,0,0.2)&#8220; align=&#8220;center&#8220; _builder_version=&#8220;4.17.4&#8243; module_alignment=&#8220;left&#8220; border_radii=&#8220;on|8px|8px|8px|8px&#8220; box_shadow_style=&#8220;preset3&#8243; box_shadow_vertical=&#8220;16px&#8220; box_shadow_blur=&#8220;96px&#8220; box_shadow_spread=&#8220;-24px&#8220; global_colors_info=&#8220;{}&#8220; theme_builder_area=&#8220;post_content&#8220;][\/et_pb_image][\/et_pb_column][et_pb_column type=&#8220;1_2&#8243; _builder_version=&#8220;4.16&#8243; _module_preset=&#8220;default&#8220; global_colors_info=&#8220;{}&#8220; theme_builder_area=&#8220;post_content&#8220;][et_pb_image src=&#8220;https:\/\/msphotographics.de\/wp-content\/uploads\/2022\/06\/IMG_9899.jpg&#8220; title_text=&#8220;IMG_9899&#8243; show_in_lightbox=&#8220;on&#8220; use_overlay=&#8220;on&#8220; overlay_icon_color=&#8220;#000000&#8243; hover_overlay_color=&#8220;rgba(0,0,0,0.2)&#8220; align=&#8220;center&#8220; _builder_version=&#8220;4.17.4&#8243; module_alignment=&#8220;left&#8220; border_radii=&#8220;on|8px|8px|8px|8px&#8220; box_shadow_style=&#8220;preset3&#8243; box_shadow_vertical=&#8220;16px&#8220; box_shadow_blur=&#8220;96px&#8220; box_shadow_spread=&#8220;-24px&#8220; global_colors_info=&#8220;{}&#8220; theme_builder_area=&#8220;post_content&#8220;][\/et_pb_image][\/et_pb_column][\/et_pb_row][et_pb_row _builder_version=&#8220;4.16&#8243; _module_preset=&#8220;default&#8220; global_colors_info=&#8220;{}&#8220; theme_builder_area=&#8220;post_content&#8220;][et_pb_column type=&#8220;4_4&#8243; _builder_version=&#8220;4.16&#8243; _module_preset=&#8220;default&#8220; global_colors_info=&#8220;{}&#8220; theme_builder_area=&#8220;post_content&#8220;][et_pb_text _builder_version=&#8220;4.17.4&#8243; _module_preset=&#8220;default&#8220; text_font=&#8220;Roboto||||||||&#8220; text_font_size=&#8220;16px&#8220; global_colors_info=&#8220;{}&#8220; theme_builder_area=&#8220;post_content&#8220;]<p>Auch in Sevilla ist der Kontrast zwischen historischen Geb\u00e4uden und einem modernen Erscheinungsbild der Stadt allgegenw\u00e4rtig. Faszinierend sind die Stra\u00dfenbahnen, die ohne Oberleitung betrieben werden und lediglich an den Haltestellen ihre Stromversorgung haben.<\/p>[\/et_pb_text][\/et_pb_column][\/et_pb_row][et_pb_row _builder_version=&#8220;4.17.4&#8243; _module_preset=&#8220;default&#8220; global_colors_info=&#8220;{}&#8220; theme_builder_area=&#8220;post_content&#8220;][et_pb_column type=&#8220;4_4&#8243; _builder_version=&#8220;4.16&#8243; _module_preset=&#8220;default&#8220; global_colors_info=&#8220;{}&#8220; theme_builder_area=&#8220;post_content&#8220;][et_pb_image src=&#8220;https:\/\/msphotographics.de\/wp-content\/uploads\/2022\/06\/IMG_9902.jpg&#8220; title_text=&#8220;IMG_9902&#8243; show_in_lightbox=&#8220;on&#8220; use_overlay=&#8220;on&#8220; overlay_icon_color=&#8220;#000000&#8243; hover_overlay_color=&#8220;rgba(0,0,0,0.2)&#8220; align=&#8220;center&#8220; _builder_version=&#8220;4.17.4&#8243; module_alignment=&#8220;left&#8220; border_radii=&#8220;on|8px|8px|8px|8px&#8220; box_shadow_style=&#8220;preset3&#8243; box_shadow_vertical=&#8220;16px&#8220; box_shadow_blur=&#8220;96px&#8220; box_shadow_spread=&#8220;-24px&#8220; global_colors_info=&#8220;{}&#8220; theme_builder_area=&#8220;post_content&#8220;][\/et_pb_image][\/et_pb_column][\/et_pb_row][et_pb_row _builder_version=&#8220;4.16&#8243; _module_preset=&#8220;default&#8220; global_colors_info=&#8220;{}&#8220; theme_builder_area=&#8220;post_content&#8220;][et_pb_column type=&#8220;4_4&#8243; _builder_version=&#8220;4.16&#8243; _module_preset=&#8220;default&#8220; global_colors_info=&#8220;{}&#8220; theme_builder_area=&#8220;post_content&#8220;][et_pb_text _builder_version=&#8220;4.17.4&#8243; _module_preset=&#8220;default&#8220; text_font=&#8220;Roboto||||||||&#8220; text_font_size=&#8220;16px&#8220; global_colors_info=&#8220;{}&#8220; theme_builder_area=&#8220;post_content&#8220;]Wer es speziell mag, sollte sich f\u00fcr den Aufenthalt in Sevilla ein Zimmer im <a href=\"https:\/\/www.booking.com\/hotel\/es\/starwoodalfonso.html?auth_success=1&amp;aid=1636199\">Hotel Alfonso XIII<\/a> reservieren. Es z\u00e4hlt zu den renommiertesten Unterk\u00fcnften Spaniens und befindet sich direkt neben dem K\u00f6nigspalast Alk\u00e1zar.[\/et_pb_text][\/et_pb_column][\/et_pb_row][et_pb_row _builder_version=&#8220;4.16&#8243; _module_preset=&#8220;default&#8220; global_colors_info=&#8220;{}&#8220; theme_builder_area=&#8220;post_content&#8220;][et_pb_column type=&#8220;4_4&#8243; _builder_version=&#8220;4.16&#8243; _module_preset=&#8220;default&#8220; global_colors_info=&#8220;{}&#8220; theme_builder_area=&#8220;post_content&#8220;][et_pb_text _builder_version=&#8220;4.17.4&#8243; _module_preset=&#8220;default&#8220; header_font=&#8220;Roboto|700|||||||&#8220; header_2_font=&#8220;Roboto|700|||||||&#8220; header_3_font=&#8220;Roboto|700|||||||&#8220; hover_enabled=&#8220;0&#8243; global_colors_info=&#8220;{}&#8220; theme_builder_area=&#8220;post_content&#8220; sticky_enabled=&#8220;0&#8243;]<h3>Die Plaza de Espa\u00f1a:<\/h3>[\/et_pb_text][dsm_embed_google_map address=&#8220;Plaza de Espana, Sevilla, Spanien&#8220; zoom=&#8220;12&#8243; _builder_version=&#8220;4.17.4&#8243; _module_preset=&#8220;default&#8220; link_option_url=&#8220;<iframe src=%22https:\/\/www.google.com\/maps\/embed?pb=!1m18!1m12!1m3!1d64509.29969582769!2d127.44873395306291!3d42.090590809438595!2m3!1f0!2f0!3f0!3m2!1i1024!2i768!4f13.1!3m3!1m2!1s0x5e349d54d30ad683%3A0xb6d718c30323a170!2sChangbai%20Mountain%20Wanda%20Holiday%20Holiday%20Hotel%20Parking%20Lot!5e1!3m2!1sde!2s!4v1632408277628!5m2!1sde!2s%22 width=%22600%22 height=%22450%22 style=%22border:0;%22 allowfullscreen=%22%22 loading=%22lazy%22><\/iframe>&#8220; border_radii=&#8220;on|8px|8px|8px|8px&#8220; box_shadow_style=&#8220;preset3&#8243; box_shadow_vertical=&#8220;16px&#8220; box_shadow_blur=&#8220;96px&#8220; box_shadow_spread=&#8220;-24px&#8220; global_colors_info=&#8220;{}&#8220; theme_builder_area=&#8220;post_content&#8220;][\/dsm_embed_google_map][\/et_pb_column][\/et_pb_row][et_pb_row _builder_version=&#8220;4.16&#8243; _module_preset=&#8220;default&#8220; global_colors_info=&#8220;{}&#8220; theme_builder_area=&#8220;post_content&#8220;][et_pb_column type=&#8220;4_4&#8243; _builder_version=&#8220;4.16&#8243; _module_preset=&#8220;default&#8220; global_colors_info=&#8220;{}&#8220; theme_builder_area=&#8220;post_content&#8220;][et_pb_text _builder_version=&#8220;4.17.4&#8243; _module_preset=&#8220;default&#8220; text_font=&#8220;Roboto||||||||&#8220; text_font_size=&#8220;16px&#8220; global_colors_info=&#8220;{}&#8220; theme_builder_area=&#8220;post_content&#8220;]<p>Die <a href=\"https:\/\/de.wikipedia.org\/wiki\/Plaza_de_Espa%C3%B1a_(Sevilla)\">Plaza de Espa\u00f1a<\/a> ist der bekannteste und auch ber\u00fchmteste Platz in Sevilla. Er wurde 1929 im Rahmen einer Ausstellung erbaut und diente seitdem mehreren Filmen als Drehort.<\/p>\n<p>Mit einer Fl\u00e4che von 50.000 Quadratmetern geh\u00f6rt er zu den gr\u00f6\u00dften und beeindruckendsten Pl\u00e4tzen Spaniens.<\/p>[\/et_pb_text][\/et_pb_column][\/et_pb_row][et_pb_row column_structure=&#8220;1_3,1_3,1_3&#8243; _builder_version=&#8220;4.17.4&#8243; _module_preset=&#8220;default&#8220; global_colors_info=&#8220;{}&#8220; theme_builder_area=&#8220;post_content&#8220;][et_pb_column type=&#8220;1_3&#8243; _builder_version=&#8220;4.16&#8243; _module_preset=&#8220;default&#8220; global_colors_info=&#8220;{}&#8220; theme_builder_area=&#8220;post_content&#8220;][et_pb_image src=&#8220;https:\/\/msphotographics.de\/wp-content\/uploads\/2022\/06\/IMG_9953.jpg&#8220; title_text=&#8220;IMG_9953&#8243; show_in_lightbox=&#8220;on&#8220; use_overlay=&#8220;on&#8220; overlay_icon_color=&#8220;#000000&#8243; hover_overlay_color=&#8220;rgba(0,0,0,0.2)&#8220; align=&#8220;center&#8220; _builder_version=&#8220;4.17.4&#8243; module_alignment=&#8220;left&#8220; border_radii=&#8220;on|8px|8px|8px|8px&#8220; box_shadow_style=&#8220;preset3&#8243; box_shadow_vertical=&#8220;16px&#8220; box_shadow_blur=&#8220;96px&#8220; box_shadow_spread=&#8220;-24px&#8220; global_colors_info=&#8220;{}&#8220; theme_builder_area=&#8220;post_content&#8220;][\/et_pb_image][\/et_pb_column][et_pb_column type=&#8220;1_3&#8243; _builder_version=&#8220;4.16&#8243; _module_preset=&#8220;default&#8220; global_colors_info=&#8220;{}&#8220; theme_builder_area=&#8220;post_content&#8220;][et_pb_image src=&#8220;https:\/\/msphotographics.de\/wp-content\/uploads\/2022\/06\/IMG_9968.jpg&#8220; title_text=&#8220;IMG_9968&#8243; show_in_lightbox=&#8220;on&#8220; use_overlay=&#8220;on&#8220; overlay_icon_color=&#8220;#000000&#8243; hover_overlay_color=&#8220;rgba(0,0,0,0.2)&#8220; align=&#8220;center&#8220; _builder_version=&#8220;4.17.4&#8243; module_alignment=&#8220;left&#8220; border_radii=&#8220;on|8px|8px|8px|8px&#8220; box_shadow_style=&#8220;preset3&#8243; box_shadow_vertical=&#8220;16px&#8220; box_shadow_blur=&#8220;96px&#8220; box_shadow_spread=&#8220;-24px&#8220; global_colors_info=&#8220;{}&#8220; theme_builder_area=&#8220;post_content&#8220;][\/et_pb_image][et_pb_image src=&#8220;https:\/\/msphotographics.de\/wp-content\/uploads\/2022\/06\/IMG_9966.jpg&#8220; title_text=&#8220;IMG_9966&#8243; show_in_lightbox=&#8220;on&#8220; use_overlay=&#8220;on&#8220; overlay_icon_color=&#8220;#000000&#8243; hover_overlay_color=&#8220;rgba(0,0,0,0.2)&#8220; align=&#8220;center&#8220; _builder_version=&#8220;4.17.4&#8243; module_alignment=&#8220;left&#8220; custom_padding=&#8220;23px||||false|false&#8220; border_radii=&#8220;on|8px|8px|8px|8px&#8220; box_shadow_style=&#8220;preset3&#8243; box_shadow_vertical=&#8220;16px&#8220; box_shadow_blur=&#8220;96px&#8220; box_shadow_spread=&#8220;-24px&#8220; global_colors_info=&#8220;{}&#8220; theme_builder_area=&#8220;post_content&#8220;][\/et_pb_image][\/et_pb_column][et_pb_column type=&#8220;1_3&#8243; _builder_version=&#8220;4.16&#8243; _module_preset=&#8220;default&#8220; global_colors_info=&#8220;{}&#8220; theme_builder_area=&#8220;post_content&#8220;][et_pb_image src=&#8220;https:\/\/msphotographics.de\/wp-content\/uploads\/2022\/06\/IMG_9965.jpg&#8220; title_text=&#8220;IMG_9965&#8243; show_in_lightbox=&#8220;on&#8220; use_overlay=&#8220;on&#8220; overlay_icon_color=&#8220;#000000&#8243; hover_overlay_color=&#8220;rgba(0,0,0,0.2)&#8220; align=&#8220;center&#8220; _builder_version=&#8220;4.17.4&#8243; module_alignment=&#8220;left&#8220; border_radii=&#8220;on|8px|8px|8px|8px&#8220; box_shadow_style=&#8220;preset3&#8243; box_shadow_vertical=&#8220;16px&#8220; box_shadow_blur=&#8220;96px&#8220; box_shadow_spread=&#8220;-24px&#8220; global_colors_info=&#8220;{}&#8220; theme_builder_area=&#8220;post_content&#8220;][\/et_pb_image][\/et_pb_column][\/et_pb_row][et_pb_row _builder_version=&#8220;4.16&#8243; _module_preset=&#8220;default&#8220; global_colors_info=&#8220;{}&#8220; theme_builder_area=&#8220;post_content&#8220;][et_pb_column type=&#8220;4_4&#8243; _builder_version=&#8220;4.16&#8243; _module_preset=&#8220;default&#8220; global_colors_info=&#8220;{}&#8220; theme_builder_area=&#8220;post_content&#8220;][et_pb_text _builder_version=&#8220;4.17.4&#8243; _module_preset=&#8220;default&#8220; text_font=&#8220;Roboto||||||||&#8220; text_font_size=&#8220;16px&#8220; hover_enabled=&#8220;0&#8243; global_colors_info=&#8220;{}&#8220; theme_builder_area=&#8220;post_content&#8220; sticky_enabled=&#8220;0&#8243;]<p>Die Plaza de Espa\u00f1a kann sowohl zu Fu\u00df, als auch auf einem \u00fcber 500 Meter langen Kanal, per Ruderboot erkundet werden.<\/p>[\/et_pb_text][\/et_pb_column][\/et_pb_row][et_pb_row _builder_version=&#8220;4.17.4&#8243; _module_preset=&#8220;default&#8220; global_colors_info=&#8220;{}&#8220; theme_builder_area=&#8220;post_content&#8220;][et_pb_column type=&#8220;4_4&#8243; _builder_version=&#8220;4.16&#8243; _module_preset=&#8220;default&#8220; global_colors_info=&#8220;{}&#8220; theme_builder_area=&#8220;post_content&#8220;][et_pb_image src=&#8220;https:\/\/msphotographics.de\/wp-content\/uploads\/2022\/06\/IMG_9926.jpg&#8220; title_text=&#8220;IMG_9926&#8243; show_in_lightbox=&#8220;on&#8220; use_overlay=&#8220;on&#8220; overlay_icon_color=&#8220;#000000&#8243; hover_overlay_color=&#8220;rgba(0,0,0,0.2)&#8220; align=&#8220;center&#8220; _builder_version=&#8220;4.17.4&#8243; module_alignment=&#8220;left&#8220; border_radii=&#8220;on|8px|8px|8px|8px&#8220; box_shadow_style=&#8220;preset3&#8243; box_shadow_vertical=&#8220;16px&#8220; box_shadow_blur=&#8220;96px&#8220; box_shadow_spread=&#8220;-24px&#8220; global_colors_info=&#8220;{}&#8220; theme_builder_area=&#8220;post_content&#8220;][\/et_pb_image][\/et_pb_column][\/et_pb_row][et_pb_row _builder_version=&#8220;4.16&#8243; _module_preset=&#8220;default&#8220; global_colors_info=&#8220;{}&#8220; theme_builder_area=&#8220;post_content&#8220;][et_pb_column type=&#8220;4_4&#8243; _builder_version=&#8220;4.16&#8243; _module_preset=&#8220;default&#8220; global_colors_info=&#8220;{}&#8220; theme_builder_area=&#8220;post_content&#8220;][et_pb_text _builder_version=&#8220;4.17.4&#8243; _module_preset=&#8220;default&#8220; text_font=&#8220;Roboto||||||||&#8220; text_font_size=&#8220;16px&#8220; hover_enabled=&#8220;0&#8243; global_colors_info=&#8220;{}&#8220; theme_builder_area=&#8220;post_content&#8220; sticky_enabled=&#8220;0&#8243;]<p>Geht man vom Plaza de Espa\u00f1a zu Fu\u00df zur\u00fcck in Richtung des Alk\u00e1zar, quert man eine Allee mit bl\u00fchenden Jacaranda B\u00e4umen.<\/p>[\/et_pb_text][\/et_pb_column][\/et_pb_row][et_pb_row column_structure=&#8220;1_2,1_2&#8243; _builder_version=&#8220;4.17.4&#8243; _module_preset=&#8220;default&#8220; global_colors_info=&#8220;{}&#8220; theme_builder_area=&#8220;post_content&#8220;][et_pb_column type=&#8220;1_2&#8243; _builder_version=&#8220;4.16&#8243; _module_preset=&#8220;default&#8220; global_colors_info=&#8220;{}&#8220; theme_builder_area=&#8220;post_content&#8220;][et_pb_image src=&#8220;https:\/\/msphotographics.de\/wp-content\/uploads\/2022\/06\/IMG_9999.jpg&#8220; title_text=&#8220;IMG_9999&#8243; show_in_lightbox=&#8220;on&#8220; use_overlay=&#8220;on&#8220; overlay_icon_color=&#8220;#000000&#8243; hover_overlay_color=&#8220;rgba(0,0,0,0.2)&#8220; align=&#8220;center&#8220; _builder_version=&#8220;4.17.4&#8243; module_alignment=&#8220;left&#8220; border_radii=&#8220;on|8px|8px|8px|8px&#8220; box_shadow_style=&#8220;preset3&#8243; box_shadow_vertical=&#8220;16px&#8220; box_shadow_blur=&#8220;96px&#8220; box_shadow_spread=&#8220;-24px&#8220; global_colors_info=&#8220;{}&#8220; theme_builder_area=&#8220;post_content&#8220;][\/et_pb_image][\/et_pb_column][et_pb_column type=&#8220;1_2&#8243; _builder_version=&#8220;4.16&#8243; _module_preset=&#8220;default&#8220; global_colors_info=&#8220;{}&#8220; theme_builder_area=&#8220;post_content&#8220;][et_pb_image src=&#8220;https:\/\/msphotographics.de\/wp-content\/uploads\/2022\/06\/IMG_9985.jpg&#8220; title_text=&#8220;IMG_9985&#8243; show_in_lightbox=&#8220;on&#8220; use_overlay=&#8220;on&#8220; overlay_icon_color=&#8220;#000000&#8243; hover_overlay_color=&#8220;rgba(0,0,0,0.2)&#8220; align=&#8220;center&#8220; _builder_version=&#8220;4.17.4&#8243; module_alignment=&#8220;left&#8220; border_radii=&#8220;on|8px|8px|8px|8px&#8220; box_shadow_style=&#8220;preset3&#8243; box_shadow_vertical=&#8220;16px&#8220; box_shadow_blur=&#8220;96px&#8220; box_shadow_spread=&#8220;-24px&#8220; global_colors_info=&#8220;{}&#8220; theme_builder_area=&#8220;post_content&#8220;][\/et_pb_image][et_pb_image src=&#8220;https:\/\/msphotographics.de\/wp-content\/uploads\/2022\/06\/IMG_9993.jpg&#8220; title_text=&#8220;IMG_9993&#8243; show_in_lightbox=&#8220;on&#8220; use_overlay=&#8220;on&#8220; overlay_icon_color=&#8220;#000000&#8243; hover_overlay_color=&#8220;rgba(0,0,0,0.2)&#8220; align=&#8220;center&#8220; _builder_version=&#8220;4.17.4&#8243; module_alignment=&#8220;left&#8220; custom_margin=&#8220;76px||||false|false&#8220; border_radii=&#8220;on|8px|8px|8px|8px&#8220; box_shadow_style=&#8220;preset3&#8243; box_shadow_vertical=&#8220;16px&#8220; box_shadow_blur=&#8220;96px&#8220; box_shadow_spread=&#8220;-24px&#8220; global_colors_info=&#8220;{}&#8220; theme_builder_area=&#8220;post_content&#8220;][\/et_pb_image][\/et_pb_column][\/et_pb_row][et_pb_row _builder_version=&#8220;4.16&#8243; _module_preset=&#8220;default&#8220; global_colors_info=&#8220;{}&#8220; theme_builder_area=&#8220;post_content&#8220;][et_pb_column type=&#8220;4_4&#8243; _builder_version=&#8220;4.16&#8243; _module_preset=&#8220;default&#8220; global_colors_info=&#8220;{}&#8220; theme_builder_area=&#8220;post_content&#8220;][et_pb_text _builder_version=&#8220;4.17.4&#8243; _module_preset=&#8220;default&#8220; text_font=&#8220;Roboto||||||||&#8220; text_font_size=&#8220;16px&#8220; global_colors_info=&#8220;{}&#8220; theme_builder_area=&#8220;post_content&#8220;]<p>Hinter dem Alk\u00e1zar befinden sich die Jardines de Murillo, eine Parkanlage mit Palmen und bl\u00fchenden Str\u00e4uchern. Dieser Park ist, dank der zahlreichen B\u00e4nke und nur wenigen Besuchern der optimale Ort f\u00fcr ein bisschen Entspannung, bevor der Besuch Sevillas zu Ende geht.<\/p>[\/et_pb_text][\/et_pb_column][\/et_pb_row][et_pb_row _builder_version=&#8220;4.16&#8243; _module_preset=&#8220;default&#8220; global_colors_info=&#8220;{}&#8220; theme_builder_area=&#8220;post_content&#8220;][et_pb_column type=&#8220;4_4&#8243; _builder_version=&#8220;4.16&#8243; _module_preset=&#8220;default&#8220; global_colors_info=&#8220;{}&#8220; theme_builder_area=&#8220;post_content&#8220;][et_pb_text _builder_version=&#8220;4.16&#8243; _module_preset=&#8220;default&#8220; header_font=&#8220;Roboto|700|||||||&#8220; header_2_font=&#8220;Roboto|700|||||||&#8220; header_3_font=&#8220;Roboto|700|||||||&#8220; global_colors_info=&#8220;{}&#8220; theme_builder_area=&#8220;post_content&#8220;]<h3>Fazit:<\/h3>[\/et_pb_text][et_pb_text _builder_version=&#8220;4.17.4&#8243; _module_preset=&#8220;default&#8220; text_font=&#8220;Roboto|500|||||||&#8220; text_font_size=&#8220;16px&#8220; global_colors_info=&#8220;{}&#8220; theme_builder_area=&#8220;post_content&#8220;]<p>Sevilla ist nicht nur die Hauptstadt Andalusiens, sondern hat die gr\u00f6\u00dfte Altstadt Spaniens. Dies macht die Stadt besonders attraktiv und sehenswert.<\/p>\n<p>Zwei Tage waren bei weitem nicht genug, um alles, was Sevilla zu bieten hat auch zu entdecken, dennoch konnten wir in der Zeit die vielen Facetten der Stadt erleben und das besondere Flair Andalusiens sp\u00fcren.<\/p>\n<p>Die Sommermonate sind meist deutlich zu hei\u00df f\u00fcr eine St\u00e4dtereise. Deshalb ist ein Besuch im Fr\u00fchling oder Herbst empfehlenswert. Wer sich zudem die Bl\u00fctenpracht der Jacaranda B\u00e4ume nicht entgehen lassen m\u00f6chte, sollte Sevilla im Mai besuchen.<\/p>\n<p>Zu dieser Zeit ist die Temperatur noch ertr\u00e4glich und die B\u00e4ume bl\u00fchen in voller Pracht.<\/p>[\/et_pb_text][\/et_pb_column][\/et_pb_row][\/et_pb_section]\n\n\n<!-- AddThis Advanced Settings generic via filter on the_content --><!-- AddThis Share Buttons generic via filter on the_content -->","protected":false},"excerpt":{"rendered":"<p>St\u00e4dtereise Spanien mit der Bahn &#8211; Reiseplanung:F\u00fcr die St\u00e4dtereise mit der Bahn durch Spanien war eine Woche geplant. Die Anreise nach Barcelona, dem Ausgangspunkt der Tour, erfolgte mit dem Flugzeug, von Deutschland aus. Von Barcelona geht es, nach zweit\u00e4gigem Aufenthalt, mit der Bahn \u00fcber Granada und C\u00f3rdoba nach Sevilla. Die Spanische Bahn bietet f\u00fcr St\u00e4dtereisen [&hellip;]<\/p>\n<p><!-- AddThis Advanced Settings generic via filter on get_the_excerpt --><!-- AddThis Share Buttons generic via filter on get_the_excerpt --><\/p>\n","protected":false},"author":1,"featured_media":6676,"comment_status":"open","ping_status":"open","sticky":false,"template":"","format":"standard","meta":{"_et_pb_use_builder":"on","_et_pb_old_content":"","_et_gb_content_width":"","footnotes":""},"categories":[1,24],"tags":[138,139,140,141,130,131,133,134,135,136,137],"class_list":["post-6487","post","type-post","status-publish","format-standard","has-post-thumbnail","hentry","category-blog","category-spanien","tag-plaza-de-toros","tag-torre-del-oro","tag-setas-de-sevilla","tag-plaza-de-espana","tag-spanien","tag-sevilla","tag-bahnreisen","tag-santa-cruz","tag-historisch","tag-alcazar","tag-giralda"],"yoast_head":"<!-- This site is optimized with the Yoast SEO Premium plugin v27.3 (Yoast SEO v27.4) - https:\/\/yoast.com\/product\/yoast-seo-premium-wordpress\/ -->\n<title>Fotografie, Reisen &amp; mehr &#8902; St\u00e4dtereise Spanien mit der Bahn - Sevilla<\/title>\n<meta name=\"description\" content=\"Abewchslungsreiche und interessante St\u00e4dtereise mit der Bahn in Spanien. Von Barcelona f\u00fchrt die Reise \u00fcber Granada und C\u00f3rdoba nach Sevilla.\" \/>\n<meta name=\"robots\" content=\"index, follow, max-snippet:-1, max-image-preview:large, max-video-preview:-1\" \/>\n<link rel=\"canonical\" href=\"https:\/\/msphotographics.de\/en\/staedtereise-spanien-mit-der-bahn-sevilla\/\" \/>\n<meta property=\"og:locale\" content=\"en_US\" \/>\n<meta property=\"og:type\" content=\"article\" \/>\n<meta property=\"og:title\" content=\"St\u00e4dtereise Spanien mit der Bahn - Sevilla\" \/>\n<meta property=\"og:url\" content=\"https:\/\/msphotographics.de\/en\/staedtereise-spanien-mit-der-bahn-sevilla\/\" \/>\n<meta property=\"og:site_name\" content=\"Fotografie, Reisen &amp; mehr\" \/>\n<meta property=\"article:published_time\" content=\"2022-07-08T10:00:00+00:00\" \/>\n<meta property=\"article:modified_time\" content=\"2023-02-10T02:11:26+00:00\" \/>\n<meta property=\"og:image\" content=\"https:\/\/msphotographics.de\/wp-content\/uploads\/2022\/06\/IMG_9660.jpg\" \/>\n\t<meta property=\"og:image:width\" content=\"1920\" \/>\n\t<meta property=\"og:image:height\" content=\"1280\" \/>\n\t<meta property=\"og:image:type\" content=\"image\/jpeg\" \/>\n<meta name=\"author\" content=\"M.S.Photographics\" \/>\n<meta name=\"twitter:card\" content=\"summary_large_image\" \/>\n<meta name=\"twitter:label1\" content=\"Written by\" \/>\n\t<meta name=\"twitter:data1\" content=\"M.S.Photographics\" \/>\n\t<meta name=\"twitter:label2\" content=\"Est. reading time\" \/>\n\t<meta name=\"twitter:data2\" content=\"15 minutes\" \/>\n<script type=\"application\/ld+json\" class=\"yoast-schema-graph\">{\"@context\":\"https:\\\/\\\/schema.org\",\"@graph\":[{\"@type\":\"Article\",\"@id\":\"https:\\\/\\\/msphotographics.de\\\/staedtereise-spanien-mit-der-bahn-sevilla\\\/#article\",\"isPartOf\":{\"@id\":\"https:\\\/\\\/msphotographics.de\\\/staedtereise-spanien-mit-der-bahn-sevilla\\\/\"},\"author\":{\"name\":\"M.S.Photographics\",\"@id\":\"https:\\\/\\\/msphotographics.de\\\/de\\\/#\\\/schema\\\/person\\\/995947ba8b7b2717c6f11f1b14b45e78\"},\"headline\":\"St\u00e4dtereise Spanien mit der Bahn &#8211; Sevilla\",\"datePublished\":\"2022-07-08T10:00:00+00:00\",\"dateModified\":\"2023-02-10T02:11:26+00:00\",\"mainEntityOfPage\":{\"@id\":\"https:\\\/\\\/msphotographics.de\\\/staedtereise-spanien-mit-der-bahn-sevilla\\\/\"},\"wordCount\":7782,\"commentCount\":0,\"publisher\":{\"@id\":\"https:\\\/\\\/msphotographics.de\\\/de\\\/#\\\/schema\\\/person\\\/995947ba8b7b2717c6f11f1b14b45e78\"},\"image\":{\"@id\":\"https:\\\/\\\/msphotographics.de\\\/staedtereise-spanien-mit-der-bahn-sevilla\\\/#primaryimage\"},\"thumbnailUrl\":\"https:\\\/\\\/msphotographics.de\\\/wp-content\\\/uploads\\\/2022\\\/06\\\/IMG_9660.jpg\",\"keywords\":[\"Plaza de Toros\",\"Torre del Oro\",\"Setas de Sevilla\",\"Plaza de Espa\u00f1a\",\"Spanien\",\"Sevilla\",\"Bahnreisen\",\"Santa Cruz\",\"Historisch\",\"Alc\u00e1zar\",\"Giralda\"],\"articleSection\":[\"Blog\",\"Spanien\"],\"inLanguage\":\"en-US\",\"potentialAction\":[{\"@type\":\"CommentAction\",\"name\":\"Comment\",\"target\":[\"https:\\\/\\\/msphotographics.de\\\/staedtereise-spanien-mit-der-bahn-sevilla\\\/#respond\"]}]},{\"@type\":\"WebPage\",\"@id\":\"https:\\\/\\\/msphotographics.de\\\/staedtereise-spanien-mit-der-bahn-sevilla\\\/\",\"url\":\"https:\\\/\\\/msphotographics.de\\\/staedtereise-spanien-mit-der-bahn-sevilla\\\/\",\"name\":\"Fotografie, Reisen &amp; mehr &#8902; St\u00e4dtereise Spanien mit der Bahn - Sevilla\",\"isPartOf\":{\"@id\":\"https:\\\/\\\/msphotographics.de\\\/de\\\/#website\"},\"primaryImageOfPage\":{\"@id\":\"https:\\\/\\\/msphotographics.de\\\/staedtereise-spanien-mit-der-bahn-sevilla\\\/#primaryimage\"},\"image\":{\"@id\":\"https:\\\/\\\/msphotographics.de\\\/staedtereise-spanien-mit-der-bahn-sevilla\\\/#primaryimage\"},\"thumbnailUrl\":\"https:\\\/\\\/msphotographics.de\\\/wp-content\\\/uploads\\\/2022\\\/06\\\/IMG_9660.jpg\",\"datePublished\":\"2022-07-08T10:00:00+00:00\",\"dateModified\":\"2023-02-10T02:11:26+00:00\",\"description\":\"Abewchslungsreiche und interessante St\u00e4dtereise mit der Bahn in Spanien. Von Barcelona f\u00fchrt die Reise \u00fcber Granada und C\u00f3rdoba nach Sevilla.\",\"breadcrumb\":{\"@id\":\"https:\\\/\\\/msphotographics.de\\\/staedtereise-spanien-mit-der-bahn-sevilla\\\/#breadcrumb\"},\"inLanguage\":\"en-US\",\"potentialAction\":[{\"@type\":\"ReadAction\",\"target\":[\"https:\\\/\\\/msphotographics.de\\\/staedtereise-spanien-mit-der-bahn-sevilla\\\/\"]}]},{\"@type\":\"ImageObject\",\"inLanguage\":\"en-US\",\"@id\":\"https:\\\/\\\/msphotographics.de\\\/staedtereise-spanien-mit-der-bahn-sevilla\\\/#primaryimage\",\"url\":\"https:\\\/\\\/msphotographics.de\\\/wp-content\\\/uploads\\\/2022\\\/06\\\/IMG_9660.jpg\",\"contentUrl\":\"https:\\\/\\\/msphotographics.de\\\/wp-content\\\/uploads\\\/2022\\\/06\\\/IMG_9660.jpg\",\"width\":1920,\"height\":1280},{\"@type\":\"BreadcrumbList\",\"@id\":\"https:\\\/\\\/msphotographics.de\\\/staedtereise-spanien-mit-der-bahn-sevilla\\\/#breadcrumb\",\"itemListElement\":[{\"@type\":\"ListItem\",\"position\":1,\"name\":\"Startseite\",\"item\":\"https:\\\/\\\/msphotographics.de\\\/de\\\/\"},{\"@type\":\"ListItem\",\"position\":2,\"name\":\"St\u00e4dtereise Spanien mit der Bahn &#8211; Sevilla\"}]},{\"@type\":\"WebSite\",\"@id\":\"https:\\\/\\\/msphotographics.de\\\/de\\\/#website\",\"url\":\"https:\\\/\\\/msphotographics.de\\\/de\\\/\",\"name\":\"Fotografie, Reisen &amp; mehr\",\"description\":\"msphotographics.de \u2013 Fotografie, Reisen &amp; mehr\",\"publisher\":{\"@id\":\"https:\\\/\\\/msphotographics.de\\\/de\\\/#\\\/schema\\\/person\\\/995947ba8b7b2717c6f11f1b14b45e78\"},\"potentialAction\":[{\"@type\":\"SearchAction\",\"target\":{\"@type\":\"EntryPoint\",\"urlTemplate\":\"https:\\\/\\\/msphotographics.de\\\/de\\\/?s={search_term_string}\"},\"query-input\":{\"@type\":\"PropertyValueSpecification\",\"valueRequired\":true,\"valueName\":\"search_term_string\"}}],\"inLanguage\":\"en-US\"},{\"@type\":[\"Person\",\"Organization\"],\"@id\":\"https:\\\/\\\/msphotographics.de\\\/de\\\/#\\\/schema\\\/person\\\/995947ba8b7b2717c6f11f1b14b45e78\",\"name\":\"M.S.Photographics\",\"image\":{\"@type\":\"ImageObject\",\"inLanguage\":\"en-US\",\"@id\":\"https:\\\/\\\/secure.gravatar.com\\\/avatar\\\/3058451759438ba90a082fe154ccc9e73b6793f476dacac396b9545b99eff8a3?s=96&d=mm&r=g\",\"url\":\"https:\\\/\\\/secure.gravatar.com\\\/avatar\\\/3058451759438ba90a082fe154ccc9e73b6793f476dacac396b9545b99eff8a3?s=96&d=mm&r=g\",\"contentUrl\":\"https:\\\/\\\/secure.gravatar.com\\\/avatar\\\/3058451759438ba90a082fe154ccc9e73b6793f476dacac396b9545b99eff8a3?s=96&d=mm&r=g\",\"caption\":\"M.S.Photographics\"},\"logo\":{\"@id\":\"https:\\\/\\\/secure.gravatar.com\\\/avatar\\\/3058451759438ba90a082fe154ccc9e73b6793f476dacac396b9545b99eff8a3?s=96&d=mm&r=g\"},\"sameAs\":[\"https:\\\/\\\/msphotographics.de\",\"https:\\\/\\\/www.instagram.com\\\/m.s.photographics\\\/\",\"https:\\\/\\\/www.youtube.com\\\/channel\\\/UC3KuRDk11lqPgeInWMM1daQ\"]}]}<\/script>\n<!-- \/ Yoast SEO Premium plugin. -->","yoast_head_json":{"title":"Fotografie, Reisen &amp; mehr &#8902; St\u00e4dtereise Spanien mit der Bahn - Sevilla","description":"Abewchslungsreiche und interessante St\u00e4dtereise mit der Bahn in Spanien. Von Barcelona f\u00fchrt die Reise \u00fcber Granada und C\u00f3rdoba nach Sevilla.","robots":{"index":"index","follow":"follow","max-snippet":"max-snippet:-1","max-image-preview":"max-image-preview:large","max-video-preview":"max-video-preview:-1"},"canonical":"https:\/\/msphotographics.de\/en\/staedtereise-spanien-mit-der-bahn-sevilla\/","og_locale":"en_US","og_type":"article","og_title":"St\u00e4dtereise Spanien mit der Bahn - Sevilla","og_url":"https:\/\/msphotographics.de\/en\/staedtereise-spanien-mit-der-bahn-sevilla\/","og_site_name":"Fotografie, Reisen &amp; mehr","article_published_time":"2022-07-08T10:00:00+00:00","article_modified_time":"2023-02-10T02:11:26+00:00","og_image":[{"width":1920,"height":1280,"url":"https:\/\/msphotographics.de\/wp-content\/uploads\/2022\/06\/IMG_9660.jpg","type":"image\/jpeg"}],"author":"M.S.Photographics","twitter_card":"summary_large_image","twitter_misc":{"Written by":"M.S.Photographics","Est. reading time":"15 minutes"},"schema":{"@context":"https:\/\/schema.org","@graph":[{"@type":"Article","@id":"https:\/\/msphotographics.de\/staedtereise-spanien-mit-der-bahn-sevilla\/#article","isPartOf":{"@id":"https:\/\/msphotographics.de\/staedtereise-spanien-mit-der-bahn-sevilla\/"},"author":{"name":"M.S.Photographics","@id":"https:\/\/msphotographics.de\/de\/#\/schema\/person\/995947ba8b7b2717c6f11f1b14b45e78"},"headline":"St\u00e4dtereise Spanien mit der Bahn &#8211; Sevilla","datePublished":"2022-07-08T10:00:00+00:00","dateModified":"2023-02-10T02:11:26+00:00","mainEntityOfPage":{"@id":"https:\/\/msphotographics.de\/staedtereise-spanien-mit-der-bahn-sevilla\/"},"wordCount":7782,"commentCount":0,"publisher":{"@id":"https:\/\/msphotographics.de\/de\/#\/schema\/person\/995947ba8b7b2717c6f11f1b14b45e78"},"image":{"@id":"https:\/\/msphotographics.de\/staedtereise-spanien-mit-der-bahn-sevilla\/#primaryimage"},"thumbnailUrl":"https:\/\/msphotographics.de\/wp-content\/uploads\/2022\/06\/IMG_9660.jpg","keywords":["Plaza de Toros","Torre del Oro","Setas de Sevilla","Plaza de Espa\u00f1a","Spanien","Sevilla","Bahnreisen","Santa Cruz","Historisch","Alc\u00e1zar","Giralda"],"articleSection":["Blog","Spanien"],"inLanguage":"en-US","potentialAction":[{"@type":"CommentAction","name":"Comment","target":["https:\/\/msphotographics.de\/staedtereise-spanien-mit-der-bahn-sevilla\/#respond"]}]},{"@type":"WebPage","@id":"https:\/\/msphotographics.de\/staedtereise-spanien-mit-der-bahn-sevilla\/","url":"https:\/\/msphotographics.de\/staedtereise-spanien-mit-der-bahn-sevilla\/","name":"Fotografie, Reisen &amp; mehr &#8902; St\u00e4dtereise Spanien mit der Bahn - Sevilla","isPartOf":{"@id":"https:\/\/msphotographics.de\/de\/#website"},"primaryImageOfPage":{"@id":"https:\/\/msphotographics.de\/staedtereise-spanien-mit-der-bahn-sevilla\/#primaryimage"},"image":{"@id":"https:\/\/msphotographics.de\/staedtereise-spanien-mit-der-bahn-sevilla\/#primaryimage"},"thumbnailUrl":"https:\/\/msphotographics.de\/wp-content\/uploads\/2022\/06\/IMG_9660.jpg","datePublished":"2022-07-08T10:00:00+00:00","dateModified":"2023-02-10T02:11:26+00:00","description":"Abewchslungsreiche und interessante St\u00e4dtereise mit der Bahn in Spanien. Von Barcelona f\u00fchrt die Reise \u00fcber Granada und C\u00f3rdoba nach Sevilla.","breadcrumb":{"@id":"https:\/\/msphotographics.de\/staedtereise-spanien-mit-der-bahn-sevilla\/#breadcrumb"},"inLanguage":"en-US","potentialAction":[{"@type":"ReadAction","target":["https:\/\/msphotographics.de\/staedtereise-spanien-mit-der-bahn-sevilla\/"]}]},{"@type":"ImageObject","inLanguage":"en-US","@id":"https:\/\/msphotographics.de\/staedtereise-spanien-mit-der-bahn-sevilla\/#primaryimage","url":"https:\/\/msphotographics.de\/wp-content\/uploads\/2022\/06\/IMG_9660.jpg","contentUrl":"https:\/\/msphotographics.de\/wp-content\/uploads\/2022\/06\/IMG_9660.jpg","width":1920,"height":1280},{"@type":"BreadcrumbList","@id":"https:\/\/msphotographics.de\/staedtereise-spanien-mit-der-bahn-sevilla\/#breadcrumb","itemListElement":[{"@type":"ListItem","position":1,"name":"Startseite","item":"https:\/\/msphotographics.de\/de\/"},{"@type":"ListItem","position":2,"name":"St\u00e4dtereise Spanien mit der Bahn &#8211; Sevilla"}]},{"@type":"WebSite","@id":"https:\/\/msphotographics.de\/de\/#website","url":"https:\/\/msphotographics.de\/de\/","name":"Photography, travel &amp; more","description":"msphotographics.de \u2013 Fotografie, Reisen &amp; mehr","publisher":{"@id":"https:\/\/msphotographics.de\/de\/#\/schema\/person\/995947ba8b7b2717c6f11f1b14b45e78"},"potentialAction":[{"@type":"SearchAction","target":{"@type":"EntryPoint","urlTemplate":"https:\/\/msphotographics.de\/de\/?s={search_term_string}"},"query-input":{"@type":"PropertyValueSpecification","valueRequired":true,"valueName":"search_term_string"}}],"inLanguage":"en-US"},{"@type":["Person","Organization"],"@id":"https:\/\/msphotographics.de\/de\/#\/schema\/person\/995947ba8b7b2717c6f11f1b14b45e78","name":"M.S.Photographics","image":{"@type":"ImageObject","inLanguage":"en-US","@id":"https:\/\/secure.gravatar.com\/avatar\/3058451759438ba90a082fe154ccc9e73b6793f476dacac396b9545b99eff8a3?s=96&d=mm&r=g","url":"https:\/\/secure.gravatar.com\/avatar\/3058451759438ba90a082fe154ccc9e73b6793f476dacac396b9545b99eff8a3?s=96&d=mm&r=g","contentUrl":"https:\/\/secure.gravatar.com\/avatar\/3058451759438ba90a082fe154ccc9e73b6793f476dacac396b9545b99eff8a3?s=96&d=mm&r=g","caption":"M.S.Photographics"},"logo":{"@id":"https:\/\/secure.gravatar.com\/avatar\/3058451759438ba90a082fe154ccc9e73b6793f476dacac396b9545b99eff8a3?s=96&d=mm&r=g"},"sameAs":["https:\/\/msphotographics.de","https:\/\/www.instagram.com\/m.s.photographics\/","https:\/\/www.youtube.com\/channel\/UC3KuRDk11lqPgeInWMM1daQ"]}]}},"_links":{"self":[{"href":"https:\/\/msphotographics.de\/en\/wp-json\/wp\/v2\/posts\/6487","targetHints":{"allow":["GET"]}}],"collection":[{"href":"https:\/\/msphotographics.de\/en\/wp-json\/wp\/v2\/posts"}],"about":[{"href":"https:\/\/msphotographics.de\/en\/wp-json\/wp\/v2\/types\/post"}],"author":[{"embeddable":true,"href":"https:\/\/msphotographics.de\/en\/wp-json\/wp\/v2\/users\/1"}],"replies":[{"embeddable":true,"href":"https:\/\/msphotographics.de\/en\/wp-json\/wp\/v2\/comments?post=6487"}],"version-history":[{"count":0,"href":"https:\/\/msphotographics.de\/en\/wp-json\/wp\/v2\/posts\/6487\/revisions"}],"wp:featuredmedia":[{"embeddable":true,"href":"https:\/\/msphotographics.de\/en\/wp-json\/wp\/v2\/media\/6676"}],"wp:attachment":[{"href":"https:\/\/msphotographics.de\/en\/wp-json\/wp\/v2\/media?parent=6487"}],"wp:term":[{"taxonomy":"category","embeddable":true,"href":"https:\/\/msphotographics.de\/en\/wp-json\/wp\/v2\/categories?post=6487"},{"taxonomy":"post_tag","embeddable":true,"href":"https:\/\/msphotographics.de\/en\/wp-json\/wp\/v2\/tags?post=6487"}],"curies":[{"name":"wp","href":"https:\/\/api.w.org\/{rel}","templated":true}]}}